{"id":634630,"date":"2025-12-09T13:02:12","date_gmt":"2025-12-09T13:02:12","guid":{"rendered":"https:\/\/www.europesays.com\/de\/634630\/"},"modified":"2025-12-09T13:02:12","modified_gmt":"2025-12-09T13:02:12","slug":"neues-atelier-an-der-schleuse-kiel-holtenau","status":"publish","type":"post","link":"https:\/\/www.europesays.com\/de\/634630\/","title":{"rendered":"Neues Atelier an der Schleuse Kiel-Holtenau"},"content":{"rendered":"<ul id=\"gallery_0\">\n<li style=\"display: table-cell;width: 1030px;\"><a class=\"zoom\" title=\"Neues Atelier an der Schleuse Kiel-Holtenau\" href=\"https:\/\/www.kielerleben.de\/media\/kielerleben\/styles\/tec_frontend_fullscreen\/public\/images\/media\/editors\/2025_50\/image-28668--54722.jpg?itok=7_jCfGbK\" target=\"_blank\" rel=\"noopener\"><img decoding=\"async\" class=\"image_0 img-responsive\" itemprop=\"image\" style=\"max-width:593px; max-height:714px\" alt=\"Neues Atelier an der Schleuse Kiel-Holtenau\" src=\"https:\/\/www.europesays.com\/de\/wp-content\/uploads\/2025\/12\/image-28668--54722.jpg\"\/> (Bild: Kristin Preugschat)<\/li>\n<\/ul>\n<p>Die Kieler K\u00fcnstlerin Kristin Preugschat er\u00f6ffnet Mitte November ihr Atelier direkt an der Alten Schleuse in Kiel-Holtenau.<\/p>\n<p>Die neue kreative Adresse bietet nicht nur einen inspirierenden Blick aufs Wasser, sondern auch farbenfrohe Malerei, regelm\u00e4\u00dfige Kurse f\u00fcr Anf\u00e4nger und Fortgeschrittene \u2013 sowie einen besonderen Kunstkalender f\u00fcr 2026. Zw\u00f6lf Werke aus ihrer aktuellen Schaffensphase finden darin Platz, f\u00fcnf Euro pro verkauftem Exemplar flie\u00dfen an den Verein Die Starken L\u00f6wen, der sich f\u00fcr Kinder und Jugendliche in schwierigen Lebenssituationen einsetzt. Preugschat sagt: \u201eIch freue mich sehr \u00fcber jeden Besuch und darauf, meine Leidenschaft f\u00fcr Kunst zu teilen.\u201c Weitere Infos zu Kursen und \u00d6ffnungszeiten auf der <a href=\"https:\/\/www.ateliersolito.com\/\" target=\"_blank\" rel=\"noopener\">Website von Kristin Preugschat<\/a>!<\/p>\n","protected":false},"excerpt":{"rendered":"(Bild: Kristin Preugschat) Die Kieler K\u00fcnstlerin Kristin Preugschat er\u00f6ffnet Mitte November ihr Atelier direkt an der Alten Schleuse&hellip;\n","protected":false},"author":2,"featured_media":634631,"comment_status":"","ping_status":"","sticky":false,"template":"","format":"standard","meta":{"footnotes":""},"categories":[1852],"tags":[3364,29,548,663,3934,30,13,4949,14,15,12,1971],"class_list":{"0":"post-634630","1":"post","2":"type-post","3":"status-publish","4":"format-standard","5":"has-post-thumbnail","7":"category-kiel","8":"tag-de","9":"tag-deutschland","10":"tag-eu","11":"tag-europa","12":"tag-europe","13":"tag-germany","14":"tag-headlines","15":"tag-kiel","16":"tag-nachrichten","17":"tag-news","18":"tag-schlagzeilen","19":"tag-schleswig-holstein"},"share_on_mastodon":{"url":"https:\/\/pubeurope.com\/@de\/115689747793516209","error":""},"_links":{"self":[{"href":"https:\/\/www.europesays.com\/de\/wp-json\/wp\/v2\/posts\/634630","targetHints":{"allow":["GET"]}}],"collection":[{"href":"https:\/\/www.europesays.com\/de\/wp-json\/wp\/v2\/posts"}],"about":[{"href":"https:\/\/www.europesays.com\/de\/wp-json\/wp\/v2\/types\/post"}],"author":[{"embeddable":true,"href":"https:\/\/www.europesays.com\/de\/wp-json\/wp\/v2\/users\/2"}],"replies":[{"embeddable":true,"href":"https:\/\/www.europesays.com\/de\/wp-json\/wp\/v2\/comments?post=634630"}],"version-history":[{"count":0,"href":"https:\/\/www.europesays.com\/de\/wp-json\/wp\/v2\/posts\/634630\/revisions"}],"wp:featuredmedia":[{"embeddable":true,"href":"https:\/\/www.europesays.com\/de\/wp-json\/wp\/v2\/media\/634631"}],"wp:attachment":[{"href":"https:\/\/www.europesays.com\/de\/wp-json\/wp\/v2\/media?parent=634630"}],"wp:term":[{"taxonomy":"category","embeddable":true,"href":"https:\/\/www.europesays.com\/de\/wp-json\/wp\/v2\/categories?post=634630"},{"taxonomy":"post_tag","embeddable":true,"href":"https:\/\/www.europesays.com\/de\/wp-json\/wp\/v2\/tags?post=634630"}],"curies":[{"name":"wp","href":"https:\/\/api.w.org\/{rel}","templated":true}]}}