{"id":634921,"date":"2025-12-09T15:53:12","date_gmt":"2025-12-09T15:53:12","guid":{"rendered":"https:\/\/www.europesays.com\/de\/634921\/"},"modified":"2025-12-09T15:53:12","modified_gmt":"2025-12-09T15:53:12","slug":"frau-beim-date-getoetet-45-jaehriger-in-aachen-zu-lebenslanger-haft-verurteilt","status":"publish","type":"post","link":"https:\/\/www.europesays.com\/de\/634921\/","title":{"rendered":"Frau beim Date get\u00f6tet: 45-J\u00e4hriger in Aachen zu lebenslanger Haft verurteilt"},"content":{"rendered":"<p>      Frau beim Date get\u00f6tet: 45-J\u00e4hriger in Aachen zu lebenslanger Haft verurteilt<\/p>\n<p>            Kopiere den aktuellen Link<\/p>\n<p>          Zur Merkliste hinzuf\u00fcgen<\/p>\n<p>Wegen der T\u00f6tung einer 37-j\u00e4hrigen Frau bei einem Date und der versuchten T\u00f6tung einer Seniorin ist ein 45-j\u00e4hriger Mann in Nordrhein-Westfalen zu lebenslanger Haft verurteilt worden. Das Landgericht Aachen sprach ihn des Mordes und des versuchten Mordes in Tateinheit mit gef\u00e4hrlicher K\u00f6rperverletzung beziehungsweise mit Raub mit Todesfolge schuldig, wie eine Gerichtssprecherin am Dienstag sagte. Zudem stellte die Kammer die besondere Schwere der Schuld fest und behielt sich die Anordnung der Sicherungsverwahrung vor.<\/p>\n<p class=\"typo-body-sc-md is-initial\">Laut Anklage hatte der Mann die 37-J\u00e4hrige \u00fcber eine Dating-App kennengelernt. Im M\u00e4rz dieses Jahres kam es zu einem Treffen in der Wohnung der <a class=\"taxonomy-entity keyword\" data-target-type=\"article\" href=\"https:\/\/www.stern.de\/politik\/ausland\/themen\/frau-8715334.html\" rel=\"nofollow noopener\" target=\"_blank\">Frau<\/a> in Herzogenrath. Als diese kurzzeitig den Raum verlie\u00df, steckte der 45-J\u00e4hrige Schmuck der Frau ein.\u00a0<\/p>\n<p class=\"typo-body-sc-md\">Als sie ihn ertappte, kam es zun\u00e4chst zu einer Rangelei und die Frau fiel eine Treppe hinunter. Laut Anklage gelang es ihr noch, den Notruf zu w\u00e4hlen, woraufhin der Mann ihr mit einem Gegenstand mehrfach gegen den Kopf schlug. Sie verstarb noch vor dem Eintreffen der Rettungskr\u00e4fte, w\u00e4hrend der Mann mit dem <a class=\"taxonomy-entity keyword\" data-target-type=\"article\" href=\"https:\/\/www.stern.de\/lifestyle\/mode\/must-haves\/themen\/schmuck-6894228.html\" rel=\"nofollow noopener\" target=\"_blank\">Schmuck<\/a> floh.\u00a0<\/p>\n<p class=\"typo-body-sc-md\">Bereits im Oktober 2023 drang der 45-J\u00e4hrige laut <a class=\"taxonomy-entity organization\" data-target-type=\"article\" href=\"https:\/\/www.stern.de\/panorama\/verbrechen\/themen\/staatsanwaltschaft-4125016.html\" rel=\"nofollow noopener\" target=\"_blank\">Staatsanwaltschaft<\/a> in das Haus einer heute 95-J\u00e4hrigen in Roetgen ein, um Wertsachen zu stehlen. Als die Seniorin erwachte, schlug er ihr mehrfach mit einem Gegenstand gegen den Kopf und ergriff die Flucht. Die Frau schwebte in Lebensgefahr und \u00fcberlebte laut Anklage nur durch Zufall.\u00a0<\/p>\n<p class=\"typo-body-sc-md\">Mit dem Urteil folgte das Gericht im Wesentlichen dem Antrag der Staatsanwaltschaft. Diese hatte noch zus\u00e4tzlich die Anordnung der Sicherungsverwahrung gefordert. Die Verteidigung des Mannes beantragte Freispruch.\u00a0<\/p>\n<p>\n    AFP\n  <\/p>\n","protected":false},"excerpt":{"rendered":"Frau beim Date get\u00f6tet: 45-J\u00e4hriger in Aachen zu lebenslanger Haft verurteilt Kopiere den aktuellen Link Zur Merkliste hinzuf\u00fcgen&hellip;\n","protected":false},"author":2,"featured_media":634922,"comment_status":"","ping_status":"","sticky":false,"template":"","format":"standard","meta":{"footnotes":""},"categories":[1853],"tags":[1424,3364,29,548,663,3934,30,13,14,15,1209,12],"class_list":{"0":"post-634921","1":"post","2":"type-post","3":"status-publish","4":"format-standard","5":"has-post-thumbnail","7":"category-aachen","8":"tag-aachen","9":"tag-de","10":"tag-deutschland","11":"tag-eu","12":"tag-europa","13":"tag-europe","14":"tag-germany","15":"tag-headlines","16":"tag-nachrichten","17":"tag-news","18":"tag-nordrhein-westfalen","19":"tag-schlagzeilen"},"share_on_mastodon":{"url":"https:\/\/pubeurope.com\/@de\/115690420049828197","error":""},"_links":{"self":[{"href":"https:\/\/www.europesays.com\/de\/wp-json\/wp\/v2\/posts\/634921","targetHints":{"allow":["GET"]}}],"collection":[{"href":"https:\/\/www.europesays.com\/de\/wp-json\/wp\/v2\/posts"}],"about":[{"href":"https:\/\/www.europesays.com\/de\/wp-json\/wp\/v2\/types\/post"}],"author":[{"embeddable":true,"href":"https:\/\/www.europesays.com\/de\/wp-json\/wp\/v2\/users\/2"}],"replies":[{"embeddable":true,"href":"https:\/\/www.europesays.com\/de\/wp-json\/wp\/v2\/comments?post=634921"}],"version-history":[{"count":0,"href":"https:\/\/www.europesays.com\/de\/wp-json\/wp\/v2\/posts\/634921\/revisions"}],"wp:featuredmedia":[{"embeddable":true,"href":"https:\/\/www.europesays.com\/de\/wp-json\/wp\/v2\/media\/634922"}],"wp:attachment":[{"href":"https:\/\/www.europesays.com\/de\/wp-json\/wp\/v2\/media?parent=634921"}],"wp:term":[{"taxonomy":"category","embeddable":true,"href":"https:\/\/www.europesays.com\/de\/wp-json\/wp\/v2\/categories?post=634921"},{"taxonomy":"post_tag","embeddable":true,"href":"https:\/\/www.europesays.com\/de\/wp-json\/wp\/v2\/tags?post=634921"}],"curies":[{"name":"wp","href":"https:\/\/api.w.org\/{rel}","templated":true}]}}