{"id":634939,"date":"2025-12-09T16:03:16","date_gmt":"2025-12-09T16:03:16","guid":{"rendered":"https:\/\/www.europesays.com\/de\/634939\/"},"modified":"2025-12-09T16:03:16","modified_gmt":"2025-12-09T16:03:16","slug":"auto-brennt-besitzer-loescht-selbst-woerth","status":"publish","type":"post","link":"https:\/\/www.europesays.com\/de\/634939\/","title":{"rendered":"Auto brennt, Besitzer l\u00f6scht selbst &#8211; W\u00f6rth"},"content":{"rendered":"<p><b\/> Im W\u00f6ther Ortsbezirk <a class=\"rtr-entity\" data-rtr-entity=\"Maximiliansau\" data-rtr-id=\"8de774a49689c19fea1a090da5cfe95bbdaaa010\" data-rtr-score=\"7.100917431192661\" data-rtr-etype=\"location\" data-rtr-index=\"0\" href=\"https:\/\/www.rheinpfalz.de\/themen\/maximiliansau?utm_source=rheinpfalz.de&amp;utm_medium=tms&amp;utm_campaign=intext\" target=\"_blank\" rel=\"noopener\">Maximiliansau<\/a> hat am Montagmorgen ein Auto gebrannt. Wie die Polizei berichtet, wurde der Brand in der Pfortzer Stra\u00dfe gegen 7.15 Uhr gemeldet. Der Eigent\u00fcmer des Wagens habe diesen bereits selbst gel\u00f6scht gehabt, als die Feuerwehr eingetroffen sei, schreibt die Polizei weiter: Ein zuf\u00e4llig vorbeikommender weiterer Autofahrer habe ihm seinen Feuerl\u00f6scher gegeben. Die Feuerwehr kontrollierte nach. Warum das Auto gebrannt hat, sei derzeit noch unklar; ein technischer Defekt k\u00f6nne nicht ausgeschlossen werden. <\/p>\n","protected":false},"excerpt":{"rendered":"Im W\u00f6ther Ortsbezirk Maximiliansau hat am Montagmorgen ein Auto gebrannt. Wie die Polizei berichtet, wurde der Brand in&hellip;\n","protected":false},"author":2,"featured_media":634940,"comment_status":"","ping_status":"","sticky":false,"template":"","format":"standard","meta":{"footnotes":""},"categories":[1844],"tags":[513,1634,3364,29,985,30,8903,4060,27216,149826,121,26148],"class_list":{"0":"post-634939","1":"post","2":"type-post","3":"status-publish","4":"format-standard","5":"has-post-thumbnail","7":"category-karlsruhe","8":"tag-auto","9":"tag-baden-wuerttemberg","10":"tag-de","11":"tag-deutschland","12":"tag-feuerwehr","13":"tag-germany","14":"tag-karlsruhe","15":"tag-lokal","16":"tag-maximiliansau","17":"tag-ortsbezirk","18":"tag-polizei","19":"tag-woerth"},"share_on_mastodon":{"url":"https:\/\/pubeurope.com\/@de\/115690458481289404","error":""},"_links":{"self":[{"href":"https:\/\/www.europesays.com\/de\/wp-json\/wp\/v2\/posts\/634939","targetHints":{"allow":["GET"]}}],"collection":[{"href":"https:\/\/www.europesays.com\/de\/wp-json\/wp\/v2\/posts"}],"about":[{"href":"https:\/\/www.europesays.com\/de\/wp-json\/wp\/v2\/types\/post"}],"author":[{"embeddable":true,"href":"https:\/\/www.europesays.com\/de\/wp-json\/wp\/v2\/users\/2"}],"replies":[{"embeddable":true,"href":"https:\/\/www.europesays.com\/de\/wp-json\/wp\/v2\/comments?post=634939"}],"version-history":[{"count":0,"href":"https:\/\/www.europesays.com\/de\/wp-json\/wp\/v2\/posts\/634939\/revisions"}],"wp:featuredmedia":[{"embeddable":true,"href":"https:\/\/www.europesays.com\/de\/wp-json\/wp\/v2\/media\/634940"}],"wp:attachment":[{"href":"https:\/\/www.europesays.com\/de\/wp-json\/wp\/v2\/media?parent=634939"}],"wp:term":[{"taxonomy":"category","embeddable":true,"href":"https:\/\/www.europesays.com\/de\/wp-json\/wp\/v2\/categories?post=634939"},{"taxonomy":"post_tag","embeddable":true,"href":"https:\/\/www.europesays.com\/de\/wp-json\/wp\/v2\/tags?post=634939"}],"curies":[{"name":"wp","href":"https:\/\/api.w.org\/{rel}","templated":true}]}}