{"id":635161,"date":"2025-12-09T18:36:20","date_gmt":"2025-12-09T18:36:20","guid":{"rendered":"https:\/\/www.europesays.com\/de\/635161\/"},"modified":"2025-12-09T18:36:20","modified_gmt":"2025-12-09T18:36:20","slug":"gattin-des-ex-ob-juergen-zieger-trauer-in-esslingen-angela-zieger-im-alter-von-68-jahren-gestorben-esslingen","status":"publish","type":"post","link":"https:\/\/www.europesays.com\/de\/635161\/","title":{"rendered":"Gattin des Ex-OB J\u00fcrgen Zieger: Trauer in Esslingen \u2013 Angela Zieger im Alter von 68 Jahren gestorben &#8211; Esslingen"},"content":{"rendered":"<p>Als Wegbereiterin der Kultur wurde die Gattin des fr\u00fcheren Esslinger Oberb\u00fcrgermeisters von vielen gesch\u00e4tzt. Nach ihrem Tod hinterl\u00e4sst Angela Zieger eine gro\u00dfe L\u00fccke.<\/p>\n<p>Angela Zieger ist tot. Die Frau des fr\u00fcheren Esslinger Oberb\u00fcrgermeisters <a href=\"https:\/\/www.esslinger-zeitung.de\/thema\/J%C3%BCrgen_Zieger\" title=\"J\u00fcrgen Zieger\" class=\"art_thema\" rel=\"nofollow noopener\" target=\"_blank\">J\u00fcrgen Zieger<\/a> ist am vergangenen Donnerstag im Alter von 68 Jahren gestorben. Die Nachricht von ihrem Tod hat viele Menschen in <a href=\"https:\/\/www.esslinger-zeitung.de\/thema\/Esslingen\" title=\"Esslingen\" class=\"art_thema\" rel=\"nofollow noopener\" target=\"_blank\">Esslingen<\/a> und weit dar\u00fcber hinaus tief ber\u00fchrt. Angela Zieger hat ihren Mann mehr als vier Jahrzehnte lang auf all seinen Wegen unterst\u00fctzt und begleitet, doch sie war stets viel mehr als nur \u201edie Frau an seiner Seite\u201c. Als promovierte Kunsthistorikerin genoss sie Ansehen, gesellschafts- und kulturpolitisch hat sie sich auf vielf\u00e4ltige Weise engagiert. Unter anderem war sie Schirmherrin der Dr. Holger M\u00fcller Stiftung, Kuratorin der Zukunftsstiftung Heinz Weiler und Mitglied des Kuratoriums der B\u00fcrgerstiftung Esslinger Sozialwerk. <\/p>\n","protected":false},"excerpt":{"rendered":"Als Wegbereiterin der Kultur wurde die Gattin des fr\u00fcheren Esslinger Oberb\u00fcrgermeisters von vielen gesch\u00e4tzt. Nach ihrem Tod hinterl\u00e4sst&hellip;\n","protected":false},"author":2,"featured_media":635162,"comment_status":"","ping_status":"","sticky":false,"template":"","format":"standard","meta":{"footnotes":"","_share_on_mastodon":"0"},"categories":[1830],"tags":[149868,1634,16211,3364,29,3439,30,149869,7196,3748,5321,1441,149870],"class_list":["post-635161","post","type-post","status-publish","format-standard","has-post-thumbnail","category-stuttgart","tag-angela-zieger","tag-baden-wuerttemberg","tag-buergerstiftung","tag-de","tag-deutschland","tag-esslingen","tag-germany","tag-juergen-zieger","tag-nachruf","tag-oberbuergermeister","tag-stadt-esslingen","tag-stuttgart","tag-zukunftsstiftung-heinz-weiler"],"share_on_mastodon":{"url":"https:\/\/pubeurope.com\/@de\/115691060232417715","error":""},"_links":{"self":[{"href":"https:\/\/www.europesays.com\/de\/wp-json\/wp\/v2\/posts\/635161","targetHints":{"allow":["GET"]}}],"collection":[{"href":"https:\/\/www.europesays.com\/de\/wp-json\/wp\/v2\/posts"}],"about":[{"href":"https:\/\/www.europesays.com\/de\/wp-json\/wp\/v2\/types\/post"}],"author":[{"embeddable":true,"href":"https:\/\/www.europesays.com\/de\/wp-json\/wp\/v2\/users\/2"}],"replies":[{"embeddable":true,"href":"https:\/\/www.europesays.com\/de\/wp-json\/wp\/v2\/comments?post=635161"}],"version-history":[{"count":0,"href":"https:\/\/www.europesays.com\/de\/wp-json\/wp\/v2\/posts\/635161\/revisions"}],"wp:featuredmedia":[{"embeddable":true,"href":"https:\/\/www.europesays.com\/de\/wp-json\/wp\/v2\/media\/635162"}],"wp:attachment":[{"href":"https:\/\/www.europesays.com\/de\/wp-json\/wp\/v2\/media?parent=635161"}],"wp:term":[{"taxonomy":"category","embeddable":true,"href":"https:\/\/www.europesays.com\/de\/wp-json\/wp\/v2\/categories?post=635161"},{"taxonomy":"post_tag","embeddable":true,"href":"https:\/\/www.europesays.com\/de\/wp-json\/wp\/v2\/tags?post=635161"}],"curies":[{"name":"wp","href":"https:\/\/api.w.org\/{rel}","templated":true}]}}