{"id":635163,"date":"2025-12-09T18:37:39","date_gmt":"2025-12-09T18:37:39","guid":{"rendered":"https:\/\/www.europesays.com\/de\/635163\/"},"modified":"2025-12-09T18:37:39","modified_gmt":"2025-12-09T18:37:39","slug":"toedlicher-unfall-am-olgaeck-staatsanwaltschaft-stuttgart-g-klasse-fahrer-hatte-kokain-im-blut","status":"publish","type":"post","link":"https:\/\/www.europesays.com\/de\/635163\/","title":{"rendered":"T\u00f6dlicher Unfall am Olgaeck: Staatsanwaltschaft Stuttgart: G-Klasse-Fahrer hatte Kokain im Blut"},"content":{"rendered":"<p>\t\t\t\t\t\t\t\t\t\t\t\t\t\t\t\t\t\t\t\t\t\t\t\t\t\t\t\t      \t\t            \t\t             \t\t\t\t   \t\t\t\t\t   <img decoding=\"async\" id=\"article-image\" fetchpriority=\"high\" alt=\"T\u00f6dlicher Unfall am Olgaeck: Staatsanwaltschaft Stuttgart: G-Klasse-Fahrer hatte Kokain im Blut\" title=\"T\u00f6dlicher Unfall am Olgaeck: Staatsanwaltschaft Stuttgart: G-Klasse-Fahrer hatte Kokain im Blut\" src=\"https:\/\/www.europesays.com\/de\/wp-content\/uploads\/2025\/12\/media.media.b2214528-b992-4583-b754-20a05138932f.16x9_700.jpg\" data-linkto=\"https:\/\/www.stuttgarter-nachrichten.de\/javascript:void(0);\"\/>\t\t\t\t\t\t\t\t\t\t\t\t\t\t\t\t\t\t\t\t\t\t\t\tDer Unfall am Olgaeck im Mai hat Betroffenheit   ausgel\u00f6st. Nun stellt sich heraus: Der Unfallfahrer h\u00e4tte nicht fahren d\u00fcrfen.\u00a0Foto: SDMG\t\t\t<\/p>\n<p>Nach dem t\u00f6dlichen Unfall am Olgaeck im Mai hat die Staatsanwaltschaft Anklage gegen den Unfallfahrer erhoben. Das Ergebnis zweier Blutproben belastet den Fahrer schwer.<\/p>\n<p>Drogen im Stra\u00dfenverkehr \u2013 mit dem t\u00f6dlichen Unfall am 2. Mai im Bereich <a href=\"https:\/\/www.stuttgarter-nachrichten.de\/thema\/Olgaeck\" title=\"Olgaeck\" class=\"art_thema\" rel=\"nofollow noopener\" target=\"_blank\">Olgaeck<\/a> in der Innenstadt k\u00f6nnte dieses Thema eine besonders dramatische Dimension bekommen. Denn die Staatsanwaltschaft <a href=\"https:\/\/www.stuttgarter-nachrichten.de\/thema\/Stuttgart\" title=\"Stuttgart\" class=\"art_thema\" rel=\"nofollow noopener\" target=\"_blank\">Stuttgart<\/a> nimmt bei ihrer Anklage gegen einen heute 43-J\u00e4hrigen an, dass dieser <a href=\"https:\/\/www.stuttgarter-nachrichten.de\/inhalt.unfall-am-olgaeck-polizei-hat-neue-erkenntnisse-zum-ablauf-des-unfalls.ae2ce888-5348-4fe2-b99c-5f6f25defb73.html\" target=\"_blank\" rel=\"nofollow noopener\">zum Unfallzeitpunkt fahrunt\u00fcchtig gewesen <\/a>ist. Die Strafverfolger werfen dem Unfallfahrer fahrl\u00e4ssige T\u00f6tung in Tateinheit mit fahrl\u00e4ssiger K\u00f6rperverletzung in acht F\u00e4llen sowie fahrl\u00e4ssige Gef\u00e4hrdung des Stra\u00dfenverkehrs vor. Vorangegangen sei ein \u201eBet\u00e4ubungsmittel- und Arzneimittelkonsum\u201c, wie es in einer Mitteilung formuliert wird. Doch was hei\u00dft Bet\u00e4ubungsmittel genau?<\/p>\n<p>\u201eBei zwei Blutproben, die kurz nach der Tat entnommen wurden, sind im Blut des Angeschuldigten Cocain sowie das Kokainabbauprodukt Benzoylecgonin festgestellt worden\u201c, antwortet Staatsanwaltssprecher Patrick F\u00e4hnle auf Anfrage unserer Zeitung. Weitere Ausk\u00fcnfte hierzu k\u00f6nnten mit Blick auf eine m\u00f6gliche Hauptverhandlung beim Sch\u00f6ffengericht des Stuttgarter Amtsgerichts nicht erteilt werden.<\/p>\n<p>Damit steht der 43-j\u00e4hrige unter dem Verdacht, als Kokainkonsument den schrecklichen Unfall an der Stadtbahn-Haltestelle Olgaeck verursacht zu haben, bei dem am 2. Mai gegen 17.50 Uhr <a href=\"https:\/\/www.stuttgarter-nachrichten.de\/inhalt.nach-unfall-am-olgaeck-familie-steht-unter-schock-freunde-rufen-zur-spende-auf.b7b59dab-7cd6-4a4a-8880-46251c587f00.html\" target=\"_blank\" rel=\"nofollow noopener\">eine 46-j\u00e4hrige Frau get\u00f6tet <\/a>und acht weitere Passanten schwer verletzt worden waren. Der Fahrer eines tonnenschweren Mercedes-G-Klasse-Wagens war in der Charlottenstra\u00dfe (B\u200927) aus zun\u00e4chst unklarer Ursache nach links von der Fahrbahn abgekommen und gegen das Gel\u00e4nder eines Fu\u00dfg\u00e4nger\u00fcberwegs am Mittelbahnsteig geprallt. <\/p>\n<p> Anwalt: Am Unfalltag keine Drogen eingenommen <\/p>\n<p>Der Rechtsanwalt des 43-J\u00e4hrigen weist in einer Mitteilung darauf hin, dass keinesfalls wissenschaftlich gesichert sei, dass ein kausaler Zusammenhang mit dem Unfall bestehe. Man habe selbst ein unabh\u00e4ngiges Gutachten eingeholt. \u201eDer Unfallfahrer hat am Unfalltag weder Medikamente noch Drogen eingenommen\u201c, schreibt der Verteidiger in seiner Mitteilung. Es sei auch lediglich eine Restkonzentration von Substanzen festgestellt worden. <\/p>\n<p>Ob der Konsum am Unfalltag selbst erfolgen muss, um eine Fahrunt\u00fcchtigkeit auszul\u00f6sen, d\u00fcrfte wohl im Hauptverfahren des Amtsgerichts festgestellt werden m\u00fcssen. \u00dcber die Er\u00f6ffnung des Verfahrens und die Terminierung ist noch nicht entschieden. Bei einem Amtsgerichtsverfahren mit Sch\u00f6ffen k\u00f6nnen Strafen von mehr als zwei bis zu vier Jahren Haft drohen. <\/p>\n","protected":false},"excerpt":{"rendered":"Der Unfall am Olgaeck im Mai hat Betroffenheit ausgel\u00f6st. Nun stellt sich heraus: Der Unfallfahrer h\u00e4tte nicht fahren&hellip;\n","protected":false},"author":2,"featured_media":635164,"comment_status":"","ping_status":"","sticky":false,"template":"","format":"standard","meta":{"footnotes":""},"categories":[1830],"tags":[1634,3364,29,14649,30,1346,34065,121,1441,22847,4253],"class_list":{"0":"post-635163","1":"post","2":"type-post","3":"status-publish","4":"format-standard","5":"has-post-thumbnail","7":"category-stuttgart","8":"tag-baden-wuerttemberg","9":"tag-de","10":"tag-deutschland","11":"tag-drogenkonsum","12":"tag-germany","13":"tag-kokain","14":"tag-olgaeck","15":"tag-polizei","16":"tag-stuttgart","17":"tag-toedlicher-unfall","18":"tag-verkehrssicherheit"},"share_on_mastodon":{"url":"https:\/\/pubeurope.com\/@de\/115691064944337724","error":""},"_links":{"self":[{"href":"https:\/\/www.europesays.com\/de\/wp-json\/wp\/v2\/posts\/635163","targetHints":{"allow":["GET"]}}],"collection":[{"href":"https:\/\/www.europesays.com\/de\/wp-json\/wp\/v2\/posts"}],"about":[{"href":"https:\/\/www.europesays.com\/de\/wp-json\/wp\/v2\/types\/post"}],"author":[{"embeddable":true,"href":"https:\/\/www.europesays.com\/de\/wp-json\/wp\/v2\/users\/2"}],"replies":[{"embeddable":true,"href":"https:\/\/www.europesays.com\/de\/wp-json\/wp\/v2\/comments?post=635163"}],"version-history":[{"count":0,"href":"https:\/\/www.europesays.com\/de\/wp-json\/wp\/v2\/posts\/635163\/revisions"}],"wp:featuredmedia":[{"embeddable":true,"href":"https:\/\/www.europesays.com\/de\/wp-json\/wp\/v2\/media\/635164"}],"wp:attachment":[{"href":"https:\/\/www.europesays.com\/de\/wp-json\/wp\/v2\/media?parent=635163"}],"wp:term":[{"taxonomy":"category","embeddable":true,"href":"https:\/\/www.europesays.com\/de\/wp-json\/wp\/v2\/categories?post=635163"},{"taxonomy":"post_tag","embeddable":true,"href":"https:\/\/www.europesays.com\/de\/wp-json\/wp\/v2\/tags?post=635163"}],"curies":[{"name":"wp","href":"https:\/\/api.w.org\/{rel}","templated":true}]}}