{"id":635415,"date":"2025-12-09T21:48:18","date_gmt":"2025-12-09T21:48:18","guid":{"rendered":"https:\/\/www.europesays.com\/de\/635415\/"},"modified":"2025-12-09T21:48:18","modified_gmt":"2025-12-09T21:48:18","slug":"who-alarm-europa-verharrt-im-bewegungsmangel","status":"publish","type":"post","link":"https:\/\/www.europesays.com\/de\/635415\/","title":{"rendered":"WHO-Alarm: Europa verharrt im Bewegungsmangel"},"content":{"rendered":"<p>Neue Studien belegen, dass die k\u00f6rperliche Aktivit\u00e4t in Europa nach der Pandemie nicht zugenommen hat. Besonders Kinder und Senioren sind betroffen, was zu hohen gesundheitlichen und wirtschaftlichen Kosten f\u00fchrt.<\/p>\n<p><strong>Die erhoffte Trendwende ist ausgeblieben.<\/strong> Neue OECD- und WHO-Daten zeigen: Trotz Pandemie-Ende bewegen sich Europ\u00e4er erschreckend wenig. Die Kosten explodieren, Experten warnen vor einer \u201eGeneration Inaktivit\u00e4t\u201d.<\/p>\n<p>Weniger als die H\u00e4lfte der Erwachsenen in Deutschland erreicht das WHO-Mindestma\u00df an Bewegung \u2013 150 Minuten moderate oder 75 Minuten intensive Aktivit\u00e4t pro Woche. Bei den \u00fcber 65-J\u00e4hrigen sieht es noch d\u00fcsterer aus: Nur 22 Prozent gelten als ausreichend aktiv.<\/p>\n<p>\u201eWir sehen eine Entkopplung von Gesundheitsbewusstsein und tats\u00e4chlichem Verhalten\u201d, kommentieren Analysten die Datenlage. Das Wissen um die Wichtigkeit von Sport war nie gr\u00f6\u00dfer. Die Umsetzung scheitert jedoch an verfestigten Home-Office-Gewohnheiten und strukturellen Barrieren.<\/p>\n<p>Anzeige<\/p>\n<p>Passend zum Thema: Weniger als die H\u00e4lfte der Erwachsenen erreicht das WHO\u2011Mindestma\u00df \u2013 viele sp\u00fcren die Folgen von Bewegungsmangel wie R\u00fccken\u2011 und Nackenbeschwerden. Orthop\u00e4de Prof. Dr. Wessinghage stellt 17 leicht erlernbaren 3\u2011Minuten\u2011\u00dcbungen vor, die sich unkompliziert in Home\u2011Office\u2011Pausen oder die t\u00e4gliche Routine integrieren lassen, sofort Entlastung bringen und langfristig Muskeln st\u00e4rken. F\u00fcr alle Altersgruppen, ganz ohne Ger\u00e4te. <strong><a href=\"https:\/\/gesundheitswissen-aktuell.de\/lp\/wunderuebungen\/?af=KOOP_G_FM_DNV_YES_WUNDERUEBUNGEN_X-CWAHN-BGPID_695166\" rel=\"noopener nofollow\" style=\"color: #337ab7 !important; font-weight: bold; text-decoration: underline;\" target=\"_blank\">Gratis\u2011Report mit 17 Wunder\u00fcbungen jetzt anfordern<\/a><\/strong><\/p>\n<p>Weltweit verfehlen fast 1,8 Milliarden Erwachsene \u2013 31 Prozent der Weltbev\u00f6lkerung \u2013 das Bewegungsziel. Ein Anstieg von 5 Prozentpunkten seit 2010. Setzt sich dieser Trend fort, wird das WHO-Ziel, die Inaktivit\u00e4t bis 2030 um 15 Prozent zu senken, drastisch verfehlt.<\/p>\n<p>Der Corona-Knick bei Kindern bleibt<\/p>\n<p>Besonders alarmierend entwickelt sich die Lage bei der j\u00fcngsten Generation. Neue Auswertungen des Bundesinstituts f\u00fcr Bev\u00f6lkerungsforschung best\u00e4tigen: Der Bewegungseinbruch w\u00e4hrend der Pandemie war kein tempor\u00e4res Ph\u00e4nomen.<\/p>\n<p>Kinder verloren w\u00e4hrend Corona durchschnittlich elf bis zw\u00f6lf Minuten t\u00e4gliche Bewegungszeit. Diese Zeit haben sie bis heute nicht zur\u00fcckgewonnen. Das empfohlene Minimum von 60 Minuten t\u00e4glich erreichen die wenigsten.<\/p>\n<p>Lehrer berichten vermehrt von Erstkl\u00e4sslern mit motorischen Defiziten. R\u00fcckw\u00e4rtslaufen, Balancieren \u2013 fr\u00fcher selbstverst\u00e4ndlich, heute problematisch. Sportwissenschaftler sprechen von einer \u201emotorischen Verarmung\u201d mit langfristigen Folgen. Inaktive Kinder werden mit hoher Wahrscheinlichkeit zu inaktiven Erwachsenen mit Zivilisationskrankheiten wie Typ-2-Diabetes.<\/p>\n<p>275 Milliarden Euro Kosten bis 2030<\/p>\n<p>Die WHO rechnet vor: Zwischen 2020 und 2030 verursachen bewegungsmangelbedingte Krankheiten Kosten von rund 275 Milliarden Euro weltweit \u2013 etwa 27 Milliarden j\u00e4hrlich. F\u00fcr Deutschlands Sozialkassen bedeutet dies eine massive Belastung.<\/p>\n<p>Gesundheits\u00f6konomen betonen: Jeder in Pr\u00e4vention investierte Euro zahlt sich mehrfach aus. Dennoch setzt der Bundeshaushalt gerade bei Breitensport und kommunaler Sportinfrastruktur den Rotstift an.<\/p>\n<p>Die Rechnung ist simpel: Eine Steigerung der k\u00f6rperlichen Aktivit\u00e4t k\u00f6nnte das globale BIP bis 2050 kumuliert um 8,6 Billionen US-Dollar erh\u00f6hen. Durch reduzierte Krankheitskosten und gesteigerte Produktivit\u00e4t. <strong>Bewegungsmangel ist l\u00e4ngst kein Lifestyle-Problem mehr, sondern ein harter Standortfaktor.<\/strong><\/p>\n<p>Abnehm-Medikamente als falscher Ausweg?<\/p>\n<p>Der Hype um neue GLP-1-Agonisten wie Wegovy verst\u00e4rkt eine gef\u00e4hrliche Tendenz. Analysten beobachten eine \u201eBewegungsm\u00fcdigkeit\u201d in Teilen der Bev\u00f6lkerung. Die Hoffnung: medikament\u00f6ser Gewichtsverlust ohne Sport.<\/p>\n<p>Ein Trugschluss. Medikamente regulieren zwar das Gewicht, ersetzen aber nicht die kardiovaskul\u00e4ren und mentalen Vorteile von Bewegung. Bewegungsmangel bleibt ein eigenst\u00e4ndiger Risikofaktor \u2013 unabh\u00e4ngig vom BMI.<\/p>\n<p>Digitale Gesundheitsanwendungen und Fitness-Apps zeigen erste positive Effekte. Sie erreichen jedoch vor allem jene, die ohnehin bereits gesundheitsbewusst leben. Die soziale Schere beim Sport \u00f6ffnet sich weiter: Einkommensstarke Schichten investieren, einkommensschwache bleiben au\u00dfen vor.<\/p>\n<p>Was 2026 bringen muss<\/p>\n<p>Experten fordern einen systemischen Wandel. Weg von Appell-Kampagnen, hin zu bewegungsfreundlicher Stadtplanung und verbindlichen t\u00e4glichen Sportzeiten in Schulen.<\/p>\n<p><strong>Diese Entwicklungen sind zu erwarten:<\/strong><\/p>\n<ul>\n<li><strong>Bewegungsgipfel 2.0:<\/strong> Der Druck auf die Bundesregierung w\u00e4chst, konkrete finanzierte Ma\u00dfnahmen statt Absichtserkl\u00e4rungen zu verabschieden<\/li>\n<li><strong>Erweiterte Krankenkassen-Boni:<\/strong> Gesetzliche Kassen d\u00fcrften ihre Bonusprogramme massiv ausweiten und finanzielle Anreize f\u00fcr Sportvereins-Besuche schaffen<\/li>\n<li><strong>Betriebliches Gesundheitsmanagement:<\/strong> Firmen investieren verst\u00e4rkt in BGM, da Fachkr\u00e4ftemangel krankheitsbedingte Ausf\u00e4lle immer kostspieliger macht<\/li>\n<\/ul>\n<p>Die Botschaft zum Jahresende ist eindeutig: Sitzen ist das neue Rauchen. Ohne radikales Umdenken steuert die Gesellschaft auf einen vermeidbaren Gesundheitskollaps zu.<\/p>\n<p>Anzeige<\/p>\n<p>PS: Sitzen ist das neue Rauchen \u2013 ein radikaler Kurswechsel kann langfristige Gesundheitskosten senken. Der kompakte PDF\u2011Report von Prof. Wessinghage zeigt 17 drei\u2011Minuten\u2011\u00dcbungen, die Sie t\u00e4glich absolvieren k\u00f6nnen, um Haltung und Kraft zu verbessern, Schmerzen vorzubeugen und Bewegungsmangel entgegenzuwirken. Ideal f\u00fcr Eltern, Berufst\u00e4tige und Senioren, die wenig Zeit haben, aber etwas ver\u00e4ndern wollen. Kein Ger\u00e4t n\u00f6tig, Anleitung als praktisches PDF per E\u2011Mail. <strong><a href=\"https:\/\/gesundheitswissen-aktuell.de\/lp\/wunderuebungen\/?af=KOOP_G_FM_DNV_YES_WUNDERUEBUNGEN_X-CWAHN-BGPID_695166\" rel=\"noopener nofollow\" style=\"color: #337ab7 !important; font-weight: bold; text-decoration: underline;\" target=\"_blank\">Jetzt kostenlosen 3\u2011Minuten\u2011Plan sichern<\/a><\/strong><\/p>\n","protected":false},"excerpt":{"rendered":"Neue Studien belegen, dass die k\u00f6rperliche Aktivit\u00e4t in Europa nach der Pandemie nicht zugenommen hat. Besonders Kinder und&hellip;\n","protected":false},"author":2,"featured_media":635416,"comment_status":"","ping_status":"","sticky":false,"template":"","format":"standard","meta":{"footnotes":""},"categories":[3933],"tags":[54774,331,332,44178,548,663,158,3934,3935,13,1114,2985,14,15,3256,12,6583,13413,149894],"class_list":{"0":"post-635415","1":"post","2":"type-post","3":"status-publish","4":"format-standard","5":"has-post-thumbnail","7":"category-eu","8":"tag-aktivitaet","9":"tag-aktuelle-nachrichten","10":"tag-aktuelle-news","11":"tag-bewegungsmangel","12":"tag-eu","13":"tag-europa","14":"tag-europaeische-union","15":"tag-europe","16":"tag-european-union","17":"tag-headlines","18":"tag-kinder","19":"tag-kosten","20":"tag-nachrichten","21":"tag-news","22":"tag-pandemie","23":"tag-schlagzeilen","24":"tag-senioren","25":"tag-studien","26":"tag-who-alarm"},"share_on_mastodon":{"url":"https:\/\/pubeurope.com\/@de\/115691815300087906","error":""},"_links":{"self":[{"href":"https:\/\/www.europesays.com\/de\/wp-json\/wp\/v2\/posts\/635415","targetHints":{"allow":["GET"]}}],"collection":[{"href":"https:\/\/www.europesays.com\/de\/wp-json\/wp\/v2\/posts"}],"about":[{"href":"https:\/\/www.europesays.com\/de\/wp-json\/wp\/v2\/types\/post"}],"author":[{"embeddable":true,"href":"https:\/\/www.europesays.com\/de\/wp-json\/wp\/v2\/users\/2"}],"replies":[{"embeddable":true,"href":"https:\/\/www.europesays.com\/de\/wp-json\/wp\/v2\/comments?post=635415"}],"version-history":[{"count":0,"href":"https:\/\/www.europesays.com\/de\/wp-json\/wp\/v2\/posts\/635415\/revisions"}],"wp:featuredmedia":[{"embeddable":true,"href":"https:\/\/www.europesays.com\/de\/wp-json\/wp\/v2\/media\/635416"}],"wp:attachment":[{"href":"https:\/\/www.europesays.com\/de\/wp-json\/wp\/v2\/media?parent=635415"}],"wp:term":[{"taxonomy":"category","embeddable":true,"href":"https:\/\/www.europesays.com\/de\/wp-json\/wp\/v2\/categories?post=635415"},{"taxonomy":"post_tag","embeddable":true,"href":"https:\/\/www.europesays.com\/de\/wp-json\/wp\/v2\/tags?post=635415"}],"curies":[{"name":"wp","href":"https:\/\/api.w.org\/{rel}","templated":true}]}}