{"id":635419,"date":"2025-12-09T21:50:17","date_gmt":"2025-12-09T21:50:17","guid":{"rendered":"https:\/\/www.europesays.com\/de\/635419\/"},"modified":"2025-12-09T21:50:17","modified_gmt":"2025-12-09T21:50:17","slug":"ukraine-krieg-selenskyj-bereit-fuer-wahlen-in-60-bis-90-tagen-politik","status":"publish","type":"post","link":"https:\/\/www.europesays.com\/de\/635419\/","title":{"rendered":"Ukraine-Krieg: Selenskyj bereit f\u00fcr Wahlen in 60 bis 90 Tagen | Politik"},"content":{"rendered":"<p>Berlin\/Kiew \u2013\u00a0<b>Ukraine-Pr\u00e4sident Wolodymyr Selenskyj\u00a0(47) hat am Abend erkl\u00e4rt, er sei bereit, innerhalb der n\u00e4chsten 60 bis 90\u00a0Tage Wahlen in der Ukraine abzuhalten. Damit reagierte er auf einen Vorwurf von US-Pr\u00e4sident Donald Trump\u00a0(79), den Krieg als Vorwand zu nutzen, keine Wahlen abzuhalten.  <\/b><\/p>\n<p>Auch interessant<\/p>\n<p>Anzeige<\/p>\n<p>Auch interessant<\/p>\n<p>Anzeige<\/p>\n<p>\u201eIch bin bereit f\u00fcr die Wahl\u201c, sagte <a href=\"https:\/\/www.bild.de\/politik\/leute\/wolodymyr-selenski\/wolodymyr-selenskyj-alle-infos-79314966.bild.html\" class=\"text-link\" rel=\"nofollow noopener\" target=\"_blank\">Selenskyj<\/a>.<\/p>\n<p><b>\u25b6\ufe0e Voraussetzung: Der Ukraine-Pr\u00e4sident bittet die <\/b><a href=\"https:\/\/www.bild.de\/news\/ausland\/usa\/thema-usa-alle-infos-80032950.bild.html\" class=\"text-link\" rel=\"nofollow noopener\" target=\"_blank\"><b>USA<\/b><\/a><b>, ihm \u201ejetzt zu helfen, m\u00f6glicherweise gemeinsam mit europ\u00e4ischen Kollegen, die Sicherheit f\u00fcr die Durchf\u00fchrung der Wahlen zu gew\u00e4hrleisten\u201c. Dann werde die Ukraine \u201ein den n\u00e4chsten 60 bis 90 Tagen bereit sein, Wahlen abzuhalten\u201c, so Selenskyj.<\/b><\/p>\n<p>Au\u00dferdem k\u00fcndigte er an, das Parlament zu bitten, den rechtlichen Rahmen f\u00fcr eine Abstimmung w\u00e4hrend des geltenden Kriegsrechts zu schaffen. Nach dem Kriegsrecht in der <a href=\"https:\/\/www.bild.de\/politik\/ausland\/ukraine-konflikt\/ukraine-konflikt-alle-infos-78901514.bild.html\" class=\"text-link\" rel=\"nofollow noopener\" target=\"_blank\">Ukraine<\/a> sind Wahlen w\u00e4hrend des Kriegs ausgesetzt. Die letzte Pr\u00e4sidentschaftswahl fand im Fr\u00fchjahr 2019 statt, regul\u00e4r w\u00e4re Selenskyjs Amtszeit damit im Mai 2024 abgelaufen. <\/p>\n<p>Trump: \u201eIrgendwann ist es keine Demokratie mehr\u201c <\/p>\n<p><b>Im <\/b><a href=\"https:\/\/www.bild.de\/politik\/ausland-und-internationales\/donald-trump-im-interview-europa-sie-reden-zu-viel-und-sie-liefern-nicht-6937e52211f914c89b8577ce\" class=\"text-link\" rel=\"nofollow noopener\" target=\"_blank\"><b>Interview mit \u201ePolitico\u201c<\/b><\/a><b> (geh\u00f6rt wie BILD zu Axel Springer) hatte <\/b><a href=\"https:\/\/www.bild.de\/politik\/leute\/donald-trump\/thema-donald-trump-alle-infos-80018378.bild.html\" class=\"text-link\" rel=\"nofollow noopener\" target=\"_blank\"><b>US-Pr\u00e4sident Trump<\/b><\/a><b> jetzt erkl\u00e4rt, es sei an der Zeit, dass die Ukraine Wahlen abhalte. \u201eEs ist ein wichtiger Zeitpunkt f\u00fcr eine Wahl\u201c, dr\u00e4ngte Trump. Das Land habe \u201eseit langer Zeit keine Wahl mehr gehabt\u201c, so Trump.<\/b><\/p>\n<p>Trump \u00fcber Ukraine: \u201eEs ist Zeit f\u00fcr Wahlen\u201c<a class=\"anchor video-teaser__anchor\" href=\"https:\/\/www.bild.de\/politik\/trump-ueber-ukraine-es-ist-zeit-fuer-wahlen-69383c6291e8695eab442ffc\" rel=\"nofollow noopener\" target=\"_blank\"><img decoding=\"async\" width=\"992\" height=\"558\" alt=\"\" src=\"https:\/\/www.europesays.com\/de\/wp-content\/uploads\/2025\/12\/ee3494df77e128c9524745e6515b0cef-landscape,44fdb74f\"   class=\"landscape teaser__image\" loading=\"lazy\"\/><\/a><\/p>\n<p>Quelle: Politico09.12.2025<\/p>\n<p>Der Vorwurf des US-Pr\u00e4sidenten: \u201eMan redet von einer Demokratie, aber irgendwann ist es dann keine Demokratie mehr.\u201c <\/p>\n<p>Kritiker haben schon \u00f6fter die Frage aufgeworfen, ob Selenskyj noch als legitimer Pr\u00e4sident angesehen werden k\u00f6nne. Er selbst hatte sich immer wieder dazu bereit erkl\u00e4rt, Wahlen abzuhalten \u2013 sobald Frieden in der Ukraine herrsche. <\/p>\n<p>Mehr zum ThemaSelenskyj will \u201eFriedensplan\u201c schicken<\/p>\n<p><b>Au\u00dferdem warf Trump Selenskyj im \u201ePolitico\u201c-Interview erneut vor, seinen \u201eFriedensplan\u201c \u00fcberhaupt nicht gelesen zu haben. Auch auf diesen Vorwurf reagiert der ukrainische Pr\u00e4sident. <\/b><\/p>\n<p>Er k\u00fcndigte am Dienstag an, den \u00fcberarbeiteten US-Plan voraussichtlich am Mittwoch nach Washington zu schicken. \u201eWir arbeiten heute daran und werden morgen weitermachen. Ich denke, wir werden ihn morgen \u00fcbergeben\u201c, sagte Selenskyj auf die Frage eines Journalisten, ob die Ukraine den Plan bereits an die USA \u00fcbermittelt habe.<\/p>\n","protected":false},"excerpt":{"rendered":"Berlin\/Kiew \u2013\u00a0Ukraine-Pr\u00e4sident Wolodymyr Selenskyj\u00a0(47) hat am Abend erkl\u00e4rt, er sei bereit, innerhalb der n\u00e4chsten 60 bis 90\u00a0Tage Wahlen&hellip;\n","protected":false},"author":2,"featured_media":635420,"comment_status":"","ping_status":"","sticky":false,"template":"","format":"standard","meta":{"footnotes":""},"categories":[5],"tags":[331,332,18983,1737,3364,1738,29,1736,30,13,2134,4046,14,15,15928,12,15929,138370,45,1017,317,64,4672],"class_list":{"0":"post-635419","1":"post","2":"type-post","3":"status-publish","4":"format-standard","5":"has-post-thumbnail","7":"category-nachrichten","8":"tag-aktuelle-nachrichten","9":"tag-aktuelle-news","10":"tag-angriffskrieg","11":"tag-breaking-news","12":"tag-de","13":"tag-desk-delta","14":"tag-deutschland","15":"tag-fb-instantarticles","16":"tag-germany","17":"tag-headlines","18":"tag-interview","19":"tag-krieg","20":"tag-nachrichten","21":"tag-news","22":"tag-praesident-usa","23":"tag-schlagzeilen","24":"tag-selenski-wolodymyr","25":"tag-team-first","26":"tag-texttospeech","27":"tag-trump-donald","28":"tag-ukraine","29":"tag-usa","30":"tag-wahlen"},"share_on_mastodon":{"url":"https:\/\/pubeurope.com\/@de\/115691824031686737","error":""},"_links":{"self":[{"href":"https:\/\/www.europesays.com\/de\/wp-json\/wp\/v2\/posts\/635419","targetHints":{"allow":["GET"]}}],"collection":[{"href":"https:\/\/www.europesays.com\/de\/wp-json\/wp\/v2\/posts"}],"about":[{"href":"https:\/\/www.europesays.com\/de\/wp-json\/wp\/v2\/types\/post"}],"author":[{"embeddable":true,"href":"https:\/\/www.europesays.com\/de\/wp-json\/wp\/v2\/users\/2"}],"replies":[{"embeddable":true,"href":"https:\/\/www.europesays.com\/de\/wp-json\/wp\/v2\/comments?post=635419"}],"version-history":[{"count":0,"href":"https:\/\/www.europesays.com\/de\/wp-json\/wp\/v2\/posts\/635419\/revisions"}],"wp:featuredmedia":[{"embeddable":true,"href":"https:\/\/www.europesays.com\/de\/wp-json\/wp\/v2\/media\/635420"}],"wp:attachment":[{"href":"https:\/\/www.europesays.com\/de\/wp-json\/wp\/v2\/media?parent=635419"}],"wp:term":[{"taxonomy":"category","embeddable":true,"href":"https:\/\/www.europesays.com\/de\/wp-json\/wp\/v2\/categories?post=635419"},{"taxonomy":"post_tag","embeddable":true,"href":"https:\/\/www.europesays.com\/de\/wp-json\/wp\/v2\/tags?post=635419"}],"curies":[{"name":"wp","href":"https:\/\/api.w.org\/{rel}","templated":true}]}}