{"id":635425,"date":"2025-12-09T21:54:12","date_gmt":"2025-12-09T21:54:12","guid":{"rendered":"https:\/\/www.europesays.com\/de\/635425\/"},"modified":"2025-12-09T21:54:12","modified_gmt":"2025-12-09T21:54:12","slug":"heizkosten-kronkorken-sammelaktion-castor-transporte-unser-duisburg","status":"publish","type":"post","link":"https:\/\/www.europesays.com\/de\/635425\/","title":{"rendered":"Heizkosten, Kronkorken-Sammelaktion, Castor-Transporte | Unser Duisburg"},"content":{"rendered":"<p class=\"card__subtitle\"> Sendung vom Medienforum Duisburg e. V. <\/p>\n<p>Zum Ende des Jahres bekommen viele ihre Heizkostenabrechnung &#8211; zum Teil mit gro\u00dfen Nachzahlungen. Marion Wedrich spricht mit Rechtsanwalt Stephan Furchert dar\u00fcber, welche M\u00f6glichkeiten Mieter*innen in einem solchen Fall haben. Au\u00dferdem interviewt Linda Broszeit Anja Harder von der Initiative &#8222;CleanUp Duisburg&#8220; zu ihrer Kronkorken-Sammelaktion. Weitere Themen: die Seebr\u00fccke Duisburg zur aktuellen Lage der Fluchtroute Mittelmeer und die anstehenden Castor-Transporte durch NRW.<\/p>\n","protected":false},"excerpt":{"rendered":"Sendung vom Medienforum Duisburg e. V. Zum Ende des Jahres bekommen viele ihre Heizkostenabrechnung &#8211; zum Teil mit&hellip;\n","protected":false},"author":2,"featured_media":635426,"comment_status":"","ping_status":"","sticky":false,"template":"","format":"standard","meta":{"footnotes":"","_share_on_mastodon":"0"},"categories":[1838],"tags":[5523,149895,3364,29,3715,21128,12241,30,15626,1209,5266,56365],"class_list":["post-635425","post","type-post","status-publish","format-standard","has-post-thumbnail","category-duisburg","tag-atommuell","tag-castor-transporte","tag-de","tag-deutschland","tag-duisburg","tag-energiekosten","tag-gefluechtete","tag-germany","tag-heizkosten","tag-nordrhein-westfalen","tag-obdachlose","tag-sammelaktion"],"share_on_mastodon":{"url":"https:\/\/pubeurope.com\/@de\/115691838910389176","error":""},"_links":{"self":[{"href":"https:\/\/www.europesays.com\/de\/wp-json\/wp\/v2\/posts\/635425","targetHints":{"allow":["GET"]}}],"collection":[{"href":"https:\/\/www.europesays.com\/de\/wp-json\/wp\/v2\/posts"}],"about":[{"href":"https:\/\/www.europesays.com\/de\/wp-json\/wp\/v2\/types\/post"}],"author":[{"embeddable":true,"href":"https:\/\/www.europesays.com\/de\/wp-json\/wp\/v2\/users\/2"}],"replies":[{"embeddable":true,"href":"https:\/\/www.europesays.com\/de\/wp-json\/wp\/v2\/comments?post=635425"}],"version-history":[{"count":0,"href":"https:\/\/www.europesays.com\/de\/wp-json\/wp\/v2\/posts\/635425\/revisions"}],"wp:featuredmedia":[{"embeddable":true,"href":"https:\/\/www.europesays.com\/de\/wp-json\/wp\/v2\/media\/635426"}],"wp:attachment":[{"href":"https:\/\/www.europesays.com\/de\/wp-json\/wp\/v2\/media?parent=635425"}],"wp:term":[{"taxonomy":"category","embeddable":true,"href":"https:\/\/www.europesays.com\/de\/wp-json\/wp\/v2\/categories?post=635425"},{"taxonomy":"post_tag","embeddable":true,"href":"https:\/\/www.europesays.com\/de\/wp-json\/wp\/v2\/tags?post=635425"}],"curies":[{"name":"wp","href":"https:\/\/api.w.org\/{rel}","templated":true}]}}