{"id":635439,"date":"2025-12-09T22:04:14","date_gmt":"2025-12-09T22:04:14","guid":{"rendered":"https:\/\/www.europesays.com\/de\/635439\/"},"modified":"2025-12-09T22:04:14","modified_gmt":"2025-12-09T22:04:14","slug":"reizgas-in-bremer-schule-versprueht-mehrere-verletzte","status":"publish","type":"post","link":"https:\/\/www.europesays.com\/de\/635439\/","title":{"rendered":"Reizgas in Bremer Schule verspr\u00fcht \u2013 mehrere Verletzte"},"content":{"rendered":"<p class=\"article-toplinewrapper\">\n<p>Standdatum: 9. Dezember 2025.<\/p>\n<p>Autorinnen und Autoren:<br \/>\nSven Weing\u00e4rtner<\/p>\n<p><img decoding=\"async\" class=\"image -image-with-fallback -image-rounded  lazyload\" src=\"data:image\/gif;base64,R0lGODlhEAAJAIAAAP\/\/\/\/\/\/\/yH5BAEKAAEALAAAAAAQAAkAAAIKjI+py+0Po5yUFQA7\"   alt=\"Ein Blaulicht auf einem Streifenwagen (Symbolbild)\" data-image-owner=\"dpa | Matthias Balk\" data-image-title=\"Ein Blaulicht auf einem Streifenwagen (Symbolbild)\" data-image-src=\"https:\/\/www.butenunbinnen.de\/bilder\/polizeieinsatz-gewalt-fussballspiel-100~_v-800x450_c-1765309449533.jpg\" data-image-rights-src=\"\/bilder\/polizeieinsatz-gewalt-fussballspiel-100~_v-640x360_c-1765309449533.jpg\"\/><\/p>\n<p>Symbolbild<\/p>\n<p>Bild: dpa | Matthias Balk<\/p>\n<p class=\"article-intro\">An einer Oberschule in Bremen-Burglesum haben Unbekannte mit Reizgas den Schulbetrieb lahmgelegt. <\/p>\n<p>Laut der Polizei wurde das Pfefferspray im Bereich der Toiletten verspr\u00fcht. Mehrere Sch\u00fcler und Sch\u00fclerinnen der Oberschule an der Helsinkistra\u00dfe erlitten Augenreizungen. Zehn Sch\u00fcler und Lehrer sind zur weiteren Behandlung in ein Krankenhaus gebracht worden. Die Polizei ermittelt wegen gef\u00e4hrlicher K\u00f6rperverletzung.<\/p>\n<p class=\"article-legal-agencies\"><strong>Quelle<\/strong>:<br \/>\nbuten un binnen.\n<\/p>\n<p class=\"article-legal-broadcast-reference\"><strong>Dieses Thema im Programm:<\/strong><br \/>\nBremen Vier, Nachrichten, 9. Demzember 2025, 17 Uhr<\/p>\n","protected":false},"excerpt":{"rendered":"Standdatum: 9. Dezember 2025. Autorinnen und Autoren: Sven Weing\u00e4rtner Symbolbild Bild: dpa | Matthias Balk An einer Oberschule&hellip;\n","protected":false},"author":2,"featured_media":635440,"comment_status":"","ping_status":"","sticky":false,"template":"","format":"standard","meta":{"footnotes":""},"categories":[1824],"tags":[2420,3364,29,30],"class_list":{"0":"post-635439","1":"post","2":"type-post","3":"status-publish","4":"format-standard","5":"has-post-thumbnail","7":"category-bremen","8":"tag-bremen","9":"tag-de","10":"tag-deutschland","11":"tag-germany"},"share_on_mastodon":{"url":"https:\/\/pubeurope.com\/@de\/115691878179597137","error":""},"_links":{"self":[{"href":"https:\/\/www.europesays.com\/de\/wp-json\/wp\/v2\/posts\/635439","targetHints":{"allow":["GET"]}}],"collection":[{"href":"https:\/\/www.europesays.com\/de\/wp-json\/wp\/v2\/posts"}],"about":[{"href":"https:\/\/www.europesays.com\/de\/wp-json\/wp\/v2\/types\/post"}],"author":[{"embeddable":true,"href":"https:\/\/www.europesays.com\/de\/wp-json\/wp\/v2\/users\/2"}],"replies":[{"embeddable":true,"href":"https:\/\/www.europesays.com\/de\/wp-json\/wp\/v2\/comments?post=635439"}],"version-history":[{"count":0,"href":"https:\/\/www.europesays.com\/de\/wp-json\/wp\/v2\/posts\/635439\/revisions"}],"wp:featuredmedia":[{"embeddable":true,"href":"https:\/\/www.europesays.com\/de\/wp-json\/wp\/v2\/media\/635440"}],"wp:attachment":[{"href":"https:\/\/www.europesays.com\/de\/wp-json\/wp\/v2\/media?parent=635439"}],"wp:term":[{"taxonomy":"category","embeddable":true,"href":"https:\/\/www.europesays.com\/de\/wp-json\/wp\/v2\/categories?post=635439"},{"taxonomy":"post_tag","embeddable":true,"href":"https:\/\/www.europesays.com\/de\/wp-json\/wp\/v2\/tags?post=635439"}],"curies":[{"name":"wp","href":"https:\/\/api.w.org\/{rel}","templated":true}]}}