{"id":635516,"date":"2025-12-09T22:53:41","date_gmt":"2025-12-09T22:53:41","guid":{"rendered":"https:\/\/www.europesays.com\/de\/635516\/"},"modified":"2025-12-09T22:53:41","modified_gmt":"2025-12-09T22:53:41","slug":"aachen-frau-beim-date-getoetet-45-jaehriger-verurteilt","status":"publish","type":"post","link":"https:\/\/www.europesays.com\/de\/635516\/","title":{"rendered":"Aachen: Frau beim Date get\u00f6tet \u2013 45-J\u00e4hriger verurteilt"},"content":{"rendered":"<p>\t\t\t\t\t\t\t\t\t\t\t\t\t\t\t\t\t\t\t\t\t\t\t\t\t\t\t\t      \t\t            \t\t             \t\t\t\t   \t\t\t\t\t   <img decoding=\"async\" id=\"article-image\" fetchpriority=\"high\" alt=\"Aachen: Frau beim Date get\u00f6tet \u2013 45-J\u00e4hriger verurteilt\" title=\"Aachen: Frau beim Date get\u00f6tet \u2013 45-J\u00e4hriger verurteilt\" src=\"https:\/\/www.europesays.com\/de\/wp-content\/uploads\/2025\/12\/media.media.ec643adc-a923-4263-bf3b-6940f36d3862.16x9_700.jpg\" data-linkto=\"https:\/\/www.stuttgarter-nachrichten.de\/javascript:void(0);\"\/>\t\t\t\t\t\t\t\t\t\t\t\t\t\t\t\t\t\t\t\t\t\t\t\tUrteil am Landgericht Aachen\u00a0Foto: imago stock&amp;people\/imago stock&amp;people\t\t\t<\/p>\n<p>Wegen der T\u00f6tung einer 37-j\u00e4hrigen Frau bei einem Date und der versuchten T\u00f6tung einer Seniorin ist ein 45-j\u00e4hriger Mann verurteilt worden. Die Einzelheiten.<\/p>\n<p>Wegen der T\u00f6tung einer 37-j\u00e4hrigen Frau bei einem Date und der versuchten T\u00f6tung einer Seniorin ist ein 45-j\u00e4hriger Mann in Nordrhein-Westfalen zu lebenslanger Haft verurteilt worden. Das Landgericht <a href=\"https:\/\/www.stuttgarter-nachrichten.de\/thema\/Aachen\" title=\"Aachen\" class=\"art_thema\" target=\"_blank\" rel=\"noopener\">Aachen<\/a> sprach ihn des Mordes und des versuchten Mordes in Tateinheit mit gef\u00e4hrlicher K\u00f6rperverletzung beziehungsweise mit Raub mit Todesfolge schuldig, wie eine Gerichtssprecherin am Dienstag sagte. Zudem stellte die Kammer die besondere Schwere der Schuld fest und behielt sich die Anordnung der Sicherungsverwahrung vor.<\/p>\n<p>Laut Anklage hatte der Mann die 37-J\u00e4hrige \u00fcber eine Dating-App kennengelernt. Im M\u00e4rz dieses Jahres kam es zu einem Treffen in der Wohnung der Frau in Herzogenrath. Als diese kurzzeitig den Raum verlie\u00df, steckte der 45-J\u00e4hrige Schmuck der Frau ein.\u00a0<\/p>\n<p>Die Verteidigung des Mannes beantragte Freispruch <\/p>\n<p>Als sie ihn ertappte, kam es zun\u00e4chst zu einer Rangelei und die Frau fiel eine Treppe hinunter. Laut Anklage gelang es ihr noch, den Notruf zu w\u00e4hlen, woraufhin der Mann ihr mit einem Gegenstand mehrfach gegen den Kopf schlug. Sie verstarb noch vor dem Eintreffen der Rettungskr\u00e4fte, w\u00e4hrend der Mann mit dem Schmuck floh.\u00a0<\/p>\n<p>Bereits im Oktober 2023 drang der 45-J\u00e4hrige laut Staatsanwaltschaft in das Haus einer heute 95-J\u00e4hrigen in Roetgen ein, um Wertsachen zu stehlen. Als die Seniorin erwachte, schlug er ihr mehrfach mit einem Gegenstand gegen den Kopf und ergriff die Flucht. Die Frau schwebte in Lebensgefahr und \u00fcberlebte laut Anklage nur durch Zufall.\u00a0<\/p>\n<p>Mit dem <a href=\"https:\/\/www.stuttgarter-nachrichten.de\/thema\/Urteil\" title=\"Urteil\" class=\"art_thema\" target=\"_blank\" rel=\"noopener\">Urteil<\/a> folgte das Gericht im Wesentlichen dem Antrag der Staatsanwaltschaft. Diese hatte noch zus\u00e4tzlich die Anordnung der Sicherungsverwahrung gefordert. Die Verteidigung des Mannes beantragte Freispruch.<\/p>\n","protected":false},"excerpt":{"rendered":"Urteil am Landgericht Aachen\u00a0Foto: imago stock&amp;people\/imago stock&amp;people Wegen der T\u00f6tung einer 37-j\u00e4hrigen Frau bei einem Date und der&hellip;\n","protected":false},"author":2,"featured_media":635517,"comment_status":"","ping_status":"","sticky":false,"template":"","format":"standard","meta":{"footnotes":""},"categories":[1853],"tags":[1424,3364,29,548,663,3934,30,13,14,15,1209,1974,12,1243],"class_list":{"0":"post-635516","1":"post","2":"type-post","3":"status-publish","4":"format-standard","5":"has-post-thumbnail","7":"category-aachen","8":"tag-aachen","9":"tag-de","10":"tag-deutschland","11":"tag-eu","12":"tag-europa","13":"tag-europe","14":"tag-germany","15":"tag-headlines","16":"tag-nachrichten","17":"tag-news","18":"tag-nordrhein-westfalen","19":"tag-panorama","20":"tag-schlagzeilen","21":"tag-urteil"},"share_on_mastodon":{"url":"https:\/\/pubeurope.com\/@de\/115692071619543437","error":""},"_links":{"self":[{"href":"https:\/\/www.europesays.com\/de\/wp-json\/wp\/v2\/posts\/635516","targetHints":{"allow":["GET"]}}],"collection":[{"href":"https:\/\/www.europesays.com\/de\/wp-json\/wp\/v2\/posts"}],"about":[{"href":"https:\/\/www.europesays.com\/de\/wp-json\/wp\/v2\/types\/post"}],"author":[{"embeddable":true,"href":"https:\/\/www.europesays.com\/de\/wp-json\/wp\/v2\/users\/2"}],"replies":[{"embeddable":true,"href":"https:\/\/www.europesays.com\/de\/wp-json\/wp\/v2\/comments?post=635516"}],"version-history":[{"count":0,"href":"https:\/\/www.europesays.com\/de\/wp-json\/wp\/v2\/posts\/635516\/revisions"}],"wp:featuredmedia":[{"embeddable":true,"href":"https:\/\/www.europesays.com\/de\/wp-json\/wp\/v2\/media\/635517"}],"wp:attachment":[{"href":"https:\/\/www.europesays.com\/de\/wp-json\/wp\/v2\/media?parent=635516"}],"wp:term":[{"taxonomy":"category","embeddable":true,"href":"https:\/\/www.europesays.com\/de\/wp-json\/wp\/v2\/categories?post=635516"},{"taxonomy":"post_tag","embeddable":true,"href":"https:\/\/www.europesays.com\/de\/wp-json\/wp\/v2\/tags?post=635516"}],"curies":[{"name":"wp","href":"https:\/\/api.w.org\/{rel}","templated":true}]}}