{"id":635980,"date":"2025-12-10T03:50:27","date_gmt":"2025-12-10T03:50:27","guid":{"rendered":"https:\/\/www.europesays.com\/de\/635980\/"},"modified":"2025-12-10T03:50:27","modified_gmt":"2025-12-10T03:50:27","slug":"ukraine-news-selenskij-ist-unter-bedingungen-bereit-zu-wahlen-politik","status":"publish","type":"post","link":"https:\/\/www.europesays.com\/de\/635980\/","title":{"rendered":"Ukraine News: Selenskij ist unter Bedingungen bereit zu Wahlen &#8211; Politik"},"content":{"rendered":"<p>Selenskij: Bereit zu Wahlen unter bestimmten BedingungenDer ukrainische Pr\u00e4sident Wolodimir Selenskij hat sich zu Wahlen innerhalb von drei Monaten bereiterkl\u00e4rt. Voraussetzung sei jedoch, dass die USA, &#8222;vielleicht zusammen mit den europ\u00e4ischen Partnern&#8220;, die Sicherheit der Abstimmung gew\u00e4hrleisteten, sagte er am Dienstag vor Journalisten. &#8222;Und dann wird die Ukraine in den n\u00e4chsten 60 bis 90 Tagen bereit sein, eine Wahl abzuhalten.&#8220; Umfragen zufolge sind die Ukrainer zwar gegen eine Abstimmung w\u00e4hrend des Krieges. Sie w\u00fcnschen sich jedoch neue Gesichter in der politischen Landschaft, die sich seit den Wahlen 2019 kaum ver\u00e4ndert hat.<\/p>\n<p>US-Pr\u00e4sident Donald Trump hatte in einem Interview mit Politico zum wiederholten Mal kritisiert, dass in der Ukraine lange keine Wahlen mehr stattgefunden h\u00e4tten. \u201eWissen Sie, sie reden von Demokratie, aber es kommt ein Punkt, an dem es keine Demokratie mehr ist\u201c, behauptete Trump. Selenskijs Amtszeit w\u00e4re eigentlich im Mai 2024 abgelaufen, aufgrund des anhaltenden russischen Angriffskriegs gegen sein Land wurde bislang keine neue Pr\u00e4sidentschaftswahl angesetzt.<\/p>\n<p>Wahlen sind in der Ukraine unter dem geltenden Kriegsrecht gesetzlich verboten. Selenskijs Amtszeit ist im vergangenen Jahr abgelaufen, weshalb Kritiker seine Legitimit\u00e4t als Pr\u00e4sident infrage stellen. Er k\u00fcndigte am Dienstag an, das Parlament um Gesetzesvorschl\u00e4ge zu bitten, die Wahlen w\u00e4hrend des Kriegsrechts erm\u00f6glichen k\u00f6nnten. Bislang hatten Selenskij und andere Regierungsvertreter eine Abstimmung angesichts der russischen Luftangriffe, fast einer Million Soldaten an der Front und Millionen Vertriebener zur\u00fcckgewiesen. \u00a0<\/p>\n<p>Seit dem russischen \u00dcberfall von 2022 hatten keine Wahlen in der Ukraine stattgefunden. Die regul\u00e4re Amtszeit des Pr\u00e4sidenten lief im Mai 2024 aus, die des Parlaments im August 2024. Kommunalwahlen h\u00e4tten Ende Oktober 2025 stattfinden m\u00fcssen.\u00a0<\/p>\n","protected":false},"excerpt":{"rendered":"Selenskij: Bereit zu Wahlen unter bestimmten BedingungenDer ukrainische Pr\u00e4sident Wolodimir Selenskij hat sich zu Wahlen innerhalb von drei&hellip;\n","protected":false},"author":2,"featured_media":635981,"comment_status":"","ping_status":"","sticky":false,"template":"","format":"standard","meta":{"footnotes":""},"categories":[4013],"tags":[331,332,147,106,13,6471,1435,148,14,1159,15,16,6472,4043,4044,850,307,12,6473,149,317,6474,306,6475,107],"class_list":{"0":"post-635980","1":"post","2":"type-post","3":"status-publish","4":"format-standard","5":"has-post-thumbnail","7":"category-russland","8":"tag-aktuelle-nachrichten","9":"tag-aktuelle-news","10":"tag-ausland","11":"tag-donald-trump","12":"tag-headlines","13":"tag-hilfe-fuer-die-ukraine","14":"tag-krieg-in-der-ukraine","15":"tag-leserdiskussion","16":"tag-nachrichten","17":"tag-nato","18":"tag-news","19":"tag-politik","20":"tag-politik-russland","21":"tag-russia","22":"tag-russian-federation","23":"tag-russische-foederation","24":"tag-russland","25":"tag-schlagzeilen","26":"tag-sicherheitspolitik","27":"tag-sueddeutsche-zeitung","28":"tag-ukraine","29":"tag-waffenlieferungen","30":"tag-wladimir-putin","31":"tag-wolodimir-selenskij","32":"tag-wolodymyr-selenskyj"},"share_on_mastodon":{"url":"https:\/\/pubeurope.com\/@de\/115693238568644708","error":""},"_links":{"self":[{"href":"https:\/\/www.europesays.com\/de\/wp-json\/wp\/v2\/posts\/635980","targetHints":{"allow":["GET"]}}],"collection":[{"href":"https:\/\/www.europesays.com\/de\/wp-json\/wp\/v2\/posts"}],"about":[{"href":"https:\/\/www.europesays.com\/de\/wp-json\/wp\/v2\/types\/post"}],"author":[{"embeddable":true,"href":"https:\/\/www.europesays.com\/de\/wp-json\/wp\/v2\/users\/2"}],"replies":[{"embeddable":true,"href":"https:\/\/www.europesays.com\/de\/wp-json\/wp\/v2\/comments?post=635980"}],"version-history":[{"count":0,"href":"https:\/\/www.europesays.com\/de\/wp-json\/wp\/v2\/posts\/635980\/revisions"}],"wp:featuredmedia":[{"embeddable":true,"href":"https:\/\/www.europesays.com\/de\/wp-json\/wp\/v2\/media\/635981"}],"wp:attachment":[{"href":"https:\/\/www.europesays.com\/de\/wp-json\/wp\/v2\/media?parent=635980"}],"wp:term":[{"taxonomy":"category","embeddable":true,"href":"https:\/\/www.europesays.com\/de\/wp-json\/wp\/v2\/categories?post=635980"},{"taxonomy":"post_tag","embeddable":true,"href":"https:\/\/www.europesays.com\/de\/wp-json\/wp\/v2\/tags?post=635980"}],"curies":[{"name":"wp","href":"https:\/\/api.w.org\/{rel}","templated":true}]}}