{"id":635989,"date":"2025-12-10T04:03:18","date_gmt":"2025-12-10T04:03:18","guid":{"rendered":"https:\/\/www.europesays.com\/de\/635989\/"},"modified":"2025-12-10T04:03:18","modified_gmt":"2025-12-10T04:03:18","slug":"trump-waehlt-drastische-worte-wird-europa-zerstoeren","status":"publish","type":"post","link":"https:\/\/www.europesays.com\/de\/635989\/","title":{"rendered":"Trump w\u00e4hlt drastische Worte \u2013 &#8222;Wird Europa zerst\u00f6ren&#8220;"},"content":{"rendered":"<p class=\"text-18 leading-17\">US-Au\u00dfenminister Marco Rubio hat die Schriftart Times New Roman wieder zum Standard f\u00fcr offizielle Dokumente seines Ministeriums erkl\u00e4rt und damit eine Entscheidung seines Vorg\u00e4ngers Antony Blinken r\u00fcckg\u00e4ngig gemacht. Das geht aus einem internen Schreiben vom Dienstag hervor, das der Nachrichtenagentur Reuters vorlag. Zur Begr\u00fcndung hie\u00df es, mit der R\u00fcckkehr zu Times New Roman solle die W\u00fcrde und Professionalit\u00e4t wiederhergestellt und ein laut dem Schreiben verschwenderisches DEIA-Programm abgeschafft werden.<\/p>\n<p class=\"text-18 leading-17\">Blinken hatte Anfang 2023 auf Calibri umgestellt und dies mit einer besseren Lesbarkeit f\u00fcr Menschen mit Behinderungen begr\u00fcndet. Die Abk\u00fcrzung DEIA steht f\u00fcr die englischen Begriffe f\u00fcr Vielfalt, Gleichberechtigung, Inklusion und Zug\u00e4nglichkeit. Die Regierung von US-Pr\u00e4sident Donald Trump geht seit ihrem Amtsantritt gegen solche Programme vor, da sie diese als diskriminierend ansieht.<\/p>\n<p class=\"text-18 leading-17\">Trump will sich im neu entbrannten Grenzkonflikt zwischen den Nachbarstaaten <a class=\"transition-colors duration-200 cursor-pointer text-inherit no-underline text-salemsfur md:hover:text-magenta md:hover:border-magenta md:focus:text-magenta border-current border-b border-solid break-words\" href=\"https:\/\/www.t-online.de\/themen\/thailand\/\" data-sctrack=\"BodyAnchor\" target=\"_blank\" rel=\"noopener\">Thailand<\/a> und Kambodscha erneut als Vermittler einschalten. &#8222;Morgen muss ich einen Anruf t\u00e4tigen&#8220;, sagte er am Dienstagabend (Ortszeit) im US-Bundesstaat Pennsylvania mit Verweis auf die j\u00fcngsten Gefechte.<\/p>\n<p class=\"text-18 leading-17\">Vor Anh\u00e4ngern rief Trump bei einer Rede in der Ortschaft Mount Pocono: &#8222;Wer sonst k\u00f6nnte schon sagen, ich werde einen Anruf t\u00e4tigen und einen Krieg zwischen zwei sehr m\u00e4chtigen L\u00e4ndern, Thailand und Kambodscha, beenden.&#8220; Zuvor hatte Trump alle Friedensvereinbarungen aufgelistet, die seiner Ansicht nach ihm als Vermittler zu verdanken sind &#8211; darunter jene zwischen den beiden s\u00fcdostasiatischen L\u00e4ndern.<\/p>\n<p class=\"text-18 leading-17\">Rund sechs Wochen nach Unterzeichnung eines Waffenruheabkommens zwischen Thailand und Kambodscha ist die Gewalt an der gemeinsamen Grenze wieder vollends eskaliert. Vielerorts entlang der 800 Kilometer langen Grenze gab es am Dienstag heftige Gefechte. Zehntausende Bewohner des Gebiets mussten in Schutzunterk\u00fcnfte oder sicherere Landesteile fl\u00fcchten.<\/p>\n<p class=\"text-18 leading-17\">Die Kritik von Donald Trump an Europa zur Migrations- sowie der Energiepolitik rei\u00dft nicht ab. Der Republikaner appellierte an <a class=\"transition-colors duration-200 cursor-pointer text-inherit no-underline text-salemsfur md:hover:text-magenta md:hover:border-magenta md:focus:text-magenta border-current border-b border-solid break-words\" href=\"https:\/\/www.t-online.de\/themen\/grossbritannien\/\" data-sctrack=\"BodyAnchor\" target=\"_blank\" rel=\"noopener\">Gro\u00dfbritannien<\/a>, \u00d6l in der <a class=\"transition-colors duration-200 cursor-pointer text-inherit no-underline text-salemsfur md:hover:text-magenta md:hover:border-magenta md:focus:text-magenta border-current border-b border-solid break-words\" href=\"https:\/\/www.t-online.de\/themen\/nordsee\/\" data-sctrack=\"BodyAnchor\" target=\"_blank\" rel=\"noopener\">Nordsee<\/a> zu f\u00f6rdern. Er habe dem britischen Premierminister <a class=\"transition-colors duration-200 cursor-pointer text-inherit no-underline text-salemsfur md:hover:text-magenta md:hover:border-magenta md:focus:text-magenta border-current border-b border-solid break-words\" href=\"https:\/\/www.t-online.de\/themen\/keir-starmer\/\" data-sctrack=\"BodyAnchor\" target=\"_blank\" rel=\"noopener\">Keir Starmer<\/a> den Rat gegeben, diese &#8222;gro\u00dfartige Energiequelle&#8220; in der Nordsee zu nutzen, sonst werde der Brite nach Trumps Einsch\u00e4tzung nicht lange im Amt bleiben. Der US-Pr\u00e4sident kritisierte zugleich die Windkraftf\u00f6rderung in <a class=\"transition-colors duration-200 cursor-pointer text-inherit no-underline text-salemsfur md:hover:text-magenta md:hover:border-magenta md:focus:text-magenta border-current border-b border-solid break-words\" href=\"https:\/\/www.t-online.de\/themen\/schottland\/\" data-sctrack=\"BodyAnchor\" target=\"_blank\" rel=\"noopener\">Schottland<\/a>, die teuer sei.<\/p>\n<p class=\"text-18 leading-17\">Der Republikaner sagte vor Trump-Anh\u00e4ngern bei einem Auftritt im US-Bundesstaat Pennsylvania \u00fcber die Europ\u00e4er auch: &#8222;Sie sollten besser vorsichtig sein, denn Einwanderung und Energie werden Europa zerst\u00f6ren.&#8220; Die Einwanderungspolitik sei so schlecht, dass sie &#8222;unser sch\u00f6nes Europa&#8220; zerst\u00f6re. &#8222;Ich liebe Europa&#8220;, schob Trump nach.<\/p>\n<p class=\"text-18 leading-17\">Eigentlich ging Trump in seiner Rede vor Anh\u00e4ngern, die mehr an einen Wahlkampfauftritt erinnerte, zun\u00e4chst auf innenpolitische Wirtschaftsthemen wie bezahlbare Preise im Supermarkt ein. Der US-Pr\u00e4sident nutzte dann die B\u00fchne, um Kritik, mit der die US-Regierung seit Tagen europ\u00e4ische Partner \u00fcberzieht, zu bekr\u00e4ftigen. \u00c4hnlich hatte er sich zur Einwanderungs- sowie der Energiepolitik besonders mit Blick auf Deutschland bereits gestern ge\u00e4u\u00dfert.<\/p>\n","protected":false},"excerpt":{"rendered":"US-Au\u00dfenminister Marco Rubio hat die Schriftart Times New Roman wieder zum Standard f\u00fcr offizielle Dokumente seines Ministeriums erkl\u00e4rt&hellip;\n","protected":false},"author":2,"featured_media":635990,"comment_status":"","ping_status":"","sticky":false,"template":"","format":"standard","meta":{"footnotes":""},"categories":[3933],"tags":[1217,326,7797,522,7451,331,332,12315,790,29,2789,149635,149959,548,663,158,3934,3935,6784,775,13,23542,12359,409,17580,14,25053,944,453,15,7292,8492,17359,149961,1555,1756,12,45058,23,149960,3111,64,6799,320,144682],"class_list":{"0":"post-635989","1":"post","2":"type-post","3":"status-publish","4":"format-standard","5":"has-post-thumbnail","7":"category-eu","8":"tag-1217","9":"tag-326","10":"tag-7797","11":"tag-522","12":"tag-afghanistan","13":"tag-aktuelle-nachrichten","14":"tag-aktuelle-news","15":"tag-aussenministerium-der-vereinigten-staaten","16":"tag-bitcoin","17":"tag-deutschland","18":"tag-donald-trump-jr","19":"tag-eileen-higgins","20":"tag-emilio-gonzalez","21":"tag-eu","22":"tag-europa","23":"tag-europaeische-union","24":"tag-europe","25":"tag-european-union","26":"tag-florida","27":"tag-friedrich-merz","28":"tag-headlines","29":"tag-jeffrey-epstein","30":"tag-kambodscha","31":"tag-marco-rubio","32":"tag-miami","33":"tag-nachrichten","34":"tag-new-jersey","35":"tag-new-york","36":"tag-new-york-times","37":"tag-news","38":"tag-nordsee","39":"tag-pam-bondi","40":"tag-pennsylvania","41":"tag-pocono","42":"tag-republikaner","43":"tag-rheinland-pfalz","44":"tag-schlagzeilen","45":"tag-stichwahl","46":"tag-thailand","47":"tag-tony-blinken","48":"tag-truth-social","49":"tag-usa","50":"tag-wahlkampf","51":"tag-washington","52":"tag-west-virginia"},"share_on_mastodon":{"url":"","error":"Validation failed: Text character limit of 500 exceeded"},"_links":{"self":[{"href":"https:\/\/www.europesays.com\/de\/wp-json\/wp\/v2\/posts\/635989","targetHints":{"allow":["GET"]}}],"collection":[{"href":"https:\/\/www.europesays.com\/de\/wp-json\/wp\/v2\/posts"}],"about":[{"href":"https:\/\/www.europesays.com\/de\/wp-json\/wp\/v2\/types\/post"}],"author":[{"embeddable":true,"href":"https:\/\/www.europesays.com\/de\/wp-json\/wp\/v2\/users\/2"}],"replies":[{"embeddable":true,"href":"https:\/\/www.europesays.com\/de\/wp-json\/wp\/v2\/comments?post=635989"}],"version-history":[{"count":0,"href":"https:\/\/www.europesays.com\/de\/wp-json\/wp\/v2\/posts\/635989\/revisions"}],"wp:featuredmedia":[{"embeddable":true,"href":"https:\/\/www.europesays.com\/de\/wp-json\/wp\/v2\/media\/635990"}],"wp:attachment":[{"href":"https:\/\/www.europesays.com\/de\/wp-json\/wp\/v2\/media?parent=635989"}],"wp:term":[{"taxonomy":"category","embeddable":true,"href":"https:\/\/www.europesays.com\/de\/wp-json\/wp\/v2\/categories?post=635989"},{"taxonomy":"post_tag","embeddable":true,"href":"https:\/\/www.europesays.com\/de\/wp-json\/wp\/v2\/tags?post=635989"}],"curies":[{"name":"wp","href":"https:\/\/api.w.org\/{rel}","templated":true}]}}