{"id":636107,"date":"2025-12-10T05:09:12","date_gmt":"2025-12-10T05:09:12","guid":{"rendered":"https:\/\/www.europesays.com\/de\/636107\/"},"modified":"2025-12-10T05:09:12","modified_gmt":"2025-12-10T05:09:12","slug":"wie-augsburg-beim-bauen-den-turbo-zuenden-will","status":"publish","type":"post","link":"https:\/\/www.europesays.com\/de\/636107\/","title":{"rendered":"Wie Augsburg beim Bauen den Turbo z\u00fcnden will"},"content":{"rendered":"<p class=\"mb-6 text-xs md:text-m lg:text-l font-serif group-[.font-sans]:font-sans \">\n    In Augsburg soll das Bauen k\u00fcnftig ein St\u00fcck weit vereinfacht werden und Genehmigungsverfahren beschleunigt werden. Hintergrund ist der so genannte \u201eBauturbo\u201c der Bundesregierung, der Kommunen deutlich mehr Freiheiten l\u00e4sst. Demnach w\u00e4re Nachverdichtung in bestehenden Vierteln einfacher m\u00f6glich. Bislang ist es durchaus ein Streitpunkt mit den bisherigen Nachbarn, wenn in zweiter Reihe gebaut werden soll oder ein Einfamilienhaus durch ein Mehrparteienhaus ersetzt wird. Auch gr\u00f6\u00dfere Vorhaben bis etwa 100 Wohnungen k\u00f6nnten ohne ein Bebauungsplanverfahren genehmigt werden, bei dem bisher die \u00d6ffentlichkeitsbeteiligung obligatorisch ist. Gleichzeitig k\u00f6nnte das neue Verfahren teils jahrelange Verfahren zumindest ein St\u00fcck weit abk\u00fcrzen, um dem aktuellen Wohnungsmangel etwas entgegenzusetzen.\n  <\/p>\n<ul data-module-id=\"DragDropModule\" class=\"flex flex-wrap justify-start group-[.no-bookmarks]:hidden\">\n<li class=\"mb-3 mr-3\">\n    Stefan Krog<\/p>\n<p>      Icon Haken im Kreis gesetzt<\/p>\n<p>      Icon Plus im Kreis<\/p>\n<\/li>\n<li class=\"mb-3 mr-3\">\n    Wohnungen<\/p>\n<p>      Icon Haken im Kreis gesetzt<\/p>\n<p>      Icon Plus im Kreis<\/p>\n<\/li>\n<li class=\"mb-3 mr-3\">\n    Augsburg<\/p>\n<p>      Icon Haken im Kreis gesetzt<\/p>\n<p>      Icon Plus im Kreis<\/p>\n<\/li>\n<\/ul>\n","protected":false},"excerpt":{"rendered":"In Augsburg soll das Bauen k\u00fcnftig ein St\u00fcck weit vereinfacht werden und Genehmigungsverfahren beschleunigt werden. Hintergrund ist der&hellip;\n","protected":false},"author":2,"featured_media":636108,"comment_status":"","ping_status":"","sticky":false,"template":"","format":"standard","meta":{"footnotes":""},"categories":[1846],"tags":[680,7601,146104,772,37213,1173,3364,29,548,663,3934,30,94193,13,14,16363,15,12,149981,5337,5730],"class_list":{"0":"post-636107","1":"post","2":"type-post","3":"status-publish","4":"format-standard","5":"has-post-thumbnail","7":"category-augsburg","8":"tag-augsburg","9":"tag-bauprojekt","10":"tag-bauturbo","11":"tag-bayern","12":"tag-bergheim","13":"tag-bundesregierung","14":"tag-de","15":"tag-deutschland","16":"tag-eu","17":"tag-europa","18":"tag-europe","19":"tag-germany","20":"tag-gratwanderung","21":"tag-headlines","22":"tag-nachrichten","23":"tag-nachverdichtung","24":"tag-news","25":"tag-schlagzeilen","26":"tag-tobias-haeberle","27":"tag-wohnungen","28":"tag-wohnungsmangel"},"share_on_mastodon":{"url":"https:\/\/pubeurope.com\/@de\/115693549285743856","error":""},"_links":{"self":[{"href":"https:\/\/www.europesays.com\/de\/wp-json\/wp\/v2\/posts\/636107","targetHints":{"allow":["GET"]}}],"collection":[{"href":"https:\/\/www.europesays.com\/de\/wp-json\/wp\/v2\/posts"}],"about":[{"href":"https:\/\/www.europesays.com\/de\/wp-json\/wp\/v2\/types\/post"}],"author":[{"embeddable":true,"href":"https:\/\/www.europesays.com\/de\/wp-json\/wp\/v2\/users\/2"}],"replies":[{"embeddable":true,"href":"https:\/\/www.europesays.com\/de\/wp-json\/wp\/v2\/comments?post=636107"}],"version-history":[{"count":0,"href":"https:\/\/www.europesays.com\/de\/wp-json\/wp\/v2\/posts\/636107\/revisions"}],"wp:featuredmedia":[{"embeddable":true,"href":"https:\/\/www.europesays.com\/de\/wp-json\/wp\/v2\/media\/636108"}],"wp:attachment":[{"href":"https:\/\/www.europesays.com\/de\/wp-json\/wp\/v2\/media?parent=636107"}],"wp:term":[{"taxonomy":"category","embeddable":true,"href":"https:\/\/www.europesays.com\/de\/wp-json\/wp\/v2\/categories?post=636107"},{"taxonomy":"post_tag","embeddable":true,"href":"https:\/\/www.europesays.com\/de\/wp-json\/wp\/v2\/tags?post=636107"}],"curies":[{"name":"wp","href":"https:\/\/api.w.org\/{rel}","templated":true}]}}