{"id":636169,"date":"2025-12-10T05:54:14","date_gmt":"2025-12-10T05:54:14","guid":{"rendered":"https:\/\/www.europesays.com\/de\/636169\/"},"modified":"2025-12-10T05:54:14","modified_gmt":"2025-12-10T05:54:14","slug":"h-bahnen-fallen-ab-heute-aus-live-verkehrsticker","status":"publish","type":"post","link":"https:\/\/www.europesays.com\/de\/636169\/","title":{"rendered":"H-Bahnen fallen ab heute aus \u2013 Live-Verkehrsticker"},"content":{"rendered":"<p>\t\tKomplettausfall der H-Bahnen ab heute f\u00fcr einige Tage<br \/>\n\t\t\t\t\tLive-Verkehrsticker f\u00fcr Dortmund<\/p>\n<p>    <a href=\"https:\/\/www.ruhrnachrichten.de\/wp-content\/uploads\/2025\/12\/09\/16\/630_0900_5455180_-1648x822.jpg\" rel=\"nofollow noopener\" target=\"_blank\"><\/p>\n<p>            <img loading=\"lazy\" decoding=\"async\" src=\"https:\/\/www.europesays.com\/de\/wp-content\/uploads\/2025\/12\/630_0900_5455176_-640x426.jpg\" width=\"640\" height=\"426\"  alt=\"\"\/><\/p>\n<p>    <\/a><br \/>\n    Die H-Bahnen werden f\u00fcr einige Tage durch Busse ersetzt. (Archivbild) \u00a9 DSW21<\/p>\n<p class=\"article__teaser-text\">Die H-Bahnen fahren f\u00fcr einige Tage nicht. Stattdessen sind Busse im Einsatz. Alle Infos zum Verkehr in Dortmund im Liveticker.<\/p>\n<p>1 Min Lesezeit<\/p>\n<p>Dein Verkehrstipp an die RedaktionFragen und Antworten zum Verkehrsticker f\u00fcr DortmundZu welchen Uhrzeiten berichten wir im Liveblog?A1, A2, A40, B1, A44, B54, B236 \u2013 und was noch?Wie kann ich beim Verkehrsticker f\u00fcr Dortmund mitmachen?<\/p>\n","protected":false},"excerpt":{"rendered":"Komplettausfall der H-Bahnen ab heute f\u00fcr einige Tage Live-Verkehrsticker f\u00fcr Dortmund Die H-Bahnen werden f\u00fcr einige Tage durch&hellip;\n","protected":false},"author":2,"featured_media":635299,"comment_status":"","ping_status":"","sticky":false,"template":"","format":"standard","meta":{"footnotes":""},"categories":[1833],"tags":[3364,29,217,30,3272,1209,3587],"class_list":{"0":"post-636169","1":"post","2":"type-post","3":"status-publish","4":"format-standard","5":"has-post-thumbnail","7":"category-dortmund","8":"tag-de","9":"tag-deutschland","10":"tag-dortmund","11":"tag-germany","12":"tag-liveblog","13":"tag-nordrhein-westfalen","14":"tag-verkehr-mobilitaet"},"share_on_mastodon":{"url":"https:\/\/pubeurope.com\/@de\/115693726340298517","error":""},"_links":{"self":[{"href":"https:\/\/www.europesays.com\/de\/wp-json\/wp\/v2\/posts\/636169","targetHints":{"allow":["GET"]}}],"collection":[{"href":"https:\/\/www.europesays.com\/de\/wp-json\/wp\/v2\/posts"}],"about":[{"href":"https:\/\/www.europesays.com\/de\/wp-json\/wp\/v2\/types\/post"}],"author":[{"embeddable":true,"href":"https:\/\/www.europesays.com\/de\/wp-json\/wp\/v2\/users\/2"}],"replies":[{"embeddable":true,"href":"https:\/\/www.europesays.com\/de\/wp-json\/wp\/v2\/comments?post=636169"}],"version-history":[{"count":0,"href":"https:\/\/www.europesays.com\/de\/wp-json\/wp\/v2\/posts\/636169\/revisions"}],"wp:featuredmedia":[{"embeddable":true,"href":"https:\/\/www.europesays.com\/de\/wp-json\/wp\/v2\/media\/635299"}],"wp:attachment":[{"href":"https:\/\/www.europesays.com\/de\/wp-json\/wp\/v2\/media?parent=636169"}],"wp:term":[{"taxonomy":"category","embeddable":true,"href":"https:\/\/www.europesays.com\/de\/wp-json\/wp\/v2\/categories?post=636169"},{"taxonomy":"post_tag","embeddable":true,"href":"https:\/\/www.europesays.com\/de\/wp-json\/wp\/v2\/tags?post=636169"}],"curies":[{"name":"wp","href":"https:\/\/api.w.org\/{rel}","templated":true}]}}