{"id":636177,"date":"2025-12-10T05:59:15","date_gmt":"2025-12-10T05:59:15","guid":{"rendered":"https:\/\/www.europesays.com\/de\/636177\/"},"modified":"2025-12-10T05:59:15","modified_gmt":"2025-12-10T05:59:15","slug":"baden-wuerttemberg-bahn-aufsichtsrat-beschaeftigt-sich-mit-stuttgart-21","status":"publish","type":"post","link":"https:\/\/www.europesays.com\/de\/636177\/","title":{"rendered":"Baden-W\u00fcrttemberg: Bahn-Aufsichtsrat besch\u00e4ftigt sich mit Stuttgart 21"},"content":{"rendered":"<p>Baden-W\u00fcrttembergBahn-Aufsichtsrat besch\u00e4ftigt sich mit Stuttgart 21<img decoding=\"async\" class=\"Image_img__fQCi0 Image_Img_16_9__4BLfH\" loading=\"eager\" fetchpriority=\"high\" src=\"https:\/\/www.europesays.com\/de\/wp-content\/uploads\/2025\/12\/Am-Mittwoch-tagt-der-Aufsichtsrat-der-Deutschen-Bahn-zum-letzten-Mal-in-diesem-Jahr.webp.webp\" alt=\"Am-Mittwoch-tagt-der-Aufsichtsrat-der-Deutschen-Bahn-zum-letzten-Mal-in-diesem-Jahr\"\/>(Foto: Christoph Soeder\/dpa)TeilenFolgen auf:<a href=\"https:\/\/www.whatsapp.com\/channel\/0029Va5cdVJD8SDp5YZgYF01\" title=\"Auf WhatsApp folgen\" target=\"_blank\" rel=\"nofollow noopener\"><img decoding=\"async\" src=\"https:\/\/www.n-tv.de\/socialIcons\/whatsapp.svg\" alt=\"whatsapp\" class=\"ArticleShare_icon__FsrC2\"\/><\/a><a href=\"https:\/\/news.google.com\/publications\/CAAiEPMdif5mpRNxiLOeUpHCwwsqFAgKIhDzHYn-ZqUTcYiznlKRwsML?hl=de&amp;gl=DE&amp;ceid=DE%3Ade\" title=\"Auf Google News folgen\" target=\"_blank\" rel=\"nofollow noopener\"><img decoding=\"async\" src=\"https:\/\/www.n-tv.de\/socialIcons\/google.svg\" alt=\"whatsapp\" class=\"ArticleShare_icon__FsrC2\"\/><\/a><\/p>\n<p class=\"Typography_text-m__XI0da Typography_weight-bold__uT6mq storyline_lead_text_leadtext__q_wg8\">Bahnchefin Evelyn Palla will den Konzern umkrempeln. Ihr Konzept f\u00fcr die Neuordnung legt sie nun dem Aufsichtsrat vor. Auf dessen Tagesordnung steht auch eine Dauerbaustelle.<\/p>\n<p class=\"Typography_text-default__P3otY Typography_weight-normal__pqUbH storyline_paragraph_p__qSR5N\">Berlin (dpa\/lsw) &#8211; Der Aufsichtsrat der Deutschen Bahn besch\u00e4ftigt sich heute auf seiner letzten Sitzung in diesem Jahr unter anderem mit einer neuen Konzernstruktur sowie mit der versp\u00e4teten Inbetriebnahme des Gro\u00dfprojekts Stuttgart 21.<\/p>\n<p class=\"Typography_text-default__P3otY Typography_weight-normal__pqUbH storyline_paragraph_p__qSR5N\">Im November wurde bekannt, dass auch die f\u00fcr Ende 2026 geplante Teiler\u00f6ffnung des neuen Tiefbahnhofs in der baden-w\u00fcrttembergischen Landeshauptstadt nicht zu halten sein wird. Ein neues Er\u00f6ffnungsdatum gibt es bisher nicht. Technische Probleme bei der Digitalisierung und beim Bau des Bahnhofs sind der Bahn zufolge der Grund f\u00fcr die erneute geplante Verschiebung.<\/p>\n<p class=\"Typography_text-default__P3otY Typography_weight-normal__pqUbH storyline_paragraph_p__qSR5N\">Das Kontrollgremium muss zudem \u00fcber eine Neuordnung des Konzerns unter der neuen Bahnchefin Evelyn Palla abstimmen. Die Managerin will insbesondere die Zentrale deutlich verschlanken und mehr Verantwortung in die Regionen abgeben, dorthin, wo Entscheidungen vor Ort getroffen werden m\u00fcssen. Details will das Unternehmen am Donnerstag vorstellen.<\/p>\n<p class=\"Typography_text-s__wu_cm Typography_weight-normal__pqUbH Typography_color-darkgrey__sZEnP article-detail-footer_source__KslPc\">Quelle: dpa<\/p>\n","protected":false},"excerpt":{"rendered":"Baden-W\u00fcrttembergBahn-Aufsichtsrat besch\u00e4ftigt sich mit Stuttgart 21(Foto: Christoph Soeder\/dpa)TeilenFolgen auf: Bahnchefin Evelyn Palla will den Konzern umkrempeln. Ihr Konzept&hellip;\n","protected":false},"author":2,"featured_media":636178,"comment_status":"","ping_status":"","sticky":false,"template":"","format":"standard","meta":{"footnotes":""},"categories":[1830],"tags":[1634,3364,29,30,1441],"class_list":{"0":"post-636177","1":"post","2":"type-post","3":"status-publish","4":"format-standard","5":"has-post-thumbnail","7":"category-stuttgart","8":"tag-baden-wuerttemberg","9":"tag-de","10":"tag-deutschland","11":"tag-germany","12":"tag-stuttgart"},"share_on_mastodon":{"url":"https:\/\/pubeurope.com\/@de\/115693746353635203","error":""},"_links":{"self":[{"href":"https:\/\/www.europesays.com\/de\/wp-json\/wp\/v2\/posts\/636177","targetHints":{"allow":["GET"]}}],"collection":[{"href":"https:\/\/www.europesays.com\/de\/wp-json\/wp\/v2\/posts"}],"about":[{"href":"https:\/\/www.europesays.com\/de\/wp-json\/wp\/v2\/types\/post"}],"author":[{"embeddable":true,"href":"https:\/\/www.europesays.com\/de\/wp-json\/wp\/v2\/users\/2"}],"replies":[{"embeddable":true,"href":"https:\/\/www.europesays.com\/de\/wp-json\/wp\/v2\/comments?post=636177"}],"version-history":[{"count":0,"href":"https:\/\/www.europesays.com\/de\/wp-json\/wp\/v2\/posts\/636177\/revisions"}],"wp:featuredmedia":[{"embeddable":true,"href":"https:\/\/www.europesays.com\/de\/wp-json\/wp\/v2\/media\/636178"}],"wp:attachment":[{"href":"https:\/\/www.europesays.com\/de\/wp-json\/wp\/v2\/media?parent=636177"}],"wp:term":[{"taxonomy":"category","embeddable":true,"href":"https:\/\/www.europesays.com\/de\/wp-json\/wp\/v2\/categories?post=636177"},{"taxonomy":"post_tag","embeddable":true,"href":"https:\/\/www.europesays.com\/de\/wp-json\/wp\/v2\/tags?post=636177"}],"curies":[{"name":"wp","href":"https:\/\/api.w.org\/{rel}","templated":true}]}}