{"id":636193,"date":"2025-12-10T06:08:14","date_gmt":"2025-12-10T06:08:14","guid":{"rendered":"https:\/\/www.europesays.com\/de\/636193\/"},"modified":"2025-12-10T06:08:14","modified_gmt":"2025-12-10T06:08:14","slug":"harry-potter-in-hamburg-show-endet-im-sommer","status":"publish","type":"post","link":"https:\/\/www.europesays.com\/de\/636193\/","title":{"rendered":"Harry Potter in Hamburg: Show endet im Sommer"},"content":{"rendered":"<p>Harry Potter sagt Hamburg bald Adieu: Die Show l\u00e4uft nur noch bis Sommer und macht Platz f\u00fcr eine neue Produktion ab Herbst 2026. <\/p>\n<p>            &#13;<br \/>\n              Ende des \u201eHarry Potter\u201c-Theaterst\u00fccks r\u00fcckt in Hamburg n\u00e4her <\/p>\n<p>Seit Ende 2021 begeistert das Theaterst\u00fcck \u201eHarry Potter und das verwunschene Kind\u201c das Publikum in Hamburg. Mehr als 1,5 Millionen Menschen haben die Show am Gro\u00dfmarkt bereits besucht. Doch im kommenden Sommer endet die Produktion nach viereinhalb Jahren. Die Produzenten zeigen sich dankbar f\u00fcr die au\u00dfergew\u00f6hnliche Zeit in der Stadt. <\/p>\n<p>Hamburg verliert eine besondere \u201eHarry Potter\u201c-Inszenierung <\/p>\n<p>Die Hamburger Fassung war die erste nicht-englischsprachige Version des Theaterst\u00fccks. F\u00fcr die spektakul\u00e4ren Effekte wurde das Theater aufwendig umgebaut. Die Geschichte folgt dem erwachsenen Harry Potter und seinem Sohn Albus Severus, der mithilfe eines Zeitumkehrers Fehler der Vergangenheit ungeschehen machen will. Dabei sorgt er gemeinsam mit Scorpius Malfoy f\u00fcr gro\u00dfe Turbulenzen. <\/p>\n<p>Ende der Spielzeit, bevor 2026 Neues in Hamburg startet <\/p>\n<p>Im Sommer f\u00e4llt der letzte Vorhang f\u00fcr die aktuelle Inszenierung. Die Produzenten k\u00fcndigen an, dass im Herbst 2026 eine neue Show in das Theater einziehen soll. Damit endet ein besonderes Kapitel f\u00fcr den Standort Hamburg. Bis dahin bleiben den Fans noch mehrere Monate, das St\u00fcck live zu erleben. <\/p>\n<p>Premiere von \u201eHarry Potter\u201c verz\u00f6gerte sich wegen Corona <\/p>\n<p>Eigentlich sollte das St\u00fcck bereits am 15. M\u00e4rz 2020 Premiere feiern. Die Corona-Pandemie f\u00fchrte jedoch zu mehrfachen Verschiebungen. Erst am 5. Dezember 2021 konnte die deutsche Premiere stattfinden. Anfangs lief die Show in zwei Teilen, seit Februar 2023 wird sie in einer kompakten Version gezeigt. <\/p>\n<p>Gro\u00dfer Cast-Wechsel kurz vor dem Ende der Produktion <\/p>\n<p>Ende Oktober gab es einen umfangreichen Wechsel im Ensemble. 25 der 40 Schauspieler traten neu an. Auch die meisten Hauptrollen wurden neu besetzt. Damit erhielt die Produktion kurz vor dem Ende noch einmal ein frisches Gesicht. Im Herbst 2026 soll es in dem Theater dann eine neue Show geben. (dpa\/meb) <\/p>\n","protected":false},"excerpt":{"rendered":"Harry Potter sagt Hamburg bald Adieu: Die Show l\u00e4uft nur noch bis Sommer und macht Platz f\u00fcr eine&hellip;\n","protected":false},"author":2,"featured_media":636194,"comment_status":"","ping_status":"","sticky":false,"template":"","format":"standard","meta":{"footnotes":""},"categories":[1826],"tags":[29,30,692,3511,80,2075,810,94],"class_list":{"0":"post-636193","1":"post","2":"type-post","3":"status-publish","4":"format-standard","5":"has-post-thumbnail","7":"category-hamburg","8":"tag-deutschland","9":"tag-germany","10":"tag-hamburg","11":"tag-harry-potter","12":"tag-kultur","13":"tag-kunst","14":"tag-musik","15":"tag-theater"},"share_on_mastodon":{"url":"https:\/\/pubeurope.com\/@de\/115693781413175462","error":""},"_links":{"self":[{"href":"https:\/\/www.europesays.com\/de\/wp-json\/wp\/v2\/posts\/636193","targetHints":{"allow":["GET"]}}],"collection":[{"href":"https:\/\/www.europesays.com\/de\/wp-json\/wp\/v2\/posts"}],"about":[{"href":"https:\/\/www.europesays.com\/de\/wp-json\/wp\/v2\/types\/post"}],"author":[{"embeddable":true,"href":"https:\/\/www.europesays.com\/de\/wp-json\/wp\/v2\/users\/2"}],"replies":[{"embeddable":true,"href":"https:\/\/www.europesays.com\/de\/wp-json\/wp\/v2\/comments?post=636193"}],"version-history":[{"count":0,"href":"https:\/\/www.europesays.com\/de\/wp-json\/wp\/v2\/posts\/636193\/revisions"}],"wp:featuredmedia":[{"embeddable":true,"href":"https:\/\/www.europesays.com\/de\/wp-json\/wp\/v2\/media\/636194"}],"wp:attachment":[{"href":"https:\/\/www.europesays.com\/de\/wp-json\/wp\/v2\/media?parent=636193"}],"wp:term":[{"taxonomy":"category","embeddable":true,"href":"https:\/\/www.europesays.com\/de\/wp-json\/wp\/v2\/categories?post=636193"},{"taxonomy":"post_tag","embeddable":true,"href":"https:\/\/www.europesays.com\/de\/wp-json\/wp\/v2\/tags?post=636193"}],"curies":[{"name":"wp","href":"https:\/\/api.w.org\/{rel}","templated":true}]}}