{"id":636300,"date":"2025-12-10T07:12:20","date_gmt":"2025-12-10T07:12:20","guid":{"rendered":"https:\/\/www.europesays.com\/de\/636300\/"},"modified":"2025-12-10T07:12:20","modified_gmt":"2025-12-10T07:12:20","slug":"extinction-rebellion-will-fritz-foerster-platz-blockieren","status":"publish","type":"post","link":"https:\/\/www.europesays.com\/de\/636300\/","title":{"rendered":"Extinction Rebellion will Fritz-Foerster-Platz blockieren"},"content":{"rendered":"<p>Klimaprotest in Dresden <\/p>\n<p>Extinction Rebellion will Fritz-Foerster-Platz blockieren<\/p>\n<p>10.12.2025 &#8211; 08:05 UhrLesedauer: 1 Min.<\/p>\n<p><a href=\"#focus-0\" class=\"transition-colors duration-200 block text-current relative\" data-sctrack=\"FocusGalleryImage.Reference\"><img fetchpriority=\"high\" data-testid=\"Opener.Image\" style=\"--lqipURL:url('https:\/\/images.t-online.de\/2025\/12\/cBvs2Twt8OMq\/0x118:2048x1152\/fit-in\/150x0\/filters:blur(25)\/die-klimaaktivsten-von-extinction-rebellion-planen-erneut-strassenblockaden-in-dresden-archivbild.jpg')\"   loading=\"eager\" src=\"https:\/\/www.europesays.com\/de\/wp-content\/uploads\/2025\/12\/die-klimaaktivsten-von-extinction-rebellion-planen-erneut-strassenblockaden-in-dresden-archivbild.jp.jpeg\" alt=\"Stra\u00dfenblockade von Klimaaktivisten in Dresden\" title=\"Stra\u00dfenblockade von Klimaaktivisten in Dresden\" width=\"2048\" height=\"1152\" class=\"bg-[url:var(--lqipURL)] bg-cover bg-center flex h-full w-full max-w-full\" decoding=\"async\"\/><img style=\"--width:32;--height:32\" loading=\"lazy\" src=\"https:\/\/dresden.t-online.de\/s\/paper\/_next\/static\/media\/zoom-in.f7dae02f.svg\" alt=\"Vergr\u00f6\u00dfern des Bildes\" title=\"Vergr\u00f6\u00dfern des Bildes\" class=\"block h-[calc(var(--height)_\/_16_*_1rem)] w-[calc(var(--width)_\/_16_*_1rem)] max-w-none absolute bottom-8 right-8 rounded-4 bg-snow p-8\" decoding=\"async\"\/><\/a><\/p>\n<p>Klimaaktivisten von Extinction Rebellion (Archivbild): Am Donnerstag wollen sie erneut in Dresden protestieren. (Quelle: Robert Michael\/dpa\/dpa-bilder)<\/p>\n<p class=\"font-bold text-18 leading-17\">Aktivisten wollen den viel befahrenen Platz lahmlegen. Die Gruppierung fordert von der Stadt mehr Einsatz f\u00fcr erneuerbare W\u00e4rmequellen.<\/p>\n<p class=\"text-18 leading-17\">Die Umweltinitiative Extinction Rebellion hat f\u00fcr Donnerstagmorgen kurzzeitige Stra\u00dfenblockaden am Fritz-Foerster-Platz in Dresden angek\u00fcndigt.<\/p>\n<p class=\"text-18 leading-17\">Ab 8.45 Uhr wollen die Aktivisten den stark befahrenen Verkehrsknotenpunkt f\u00fcr jeweils sieben Minuten blockieren. Die Stadt Dresden rechnet laut ihrer Versammlungs\u00fcbersicht mit etwa 20 Teilnehmern.<\/p>\n<p class=\"text-18 leading-17\">Die Protestierenden fordern einen Umstieg auf erneuerbare W\u00e4rmequellen in Dresden. Sie kritisieren den Einsatz von fossilem Erdgas und die damit verbundenen Treibhausgasemissionen.<\/p>\n<p class=\"text-18 leading-17\">Klimaaktivist Christian Bl\u00e4ul erkl\u00e4rte: &#8222;Wer heute beim Klimaschutz spart, zahlt morgen mehrfach \u2013 durch steigende Energiepreise, CO2-Kosten und verpasste wirtschaftliche Chancen.&#8220;<\/p>\n<p class=\"text-18 leading-17\">Extinction Rebellion nutzte bereits im vergangenen Jahr Stra\u00dfenblockaden als Protestform in Dresden. Damals demonstrierte die Gruppe gegen Luftverschmutzung.<\/p>\n","protected":false},"excerpt":{"rendered":"Klimaprotest in Dresden Extinction Rebellion will Fritz-Foerster-Platz blockieren 10.12.2025 &#8211; 08:05 UhrLesedauer: 1 Min. Klimaaktivisten von Extinction Rebellion&hellip;\n","protected":false},"author":2,"featured_media":636301,"comment_status":"","ping_status":"","sticky":false,"template":"","format":"standard","meta":{"footnotes":""},"categories":[1835],"tags":[722,17161,3364,29,2386,5756,30,5576,5574,859],"class_list":{"0":"post-636300","1":"post","2":"type-post","3":"status-publish","4":"format-standard","5":"has-post-thumbnail","7":"category-dresden","8":"tag-722","9":"tag-17161","10":"tag-de","11":"tag-deutschland","12":"tag-dresden","13":"tag-extinction-rebellion","14":"tag-germany","15":"tag-klimaaktivisten","16":"tag-klimaprotest","17":"tag-sachsen"},"share_on_mastodon":{"url":"https:\/\/pubeurope.com\/@de\/115694033068918917","error":""},"_links":{"self":[{"href":"https:\/\/www.europesays.com\/de\/wp-json\/wp\/v2\/posts\/636300","targetHints":{"allow":["GET"]}}],"collection":[{"href":"https:\/\/www.europesays.com\/de\/wp-json\/wp\/v2\/posts"}],"about":[{"href":"https:\/\/www.europesays.com\/de\/wp-json\/wp\/v2\/types\/post"}],"author":[{"embeddable":true,"href":"https:\/\/www.europesays.com\/de\/wp-json\/wp\/v2\/users\/2"}],"replies":[{"embeddable":true,"href":"https:\/\/www.europesays.com\/de\/wp-json\/wp\/v2\/comments?post=636300"}],"version-history":[{"count":0,"href":"https:\/\/www.europesays.com\/de\/wp-json\/wp\/v2\/posts\/636300\/revisions"}],"wp:featuredmedia":[{"embeddable":true,"href":"https:\/\/www.europesays.com\/de\/wp-json\/wp\/v2\/media\/636301"}],"wp:attachment":[{"href":"https:\/\/www.europesays.com\/de\/wp-json\/wp\/v2\/media?parent=636300"}],"wp:term":[{"taxonomy":"category","embeddable":true,"href":"https:\/\/www.europesays.com\/de\/wp-json\/wp\/v2\/categories?post=636300"},{"taxonomy":"post_tag","embeddable":true,"href":"https:\/\/www.europesays.com\/de\/wp-json\/wp\/v2\/tags?post=636300"}],"curies":[{"name":"wp","href":"https:\/\/api.w.org\/{rel}","templated":true}]}}