{"id":636315,"date":"2025-12-10T07:20:16","date_gmt":"2025-12-10T07:20:16","guid":{"rendered":"https:\/\/www.europesays.com\/de\/636315\/"},"modified":"2025-12-10T07:20:16","modified_gmt":"2025-12-10T07:20:16","slug":"wo-kann-man-in-leipzig-lastenraeder-leihen-pilotprojekt-zieht-bilanz","status":"publish","type":"post","link":"https:\/\/www.europesays.com\/de\/636315\/","title":{"rendered":"Wo kann man in Leipzig Lastenr\u00e4der leihen? \u2013 Pilotprojekt zieht Bilanz"},"content":{"rendered":"<p class=\"Textstyled__Text-sc-1cqv9mi-0 cLyiiX\">Leipzig. Die Leipziger Lastenrad-Landschaft befindet sich im Umbruch. Seit einem Jahr \u201epausiert\u201c das st\u00e4dtische Leihsystem, hie\u00df es bis vor wenigen Tagen auf der Homepage. Tats\u00e4chlich ist das Pilotprojekt beendet. Ihre Transportr\u00e4der hat die Kommune an ein privates Unternehmen abgegeben.<\/p>\n<p>Weiterlesen nach der Anzeige<\/p>\n<p>Weiterlesen nach der Anzeige<\/p>\n<p class=\"Textstyled__Text-sc-1cqv9mi-0 cLyiiX\">Von einstigen Ambitionen, bis 2025 ein System mit 75 Lastenr\u00e4dern in ganz Leipzig aufzubauen, ist aktuell nicht mehr viel \u00fcbrig. H\u00f6rt man sich in der Branche um, fallen S\u00e4tze wie: \u201eDie Euphorie ist ein bisschen verflogen.\u201c Nach einer mehr als zweij\u00e4hrigen Testphase war die Luft offenbar erstmal raus.<\/p>\n<p>Pilotbetrieb von Lastenr\u00e4dern in Leipzig beendet<\/p>\n<p class=\"Textstyled__Text-sc-1cqv9mi-0 cLyiiX\">Von Juli 2022 an lie\u00dfen sich in Leipzig \u00fcber den Anbieter Nextbike Lastenr\u00e4der ausleihen. Gef\u00f6rdert vom Bundesprogramm Transportrad Initiative Nachhaltiger Kommunen (TINK), mit Know-How, Monitoring und 15 Lastenr\u00e4dern. Das Amt f\u00fcr Wirtschaftsf\u00f6rderung verdoppelte die Anzahl, um die R\u00e4der auch an Gewerbestandorten zu erproben.<\/p>\n<p>Weiterlesen nach der Anzeige<\/p>\n<p>Weiterlesen nach der Anzeige<\/p>\n<p class=\"Textstyled__Text-sc-1cqv9mi-0 cLyiiX\">Seitdem wurde der Pilotbetrieb mehrfach verl\u00e4ngert. Der Fahrradkurierdienst Fulmo \u00fcbernahm die Logistik. Die Stadt schoss nach eigenen Angaben j\u00e4hrlich 55.000 Euro aus dem Klimaschutzprogramm zu. Ein eigenwirtschaftlicher Betrieb eines Leihsystems galt schon damals als herausfordernd.<\/p>\n<p class=\"Textstyled__Text-sc-1cqv9mi-0 cLyiiX\">Konkret kostete jedes Lastenrad im Schnitt 117 Euro pro Monat, wie aus einem <a href=\"https:\/\/tink.bike\/wp-content\/uploads\/2025\/05\/ENTWURF_Abschlussevaluation-des-Leipziger-Transportrad-Mietsystems.pdf\" target=\"_self\" rel=\"nofollow noopener\" title=\"https:\/\/tink.bike\/wp-content\/uploads\/2025\/05\/ENTWURF_Abschlussevaluation-des-Leipziger-Transportrad-Mietsystems.pdf\" data-vars-event-category=\"intext_link\" data-vars-event-action=\"click\" data-vars-event-label=\"https:\/\/tink.bike\/wp-content\/uploads\/2025\/05\/ENTWURF_Abschlussevaluation-des-Leipziger-Transportrad-Mietsystems.pdf\">Evaluationsbericht<\/a> hervorgeht. Stark abh\u00e4ngig vom Standort und der Jahreszeit. Insbesondere im Winter war die Nutzung mit durchschnittlich einer Leihe alle f\u00fcnf Tage sehr gering. Dazu kamen: zerstochene Reifen, gestohlene Akkus und eine gro\u00dfe Zahl an Fehlabstellungen.<\/p>\n<p><img decoding=\"async\" alt=\"Auswertung f\u00fcr die Data Science Challenge: Viele Lastenrad-Touren (gelb) endeten w\u00e4hrend des Pilotprojekts in Leipzig an anderen Orten (gr\u00fcn) als an den vorgesehenen Abgabestellen (rot). Die falsch abgestellten Transportr\u00e4der wieder richtig zu sortieren, kostete Zeit und Geld.\" loading=\"lazy\"  src=\"https:\/\/www.europesays.com\/de\/wp-content\/uploads\/2025\/12\/PXUYN4BXVJBYBOUUUK6KSUHTE4.jpg\" \/><\/p>\n<p class=\"Textstyled__Text-sc-1cqv9mi-0 cLyiiX\">Zugleich diente der Leihbetrieb vielen Menschen als erster Kontakt zum Lastenrad: ob zur Kinderabholung, zum Gro\u00dfeinkauf oder zum Warentransport. Fast jede zweite Leihe ersetzte dem Bericht zufolge eine Autofahrt. Das Rathaus bewertet das Pilotprojekt als erfolgreich.<\/p>\n<p>Leipziger Unternehmen Fulmo h\u00e4lt die Fahne hoch<\/p>\n<p class=\"Textstyled__Text-sc-1cqv9mi-0 cLyiiX\">Trotzdem beendete die Kommune Ende 2024 den Testbetrieb, es fehle das Geld. Die noch vorhandenen 14 R\u00e4der wurden im Juni als Zuwendung an das Leipziger Unternehmen Fulmo Velobility abgegeben.<\/p>\n<p>Weiterlesen nach der Anzeige<\/p>\n<p>Weiterlesen nach der Anzeige<\/p>\n<p class=\"Textstyled__Text-sc-1cqv9mi-0 cLyiiX\">Dieses konnte mit den alten Modellen nicht viel anfangen und stellte sie zum Verkauf. Zu dritt entwickelte man in der eigenen Werkstatt eine Alternative. Leichter reparierbar sollte sie sein, das Reifenwechseln dauere jetzt f\u00fcnf statt 25 Minuten, erz\u00e4hlt Mitgr\u00fcnder Florian Exner. \u201eInsbesondere im Winter sind einem da bei Reparaturen fr\u00fcher fast die H\u00e4nde abgefroren\u201c, sagt er, um direkt hinterherzuschieben: \u201eUnd dadurch sparen wir Personalkosten.\u201c<\/p>\n<p>App zum Leihen von Lastenr\u00e4dern<\/p>\n<p class=\"Textstyled__Text-sc-1cqv9mi-0 cLyiiX\">Denn ohne \u00f6ffentliche Zusch\u00fcsse geht es nur mit einer guten Portion Idealismus: \u201eWir kommen aus einem fahrradenthusiastischen Umfeld, sonst k\u00f6nnten wir das hier nicht machen.\u201c Nun sind die ersten R\u00e4der wieder \u00fcber eine App ausleihbar. Exner blickt optimistisch in die Zukunft: Schon bald sollen sich ihre selbstgebauten Lastenr\u00e4der auf 30 verdoppeln, eventuell wollen sie auch in anderen St\u00e4dten Fu\u00df fassen.<\/p>\n<p>Wo kann man in Leipzig Lastenr\u00e4der ausleihen?<\/p>\n<p class=\"Textstyled__Text-sc-1cqv9mi-0 kEnWSL Infoboxstyled__InfoText-sc-1l4p3ie-1 frXoXc\">Fulmo nimmt f\u00fcr eine Stunde 3,50 (Muskel) bzw. 5 Euro (Elektro). Die R\u00e4der sind buchbar \u00fcber eine App. Ebenso jene von den Leipziger Verkehrsbetrieben. Bei Rad3 lassen sich die R\u00e4der tagesweise mieten, das kostet 26 bzw. 38 Euro. Vereine wie der ADFC und der BUND bieten eine kosteng\u00fcnstige oder spendenbasierte Alternative. Im Lastenradkollektiv KOLARA verleihen private Eigent\u00fcmer ihre R\u00e4der.<\/p>\n<p class=\"Textstyled__Text-sc-1cqv9mi-0 cLyiiX\">Klar ist aber auch f\u00fcr Fulmo: In den Randbezirken, wie vom Stadtrat gefordert und im Radverkehrsentwicklungsplan empfohlen, wird es ohne \u00f6ffentliche Gelder nicht gehen. \u201eInnenstadtfern ist bisher noch kein uns bekanntes Transportradsystem (und vermutlich \u00fcberhaupt kein Sharing-Anbieter) wirtschaftlich, so dass ein Unternehmen ohne Bezuschussung nicht in der Stadt aktiv werden wird\u201c, konstatiert das Rathaus auf Anfrage.<\/p>\n<p class=\"Textstyled__Text-sc-1cqv9mi-0 cLyiiX\">Best\u00e4tigt wird das durch einen Test der Leipziger Verkehrsbetriebe. Seit dem Fr\u00fchjahr stehen vier Lastenr\u00e4der in Gohlis-Nord, Mockau, Lindenthal und Wahren. \u201eDie Nutzung im Norden ist mit im Schnitt 0,5 Leihen pro Rad und Tag eher m\u00e4\u00dfig\u201c, sagt Konzernsprecher Marc Backhaus. Nicht vergleichbar mit Zahlen, wie etwa in der S\u00fcdvorstadt. Ob das Projekt im kommenden Jahr verl\u00e4ngert werde, sei noch unklar.<\/p>\n<p>Weiterlesen nach der Anzeige<\/p>\n<p>Weiterlesen nach der Anzeige<\/p>\n<p>Lastenr\u00e4der: CDU skeptisch, SPD daf\u00fcr<\/p>\n<p class=\"Textstyled__Text-sc-1cqv9mi-0 cLyiiX\">Die Auswertung k\u00f6nnte auch ein Wegweiser f\u00fcr die gesamtst\u00e4dtische Lastenrad-Strategie sein. Der Aufbau eines Leihsystems sei weiter geplant, gibt das Mobilit\u00e4ts- und Tiefbauamt zu Protokoll. Fr\u00fchere <a href=\"https:\/\/ratsinformation.leipzig.de\/allris_leipzig_public\/vo020?VOLFDNR=2012983&amp;refresh=false\" target=\"_self\" rel=\"nofollow noopener\" title=\"https:\/\/ratsinformation.leipzig.de\/allris_leipzig_public\/vo020?VOLFDNR=2012983&amp;refresh=false\" data-vars-event-category=\"intext_link\" data-vars-event-action=\"click\" data-vars-event-label=\"https:\/\/ratsinformation.leipzig.de\/allris_leipzig_public\/vo020?VOLFDNR=2012983&amp;refresh=false\">Pl\u00e4ne<\/a>, m\u00f6glichst schnell einen Anbieter mit 100 Leih-Lastenr\u00e4dern an Land zu holen, wurden aber gebremst. Eigene R\u00e4der wolle man zudem nicht wieder beschaffen.<\/p>\n<blockquote><p>Das Projekt wurde nicht eingestellt, sondern muss auf neue Beine gestellt werden.<\/p><\/blockquote>\n<p class=\"Quotestyled__Author-sc-q277fq-1 iQZobn\">Stadt Leipzig zum Transportradmietsystem<\/p>\n<p class=\"Textstyled__Text-sc-1cqv9mi-0 cLyiiX\">Im Stadtrat gehen die Meinungen auseinander. Die SPD will sich weiter f\u00fcr ein Mietsystem einsetzen. Es sei ideal, um erste Erfahrungen mit Lastenr\u00e4dern zu sammeln, meint ihr verkehrspolitischer Sprecher Frank Franke. \u201eAls wachsende Stadt m\u00fcssen wir alle Verkehrsmittel im Blick behalten.\u201c<\/p>\n<p class=\"Textstyled__Text-sc-1cqv9mi-0 cLyiiX\">Die CDU sieht Transportr\u00e4der nur als \u201eerg\u00e4nzendes Element\u201c und die Kommune nicht in der Pflicht. \u201eDie bisherigen Ausleihzahlen haben deutlich gezeigt, dass diese R\u00e4der \u00fcberwiegend ungenutzt herumstanden, anstatt regelm\u00e4\u00dfig in Bewegung zu sein\u201c, teilt Stadtrat Falk Dossin mit.<\/p>\n<p>Rathaus arbeitet weiter an fl\u00e4chendeckendem Leihsystem<\/p>\n<p class=\"Textstyled__Text-sc-1cqv9mi-0 cLyiiX\">Interessensverb\u00e4nde wie der ADFC Leipzig betonen die Nachhaltigkeit der Transportr\u00e4der. Leihsysteme \u201edemokratisieren den Zugang zu dieser Mobilit\u00e4tsform\u201c und sollten von der Stadt weiter gef\u00f6rdert werden, hei\u00dft es.<\/p>\n<p>Weiterlesen nach der Anzeige<\/p>\n<p>Weiterlesen nach der Anzeige<\/p>\n<p class=\"Textstyled__Text-sc-1cqv9mi-0 cLyiiX\">Aufgegeben hat man die Idee einer fl\u00e4chendeckenden Verf\u00fcgbarkeit von Lastenr\u00e4dern im Rathaus noch nicht. Die zust\u00e4ndigen Stellen arbeiten nach eigenen Angaben weiter an einem Konzept. Die Zukunft eines stadtweiten Transportradmietsystems sei in der aktuellen Haushaltslage aber unklar.<\/p>\n<p class=\"Editorialstyled__Editorial-sc-1bfvh9l-0 cSmjnJ\">LVZ<\/p>\n","protected":false},"excerpt":{"rendered":"Leipzig. Die Leipziger Lastenrad-Landschaft befindet sich im Umbruch. Seit einem Jahr \u201epausiert\u201c das st\u00e4dtische Leihsystem, hie\u00df es bis&hellip;\n","protected":false},"author":2,"featured_media":636316,"comment_status":"","ping_status":"","sticky":false,"template":"","format":"standard","meta":{"footnotes":""},"categories":[1832],"tags":[3364,29,30,71,859],"class_list":{"0":"post-636315","1":"post","2":"type-post","3":"status-publish","4":"format-standard","5":"has-post-thumbnail","7":"category-leipzig","8":"tag-de","9":"tag-deutschland","10":"tag-germany","11":"tag-leipzig","12":"tag-sachsen"},"share_on_mastodon":{"url":"https:\/\/pubeurope.com\/@de\/115694065458141063","error":""},"_links":{"self":[{"href":"https:\/\/www.europesays.com\/de\/wp-json\/wp\/v2\/posts\/636315","targetHints":{"allow":["GET"]}}],"collection":[{"href":"https:\/\/www.europesays.com\/de\/wp-json\/wp\/v2\/posts"}],"about":[{"href":"https:\/\/www.europesays.com\/de\/wp-json\/wp\/v2\/types\/post"}],"author":[{"embeddable":true,"href":"https:\/\/www.europesays.com\/de\/wp-json\/wp\/v2\/users\/2"}],"replies":[{"embeddable":true,"href":"https:\/\/www.europesays.com\/de\/wp-json\/wp\/v2\/comments?post=636315"}],"version-history":[{"count":0,"href":"https:\/\/www.europesays.com\/de\/wp-json\/wp\/v2\/posts\/636315\/revisions"}],"wp:featuredmedia":[{"embeddable":true,"href":"https:\/\/www.europesays.com\/de\/wp-json\/wp\/v2\/media\/636316"}],"wp:attachment":[{"href":"https:\/\/www.europesays.com\/de\/wp-json\/wp\/v2\/media?parent=636315"}],"wp:term":[{"taxonomy":"category","embeddable":true,"href":"https:\/\/www.europesays.com\/de\/wp-json\/wp\/v2\/categories?post=636315"},{"taxonomy":"post_tag","embeddable":true,"href":"https:\/\/www.europesays.com\/de\/wp-json\/wp\/v2\/tags?post=636315"}],"curies":[{"name":"wp","href":"https:\/\/api.w.org\/{rel}","templated":true}]}}