{"id":636322,"date":"2025-12-10T07:24:22","date_gmt":"2025-12-10T07:24:22","guid":{"rendered":"https:\/\/www.europesays.com\/de\/636322\/"},"modified":"2025-12-10T07:24:22","modified_gmt":"2025-12-10T07:24:22","slug":"konzert-in-stuttgart-so-war-es-bei-kerstin-ott-in-der-porsche-arena-kultur","status":"publish","type":"post","link":"https:\/\/www.europesays.com\/de\/636322\/","title":{"rendered":"Konzert in Stuttgart: So war es bei Kerstin Ott in der Porsche-Arena &#8211; Kultur"},"content":{"rendered":"<p>\t\t\t\t\t\t\t\t\t\t\t\t\t\t\t\t\t\t\t\t\t\t\t\t\t\t\t\t\t\t\t\t\t\t\t\t   \t\t\t\t\t \t\t\t\t   \t      \t\t\t\t   <img decoding=\"async\" id=\"article-image\" fetchpriority=\"high\" alt=\"Konzert in Stuttgart: So war es bei Kerstin Ott in der Porsche-Arena\" onclick=\"var pA=document.createElement('a');pA.setAttribute('href','https:\/\/www.esslinger-zeitung.de\/gallery.konzert-in-stuttgart-so-war-es-bei-kerstin-ott-in-der-porsche-arena.5db5d088-790e-4fdc-adaa-ac045f6beb56.html'),pA.click();\" title=\"Konzert in Stuttgart: So war es bei Kerstin Ott in der Porsche-Arena\" src=\"https:\/\/www.europesays.com\/de\/wp-content\/uploads\/2025\/12\/media.media.c0f8a49e-cb56-48a8-9d1e-9440253709bb.original700.jpg\" data-linkto=\"https:\/\/www.esslinger-zeitung.de\/gallery.konzert-in-stuttgart-so-war-es-bei-kerstin-ott-in-der-porsche-arena.5db5d088-790e-4fdc-adaa-ac045f6beb56.html\"\/>\t\t\t\t\t\t\t\t\t\t\t\t\t\t\t\t\t\t\t\t\t\t\t\tImmer f\u00fcr eine \u00dcberraschung gut: Kerstin Ott in der Porsche-Arena\u00a0Foto: LICHTGUT\/Max Kovalenko\t\t\t<\/p>\n<p>Die Schlagers\u00e4ngerin entdeckt den Rock\u2019n\u2019Roll und erh\u00e4lt Besuch von einer Kollegin aus Kleinaspach.<\/p>\n<p>Die \u00dcberraschung gelingt, am Dienstagabend in der <a href=\"https:\/\/www.esslinger-zeitung.de\/thema\/Porsche-Arena\" title=\"Porsche-Arena\" class=\"art_thema\" target=\"_blank\" rel=\"noopener\">Porsche-Arena<\/a>. <a href=\"https:\/\/www.stuttgarter-nachrichten.de\/inhalt.vor-dem-konzert-auf-der-esslinger-burg-voellige-offenheit-ist-kerstin-otts-erfolgsrezept.22376fba-5708-431e-9ad5-053b9b7cbca1.html\" target=\"_blank\" rel=\"noopener\">Kerstin Ott<\/a>, Songwriterin und Schlagers\u00e4ngerin, singt auf ihrer Tournee auch fremde Lieder, singt St\u00fccke von den \u00c4rzten, von Tic Tac Toe, von Howard Carpendale und von <a href=\"https:\/\/www.esslinger-zeitung.de\/thema\/Andrea_Berg\" title=\"Andrea Berg\" class=\"art_thema\" target=\"_blank\" rel=\"noopener\">Andrea Berg<\/a>. Manch ein Fan mag es zun\u00e4chst f\u00fcr einen Scherz halten, als Ott am sp\u00e4teren Abend ank\u00fcndigt, <a href=\"https:\/\/www.stuttgarter-zeitung.de\/inhalt.nach-andrea-berg-konzerten-die-schattenseiten-des-andrea-berg-trubels-und-wie-asperg-profitiert.a44f00f6-a49c-4eaa-afc6-e82023df2ce1.html\" target=\"_blank\" rel=\"noopener\">Andrea Berg <\/a>werde nun selber singen \u2013 aber tats\u00e4chlich: Pl\u00f6tzlich steht der Schlagerstar aus Kleinaspach auf der B\u00fchne, singt \u201eGeh doch, wenn du sie liebst\u201c, singt mit Kerstin Ott das Duett \u201eWas auch immer passiert\u201c. <\/p>\n<p>                                                            Weiterlesen mit <img decoding=\"async\" src=\"https:\/\/www.esslinger-zeitung.de\/staticcontent\/esslinger_zeitung\/assets\/img\/plus-icon.svg\"\/>                        \t\t<\/p>\n<p class=\"title\">Unsere Abo-Empfehlungen<\/p>\n<p>        \t\tVon hier, f\u00fcr die Region,<br \/>\u00fcber die Welt.        \t\t        \t\t \t\t\t\t                                   \t\t<\/p>\n<p>*anschlie\u00dfend 10,99 \u20ac mtl.<\/p>\n<ul>\n<li>Exklusive Artikel, Serien und Abovorteile genie\u00dfen<\/li>\n<li>Zugriff auf alle Inhalte der EZ im Web<\/li>\n<\/ul>\n<p>*anschlie\u00dfend 10,99 \u20ac mtl.<\/p>\n<p>               Bereits Abonnent? Anmelden            <\/p>\n","protected":false},"excerpt":{"rendered":"Immer f\u00fcr eine \u00dcberraschung gut: Kerstin Ott in der Porsche-Arena\u00a0Foto: LICHTGUT\/Max Kovalenko Die Schlagers\u00e4ngerin entdeckt den Rock\u2019n\u2019Roll und&hellip;\n","protected":false},"author":2,"featured_media":636323,"comment_status":"","ping_status":"","sticky":false,"template":"","format":"standard","meta":{"footnotes":""},"categories":[1830],"tags":[67886,1634,3364,29,30,50384,1310,80,33914,970,1441],"class_list":{"0":"post-636322","1":"post","2":"type-post","3":"status-publish","4":"format-standard","5":"has-post-thumbnail","7":"category-stuttgart","8":"tag-andrea-berg","9":"tag-baden-wuerttemberg","10":"tag-de","11":"tag-deutschland","12":"tag-germany","13":"tag-kerstin-ott","14":"tag-konzert","15":"tag-kultur","16":"tag-porsche-arena","17":"tag-schlager","18":"tag-stuttgart"},"share_on_mastodon":{"url":"https:\/\/pubeurope.com\/@de\/115694080265078685","error":""},"_links":{"self":[{"href":"https:\/\/www.europesays.com\/de\/wp-json\/wp\/v2\/posts\/636322","targetHints":{"allow":["GET"]}}],"collection":[{"href":"https:\/\/www.europesays.com\/de\/wp-json\/wp\/v2\/posts"}],"about":[{"href":"https:\/\/www.europesays.com\/de\/wp-json\/wp\/v2\/types\/post"}],"author":[{"embeddable":true,"href":"https:\/\/www.europesays.com\/de\/wp-json\/wp\/v2\/users\/2"}],"replies":[{"embeddable":true,"href":"https:\/\/www.europesays.com\/de\/wp-json\/wp\/v2\/comments?post=636322"}],"version-history":[{"count":0,"href":"https:\/\/www.europesays.com\/de\/wp-json\/wp\/v2\/posts\/636322\/revisions"}],"wp:featuredmedia":[{"embeddable":true,"href":"https:\/\/www.europesays.com\/de\/wp-json\/wp\/v2\/media\/636323"}],"wp:attachment":[{"href":"https:\/\/www.europesays.com\/de\/wp-json\/wp\/v2\/media?parent=636322"}],"wp:term":[{"taxonomy":"category","embeddable":true,"href":"https:\/\/www.europesays.com\/de\/wp-json\/wp\/v2\/categories?post=636322"},{"taxonomy":"post_tag","embeddable":true,"href":"https:\/\/www.europesays.com\/de\/wp-json\/wp\/v2\/tags?post=636322"}],"curies":[{"name":"wp","href":"https:\/\/api.w.org\/{rel}","templated":true}]}}