{"id":636332,"date":"2025-12-10T07:29:14","date_gmt":"2025-12-10T07:29:14","guid":{"rendered":"https:\/\/www.europesays.com\/de\/636332\/"},"modified":"2025-12-10T07:29:14","modified_gmt":"2025-12-10T07:29:14","slug":"muenchner-stammstrecke-wieder-von-grosser-stoerung-betroffen-verspaetungen-bis-zu-40-minuten","status":"publish","type":"post","link":"https:\/\/www.europesays.com\/de\/636332\/","title":{"rendered":"M\u00fcnchner Stammstrecke wieder von gro\u00dfer St\u00f6rung betroffen \u2013 Versp\u00e4tungen bis zu 40 Minuten"},"content":{"rendered":"<p class=\"mb-6 text-xs md:text-m lg:text-l font-serif group-[.font-sans]:font-sans \">\n    Pendlerinnen und Pendler aufgepasst: Die <a href=\"https:\/\/www.augsburger-allgemeine.de\/bayern\/stammstrecke-muenchen-deutsche-bahn-aendert-ab-14-dezember-s-bahn-fahrten-10-12-2025-112953685\" target=\"_self\" class=\"underline \" rel=\"noopener\">Stammstrecke der S-Bahn M\u00fcnchen<\/a> ist am Mittwochmorgen wieder von einer gr\u00f6\u00dferen St\u00f6rung betroffen. Das teilt die Deutsche Bahn (DB) auf ihrer Onlineseite zur Betriebslage mit. Demnach m\u00fcssen sich Fahrg\u00e4ste auf gro\u00dfe Versp\u00e4tungen einstellen.\n  <\/p>\n<p>            Reparatur an Signal: Versp\u00e4tungen auf der Stammstrecke in M\u00fcnchen<\/p>\n<p class=\"mb-6 text-xs md:text-m lg:text-l font-serif group-[.font-sans]:font-sans \">\n    Wie die Bahn erkl\u00e4rt, besteht seit kurz nach 7 Uhr eine <a href=\"https:\/\/www.augsburger-allgemeine.de\/bayern\/oeffentlicher-nahverkehr-puenktlichkeit-bei-s-bahn-muenchen-rutscht-weiter-ab-112953607\" target=\"_self\" class=\"underline \" rel=\"noopener\">St\u00f6rung auf der Stammstrecke<\/a>. Der Grund daf\u00fcr sei eine Reparatur an einem Signal. Im zentralen Bereich zwischen M\u00fcnchen-Laim und der Donnersbergerbr\u00fccke komme es in Fahrtrichtung Ostbahnhof zu Versp\u00e4tungen von bis zu 40 Minuten.\n  <\/p>\n<p class=\"mb-6 text-xs md:text-m lg:text-l font-serif group-[.font-sans]:font-sans \">\n    Zudem sollen S-Bahnen in den Au\u00dfenbereichen vorzeitig wenden. Von der St\u00f6rung und den Versp\u00e4tungen betroffen sind die S-Bahn-Linien S1, S2, S3, S4, S5, S6 sowie S8. Wie lange die Beeintr\u00e4chtigung bestehen bleibt, ist noch unklar.\n  <\/p>\n<p>      <a href=\"https:\/\/www.augsburger-allgemeine.de\/bayern\/diebstahl-vor-weihnachten-bundespolizei-warnt-vor-dieben-in-zuegen-10-12-2025-112961537\" class=\"hidden  &#010;                md:block md:mr-5 md:min-w-[140px]  aspect-photo md:aspect-tv lg:aspect-tv w-fullXXX relative self-start inline overflow-hidden\" target=\"_blank\" rel=\"noopener\"><\/p>\n<p>    <img decoding=\"async\" src=\"https:\/\/www.europesays.com\/de\/wp-content\/uploads\/2025\/12\/bundespolizei-am-bahnhof.jpg\" alt=\"Die Bundespolizei gibt Tipps, um sich vor Diebstahl zu sch\u00fctzen.\" title=\"Die Bundespolizei gibt Tipps, um sich vor Diebstahl zu sch\u00fctzen.\" class=\"h-full w-full object-cover\"\/><br \/>\n   <\/a><\/p>\n<ul data-module-id=\"DragDropModule\" class=\"flex flex-wrap justify-start group-[.no-bookmarks]:hidden\">\n<li class=\"mb-3 mr-3\">\n    Dominik Sch\u00e4tzle<\/p>\n<p>      Icon Haken im Kreis gesetzt<\/p>\n<p>      Icon Plus im Kreis<\/p>\n<\/li>\n<li class=\"mb-3 mr-3\">\n    Stammstrecke<\/p>\n<p>      Icon Haken im Kreis gesetzt<\/p>\n<p>      Icon Plus im Kreis<\/p>\n<\/li>\n<li class=\"mb-3 mr-3\">\n    Versp\u00e4tung<\/p>\n<p>      Icon Haken im Kreis gesetzt<\/p>\n<p>      Icon Plus im Kreis<\/p>\n<\/li>\n<\/ul>\n","protected":false},"excerpt":{"rendered":"Pendlerinnen und Pendler aufgepasst: Die Stammstrecke der S-Bahn M\u00fcnchen ist am Mittwochmorgen wieder von einer gr\u00f6\u00dferen St\u00f6rung betroffen.&hellip;\n","protected":false},"author":2,"featured_media":636333,"comment_status":"","ping_status":"","sticky":false,"template":"","format":"standard","meta":{"footnotes":""},"categories":[1827],"tags":[772,5219,2030,29,30,1268,150030,4125,2038,3809,2898],"class_list":{"0":"post-636332","1":"post","2":"type-post","3":"status-publish","4":"format-standard","5":"has-post-thumbnail","7":"category-muenchen","8":"tag-bayern","9":"tag-db","10":"tag-deutsche-bahn","11":"tag-deutschland","12":"tag-germany","13":"tag-muenchen","14":"tag-muenchen-laim","15":"tag-pendler","16":"tag-stammstrecke","17":"tag-stoerung","18":"tag-verspaetung"},"share_on_mastodon":{"url":"https:\/\/pubeurope.com\/@de\/115694100955472465","error":""},"_links":{"self":[{"href":"https:\/\/www.europesays.com\/de\/wp-json\/wp\/v2\/posts\/636332","targetHints":{"allow":["GET"]}}],"collection":[{"href":"https:\/\/www.europesays.com\/de\/wp-json\/wp\/v2\/posts"}],"about":[{"href":"https:\/\/www.europesays.com\/de\/wp-json\/wp\/v2\/types\/post"}],"author":[{"embeddable":true,"href":"https:\/\/www.europesays.com\/de\/wp-json\/wp\/v2\/users\/2"}],"replies":[{"embeddable":true,"href":"https:\/\/www.europesays.com\/de\/wp-json\/wp\/v2\/comments?post=636332"}],"version-history":[{"count":0,"href":"https:\/\/www.europesays.com\/de\/wp-json\/wp\/v2\/posts\/636332\/revisions"}],"wp:featuredmedia":[{"embeddable":true,"href":"https:\/\/www.europesays.com\/de\/wp-json\/wp\/v2\/media\/636333"}],"wp:attachment":[{"href":"https:\/\/www.europesays.com\/de\/wp-json\/wp\/v2\/media?parent=636332"}],"wp:term":[{"taxonomy":"category","embeddable":true,"href":"https:\/\/www.europesays.com\/de\/wp-json\/wp\/v2\/categories?post=636332"},{"taxonomy":"post_tag","embeddable":true,"href":"https:\/\/www.europesays.com\/de\/wp-json\/wp\/v2\/tags?post=636332"}],"curies":[{"name":"wp","href":"https:\/\/api.w.org\/{rel}","templated":true}]}}