{"id":636511,"date":"2025-12-10T09:14:14","date_gmt":"2025-12-10T09:14:14","guid":{"rendered":"https:\/\/www.europesays.com\/de\/636511\/"},"modified":"2025-12-10T09:14:14","modified_gmt":"2025-12-10T09:14:14","slug":"russen-milliarden-eu-will-notfalls-tagelang-verhandeln","status":"publish","type":"post","link":"https:\/\/www.europesays.com\/de\/636511\/","title":{"rendered":"Russen-Milliarden \u2013 EU will notfalls tagelang verhandeln"},"content":{"rendered":"<p>Newsblog zum Ukraine-Krieg <\/p>\n<p>Russen-Milliarden \u2013 EU will notfalls tagelang verhandeln<\/p>\n<p>Aktualisiert am 10.12.2025 &#8211; 10:12 UhrLesedauer: 14 Min.<\/p>\n<p><a href=\"#focus-0\" class=\"transition-colors duration-200 block text-current relative\" data-sctrack=\"FocusGalleryImage.Reference\"><img fetchpriority=\"high\" data-testid=\"Opener.Image\" style=\"--lqipURL:url('https:\/\/images.t-online.de\/2025\/12\/tVGao5nDAisX\/0x199:4000x2250\/fit-in\/150x0\/filters:blur(25)\/was-geschieht-mit-den-russischen-millairden-im-ausland-fuer-die-eu-ist-das-eine-schicksalsfrage.jpg')\"   loading=\"eager\" src=\"https:\/\/www.europesays.com\/de\/wp-content\/uploads\/2025\/12\/was-geschieht-mit-den-russischen-millairden-im-ausland-fuer-die-eu-ist-das-eine-schicksalsfrage.jpg\" alt=\"Was geschieht mit den russischen Millairden im Ausland? F\u00fcr die EU ist das eine Schicksalsfrage.\" title=\"Was geschieht mit den russischen Millairden im Ausland? F\u00fcr die EU ist das eine Schicksalsfrage.\" width=\"4000\" height=\"2250\" class=\"bg-[url:var(--lqipURL)] bg-cover bg-center flex h-full w-full max-w-full\" decoding=\"async\"\/><img style=\"--width:32;--height:32\" loading=\"lazy\" src=\"https:\/\/www.t-online.de\/s\/paper\/_next\/static\/media\/zoom-in.f7dae02f.svg\" alt=\"Vergr\u00f6\u00dfern des Bildes\" title=\"Vergr\u00f6\u00dfern des Bildes\" class=\"block h-[calc(var(--height)_\/_16_*_1rem)] w-[calc(var(--width)_\/_16_*_1rem)] max-w-none absolute bottom-8 right-8 rounded-4 bg-snow p-8\" decoding=\"async\"\/><\/a><\/p>\n<p>Was geschieht mit den russischen Millairden im Ausland? F\u00fcr die EU ist das eine Schicksalsfrage. (Quelle: IMAGO\/Gavriil Grigorov\/imago)<\/p>\n<p class=\"font-bold text-18 leading-17\">Der US-Pr\u00e4sident dr\u00e4ngt weiter auf ein Ende des Kriegs. Wolodymyr Selenskyj zeigt sich offen f\u00fcr Wahlen. Alle Entwicklungen im Newsblog.<\/p>\n<p class=\"text-18 leading-17\"><a class=\"transition-colors duration-200 cursor-pointer text-inherit no-underline text-salemsfur md:hover:text-magenta md:hover:border-magenta md:focus:text-magenta border-current border-b border-solid break-words\" href=\"https:\/\/www.t-online.de\/themen\/polen\/\" data-sctrack=\"BodyAnchor\" target=\"_blank\" rel=\"noopener\">Polen<\/a> verhandelt mit der <a class=\"transition-colors duration-200 cursor-pointer text-inherit no-underline text-salemsfur md:hover:text-magenta md:hover:border-magenta md:focus:text-magenta border-current border-b border-solid break-words\" href=\"https:\/\/www.t-online.de\/themen\/ukraine\/\" data-sctrack=\"BodyAnchor\" target=\"_blank\" rel=\"noopener\">Ukraine<\/a> \u00fcber die Abgabe von MiG-29-Kampfflugzeugen im Tausch gegen den Zugang zu ukrainischer Drohnen-Technologie. Die Solidarit\u00e4t m\u00fcsse in zwei Richtungen gehen, sagt Verteidigungsminister Wladyslaw Kosiniak-Kamysz im \u00f6ffentlichen Rundfunk. Die aus der Sowjetzeit stammenden Flugzeuge h\u00e4tten bald das Ende ihrer Lebensdauer erreicht und w\u00fcrden nicht mehr von den polnischen Streitkr\u00e4ften eingesetzt.<\/p>\n<p class=\"text-18 leading-17\">Der Ukraine droht einer Studie zufolge ein Jahr mit so geringen neuen Hilfszuweisungen wie noch nie seit Kriegsausbruch 2022. Im September und Oktober habe Europa dem von <a class=\"transition-colors duration-200 cursor-pointer text-inherit no-underline text-salemsfur md:hover:text-magenta md:hover:border-magenta md:focus:text-magenta border-current border-b border-solid break-words\" href=\"https:\/\/www.t-online.de\/themen\/russland\/\" data-sctrack=\"BodyAnchor\" target=\"_blank\" rel=\"noopener\">Russland<\/a> \u00fcberfallenen Land rund 4,2 Milliarden Euro an Milit\u00e4rhilfe zukommen lassen, wie das Kieler Institut f\u00fcr Weltwirtschaft (IfW) am Mittwoch zu seiner Auswertung mitteilte. Das sei deutlich zu wenig, um den Ausfall der US-Hilfen unter Pr\u00e4sident <a class=\"transition-colors duration-200 cursor-pointer text-inherit no-underline text-salemsfur md:hover:text-magenta md:hover:border-magenta md:focus:text-magenta border-current border-b border-solid break-words\" href=\"https:\/\/www.t-online.de\/themen\/donald-trump\/\" data-sctrack=\"BodyAnchor\" target=\"_blank\" rel=\"noopener\">Donald Trump<\/a> zu kompensieren. W\u00e4hrend die j\u00e4hrlichen Zuweisungen von 2022 bis 2024 im Durchschnitt bei rund 41,6 Milliarden Euro gelegen h\u00e4tten, seien 2025 bislang nur 32,5 Milliarden Euro geflossen. &#8222;Bleibt es bei diesem niedrigen Tempo, wird 2025 das Jahr mit den geringsten neuen Hilfszuweisungen f\u00fcr die Ukraine seit Russlands Invasion 2022&#8220;, sagte IfW-Experte Christoph Trebesch.<\/p>\n<p class=\"text-18 leading-17\">Gleichzeitig stellt die Studie eine wachsende Kluft innerhalb Europas fest. Deutschland, <a class=\"transition-colors duration-200 cursor-pointer text-inherit no-underline text-salemsfur md:hover:text-magenta md:hover:border-magenta md:focus:text-magenta border-current border-b border-solid break-words\" href=\"https:\/\/www.t-online.de\/themen\/frankreich\/\" data-sctrack=\"BodyAnchor\" target=\"_blank\" rel=\"noopener\">Frankreich<\/a> und das Vereinigte K\u00f6nigreich erh\u00f6hten demnach ihre Milit\u00e4rhilfen in diesem Jahr deutlich. Gemessen an der Wirtschaftsleistung liege sie dennoch klar hinter den f\u00fchrenden Gebern <a class=\"transition-colors duration-200 cursor-pointer text-inherit no-underline text-salemsfur md:hover:text-magenta md:hover:border-magenta md:focus:text-magenta border-current border-b border-solid break-words\" href=\"https:\/\/www.t-online.de\/themen\/daenemark\/\" data-sctrack=\"BodyAnchor\" target=\"_blank\" rel=\"noopener\">D\u00e4nemark<\/a>, <a class=\"transition-colors duration-200 cursor-pointer text-inherit no-underline text-salemsfur md:hover:text-magenta md:hover:border-magenta md:focus:text-magenta border-current border-b border-solid break-words\" href=\"https:\/\/www.t-online.de\/themen\/finnland\/\" data-sctrack=\"BodyAnchor\" target=\"_blank\" rel=\"noopener\">Finnland<\/a>, <a class=\"transition-colors duration-200 cursor-pointer text-inherit no-underline text-salemsfur md:hover:text-magenta md:hover:border-magenta md:focus:text-magenta border-current border-b border-solid break-words\" href=\"https:\/\/www.t-online.de\/themen\/norwegen\/\" data-sctrack=\"BodyAnchor\" target=\"_blank\" rel=\"noopener\">Norwegen<\/a> und <a class=\"transition-colors duration-200 cursor-pointer text-inherit no-underline text-salemsfur md:hover:text-magenta md:hover:border-magenta md:focus:text-magenta border-current border-b border-solid break-words\" href=\"https:\/\/www.t-online.de\/themen\/schweden\/\" data-sctrack=\"BodyAnchor\" target=\"_blank\" rel=\"noopener\">Schweden<\/a>. Um das Niveau der nordischen L\u00e4nder zu erreichen, m\u00fcssten Europas gro\u00dfe Volkswirtschaften ihre Beitr\u00e4ge sp\u00fcrbar steigern.<\/p>\n<p class=\"text-18 leading-17\">&#8222;Noch deutlicher war der Gegensatz zu <a class=\"transition-colors duration-200 cursor-pointer text-inherit no-underline text-salemsfur md:hover:text-magenta md:hover:border-magenta md:focus:text-magenta border-current border-b border-solid break-words\" href=\"https:\/\/www.t-online.de\/themen\/italien\/\" data-sctrack=\"BodyAnchor\" target=\"_blank\" rel=\"noopener\">Italien<\/a> und <a class=\"transition-colors duration-200 cursor-pointer text-inherit no-underline text-salemsfur md:hover:text-magenta md:hover:border-magenta md:focus:text-magenta border-current border-b border-solid break-words\" href=\"https:\/\/www.t-online.de\/themen\/spanien\/\" data-sctrack=\"BodyAnchor\" target=\"_blank\" rel=\"noopener\">Spanien<\/a>: Sie stockten ihre Milit\u00e4rhilfen 2025 gar nicht auf&#8220;, erkl\u00e4rte das Institut. Italien habe seine ohnehin geringen Zuweisungen im Vergleich zu 2022 bis 2024 um 15 Prozent gesenkt, w\u00e4hrend Spanien gar keine neuen Milit\u00e4rhilfen get\u00e4tigt habe. Diese geringe Beteiligung schw\u00e4che Europas Gesamtreaktion erheblich.<\/p>\n<p class=\"text-18 leading-17\">EU-Ratspr\u00e4sident Antonio Costa will die Staats- und Regierungschefs der Union notfalls tagelang verhandeln lassen, um eine Einigung \u00fcber die Finanzierung der Ukraine zu erzielen. Bei dem Gipfel am 18. Dezember soll eine L\u00f6sung gefunden werden, wie die Ertr\u00e4ge aus eingefrorenen russischen Verm\u00f6genswerten f\u00fcr die Ukraine-Hilfe genutzt werden k\u00f6nnen. Er sei zuversichtlich, eine L\u00f6sung zu finden, die die Zustimmung einer qualifizierten Mehrheit der Mitgliedstaaten erhalte, sagte Costa am Dienstag in Dublin. Sollte es n\u00f6tig sein, werde der Gipfel bis zum 19. oder 20. Dezember verl\u00e4ngert, bis es ein positives Ergebnis gebe, erkl\u00e4rte er.<\/p>\n","protected":false},"excerpt":{"rendered":"Newsblog zum Ukraine-Krieg Russen-Milliarden \u2013 EU will notfalls tagelang verhandeln Aktualisiert am 10.12.2025 &#8211; 10:12 UhrLesedauer: 14 Min.&hellip;\n","protected":false},"author":2,"featured_media":636512,"comment_status":"","ping_status":"","sticky":false,"template":"","format":"standard","meta":{"footnotes":""},"categories":[3],"tags":[132921,1217,326,6079,522,6025,150071,1160,29,106,1478,34285,548,663,646,156,9236,551,13,18048,355,372,63062,14,132079,15,3129,913,21058,307,12,4026,10,8,9,11,317,312,64,125269,103,150072,107,104],"class_list":{"0":"post-636511","1":"post","2":"type-post","3":"status-publish","4":"format-standard","5":"has-post-thumbnail","7":"category-welt","8":"tag-132921","9":"tag-1217","10":"tag-326","11":"tag-6079","12":"tag-522","13":"tag-antonio-costa","14":"tag-christoph-trebesch","15":"tag-daenemark","16":"tag-deutschland","17":"tag-donald-trump","18":"tag-drohne","19":"tag-dublin","20":"tag-eu","21":"tag-europa","22":"tag-finnland","23":"tag-frankreich","24":"tag-giorgia-meloni","25":"tag-grossbritannien","26":"tag-headlines","27":"tag-ifw","28":"tag-italien","29":"tag-japan","30":"tag-mig-29","31":"tag-nachrichten","32":"tag-naftogaz","33":"tag-news","34":"tag-newsblog","35":"tag-norwegen","36":"tag-rom","37":"tag-russland","38":"tag-schlagzeilen","39":"tag-spanien","40":"tag-top-news","41":"tag-top-meldungen","42":"tag-topmeldungen","43":"tag-topnews","44":"tag-ukraine","45":"tag-ukrainekrieg","46":"tag-usa","47":"tag-washington-kiew","48":"tag-welt","49":"tag-wladyslaw-kosiniak-kamysz","50":"tag-wolodymyr-selenskyj","51":"tag-world"},"share_on_mastodon":{"url":"","error":"Validation failed: Text character limit of 500 exceeded"},"_links":{"self":[{"href":"https:\/\/www.europesays.com\/de\/wp-json\/wp\/v2\/posts\/636511","targetHints":{"allow":["GET"]}}],"collection":[{"href":"https:\/\/www.europesays.com\/de\/wp-json\/wp\/v2\/posts"}],"about":[{"href":"https:\/\/www.europesays.com\/de\/wp-json\/wp\/v2\/types\/post"}],"author":[{"embeddable":true,"href":"https:\/\/www.europesays.com\/de\/wp-json\/wp\/v2\/users\/2"}],"replies":[{"embeddable":true,"href":"https:\/\/www.europesays.com\/de\/wp-json\/wp\/v2\/comments?post=636511"}],"version-history":[{"count":0,"href":"https:\/\/www.europesays.com\/de\/wp-json\/wp\/v2\/posts\/636511\/revisions"}],"wp:featuredmedia":[{"embeddable":true,"href":"https:\/\/www.europesays.com\/de\/wp-json\/wp\/v2\/media\/636512"}],"wp:attachment":[{"href":"https:\/\/www.europesays.com\/de\/wp-json\/wp\/v2\/media?parent=636511"}],"wp:term":[{"taxonomy":"category","embeddable":true,"href":"https:\/\/www.europesays.com\/de\/wp-json\/wp\/v2\/categories?post=636511"},{"taxonomy":"post_tag","embeddable":true,"href":"https:\/\/www.europesays.com\/de\/wp-json\/wp\/v2\/tags?post=636511"}],"curies":[{"name":"wp","href":"https:\/\/api.w.org\/{rel}","templated":true}]}}