{"id":636515,"date":"2025-12-10T09:16:15","date_gmt":"2025-12-10T09:16:15","guid":{"rendered":"https:\/\/www.europesays.com\/de\/636515\/"},"modified":"2025-12-10T09:16:15","modified_gmt":"2025-12-10T09:16:15","slug":"vor-cl-duell-mit-city-alonsos-job-bei-real-madrid-am-seidenen-faden","status":"publish","type":"post","link":"https:\/\/www.europesays.com\/de\/636515\/","title":{"rendered":"Vor CL-Duell mit City: Alonsos Job bei Real Madrid &#8222;am seidenen Faden&#8220;?"},"content":{"rendered":"<p>            <img loading=\"lazy\" decoding=\"async\" class=\"ts-image\" src=\"https:\/\/www.europesays.com\/de\/wp-content\/uploads\/2025\/12\/alonso-218.jpg\" alt=\"Xabi Alonso an der Seitenlinie\" title=\"Xabi Alonso an der Seitenlinie | Getty Images\"\/><\/p>\n<p class=\"metatextline\">Stand: 10.12.2025 08:29 Uhr<\/p>\n<p class=\"article-head__shorttext\">\n        <strong>Spanische Medien sehen Real Madrids Champions-League-Duell mit Manchester City bereits als &#8222;Endspiel&#8220; f\u00fcr Trainer Xabi Alonso. Sogar die Namen Klopp und Zidane geistern durch die Presse.<\/strong>\n    <\/p>\n<p class=\"textabsatz m-ten m-offset-one l-eight l-offset-two columns twelve\">F\u00fcr Trainer Xabi Alonso von Real Madrid steht laut spanischen Medien beim Champions-League-Topduell gegen Manchester City bereits der Job auf dem Spiel. Nach nur zwei Siegen in den vergangenen sieben Begegnungen sei das Match am Mittwoch (21.00 Uhr) im heimischen Bernab\u00e9u-Stadion ein Schicksalsspiel &#8211; oder wie die gew\u00f6hnlich hervorragend informierte Zeitung &#8222;Marca&#8220; gro\u00df auf Seite eins titelte: &#8222;Ein Finale f\u00fcr Xabi&#8220;.<\/p>\n<ul class=\"buttongroup buttongroup--copytext\">\n<li class=\"buttongroup__item\">\n<p>    <a class=\"btn btn--text btn--standard-secondary btn--fullwidth\" href=\"https:\/\/www.sportschau.de\/live-und-ergebnisse\/fussball\/uefa-champions-league\/ma11585072\/real-madrid_manchester-city\/liveticker\" rel=\"nofollow noopener\" target=\"_blank\"><br \/>\n        Zum Live-Ticker: Real Madrid &#8211; Manchester City<br \/>\n        Pfeil rechts<\/p>\n<p>    <\/a>\n<\/li>\n<li class=\"buttongroup__item\">\n<p>    <a class=\"btn btn--text btn--standard-secondary btn--fullwidth\" href=\"https:\/\/www.sportschau.de\/live-und-ergebnisse\/fussball\/uefa-champions-league\/spiele-und-ergebnisse\" rel=\"nofollow noopener\" target=\"_blank\"><br \/>\n        6. Spieltag<br \/>\n        Pfeil rechts<\/p>\n<p>    <\/a>\n<\/li>\n<\/ul>\n<p class=\"textabsatz m-ten m-offset-one l-eight l-offset-two columns twelve\">Alle Fachmedien schreiben im \u00e4hnlichen Tenor. &#8222;Am Limit&#8220; war auf Seite eins des Konkurrenzblattes &#8222;AS&#8220; zu lesen, und &#8222;Sport&#8220; berichtete von einem &#8222;Ultimatum&#8220; der Klubf\u00fchrung an den 44-j\u00e4hrigen Coach. Laut &#8222;El Mundo&#8220; h\u00e4ngt Alonsos Job &#8222;am seidenen Faden&#8220;.<\/p>\n<p>    Unzufriedene Topstars?<\/p>\n<p class=\"textabsatz m-ten m-offset-one l-eight l-offset-two columns twelve\">In der Kabine herrsche ein &#8222;kalter Krieg&#8220; hei\u00dft es, Superstars wie Vinicius J\u00fanior oder Jude Bellingham sollen unzufrieden sein. Die Leistungen w\u00fcrden dies nur best\u00e4tigen. Real sei &#8222;ein lustloser, uninspirierter Haufen&#8220;, schrieb die &#8222;Marca&#8220; und titelte: &#8222;Madrid ist verloren!&#8220; <\/p>\n<p class=\"textabsatz m-ten m-offset-one l-eight l-offset-two columns twelve\">Alonso entgegnete am Tag vor dem wichtigen Spiel, er genie\u00dfe die Unterst\u00fctzung des gesamten Kaders. &#8222;Die Mannschaft h\u00e4lt zusammen und ist davon \u00fcberzeugt, dass wir morgen gewinnen k\u00f6nnen&#8220;, sagte er: &#8222;Wenn man Trainer von Real ist, muss man darauf vorbereitet sein, solche Situationen mit Ruhe und Verantwortung zu meistern.&#8220;<\/p>\n<p>    N\u00e4chtliche Krisensitzung nach der j\u00fcngsten Pleite<\/p>\n<p class=\"textabsatz m-ten m-offset-one l-eight l-offset-two columns twelve\">Der Druck ist gro\u00df: Die <a href=\"https:\/\/www.sportschau.de\/fussball\/la-liga-primera-division\/real-madrid-kassiert-die-naechste-pleite-,real-kassiert-erneute-pleite-100.html\" title=\"Real Madrid kassiert gegen Celta Vigo die n\u00e4chste Pleite\" rel=\"nofollow noopener\" target=\"_blank\">0:2-Pleite vor heimischem Publikum gegen Celta de Vigo<\/a> lie\u00df den R\u00fcckstand auf Tabellenf\u00fchrer und Erzrivale FC Barcelona von Trainer Hansi Flick auf vier Punkte anwachsen. Anschlie\u00dfend soll es laut Medien noch in der Nacht auf Montag eine Krisensitzung der Vereinsf\u00fchrung um Pr\u00e4sident Florentino P\u00e9rez (79) gegeben haben. Der Boss und Baumagnat soll sich Alonso nach dem Abpfiff mit den Worten vorgekn\u00f6pft haben: &#8222;Hier muss sich etwas \u00e4ndern, und die L\u00f6sungen m\u00fcssen umgehend kommen.&#8220;<\/p>\n<p class=\"textabsatz m-ten m-offset-one l-eight l-offset-two columns twelve\">In Madrid brodelt bereits die Ger\u00fcchtek\u00fcche. Als m\u00f6gliche Nachfolger werden die fr\u00fcheren Real-Trainer Zinedine Zidane und Jos\u00e9 Mourinho gehandelt, aber auch J\u00fcrgen Klopp. Chancen habe aber auch der fr\u00fchere Vereinsprofi Alvaro Arbeloa, der derzeit die zweite Mannschaft trainiert, hei\u00dft es.<\/p>\n<p>    Alonso mit Rekordstart<\/p>\n<p class=\"textabsatz m-ten m-offset-one l-eight l-offset-two columns twelve\">Alonso war mit seiner herausragenden Arbeit bei Bayer Leverkusen (2022 bis 2025) samt erster deutscher Meisterschaft der Klubgeschichte zu einem der begehrtesten Trainer der Welt geworden. Im Sommer wechselte er zu seinem Ex-Verein Real und gewann 13 der ersten 14 Ligaspiele. Es war der beste Saisonstart, den der spanische Rekordmeister jemals hatte.<\/p>\n<p class=\"textabsatz m-ten m-offset-one l-eight l-offset-two columns twelve\">Immer noch hat Alonso seit Saisonbeginn erst drei von 21 Pflichtspielen mit Real verloren. Darunter war allerdings ein schmerzhaftes 2:5 bei Stadtrivale Atl\u00e9tico Madrid und zuletzt reichte es auch gegen die Durchschnittsteams Rayo Vallecano (0:0), FC Elche (2:2), FC Girona (1:1) und Celta Vigo (0:2) nicht mehr zu Siegen.<\/p>\n","protected":false},"excerpt":{"rendered":"Stand: 10.12.2025 08:29 Uhr Spanische Medien sehen Real Madrids Champions-League-Duell mit Manchester City bereits als &#8222;Endspiel&#8220; f\u00fcr Trainer&hellip;\n","protected":false},"author":2,"featured_media":636516,"comment_status":"","ping_status":"","sticky":false,"template":"","format":"standard","meta":{"footnotes":""},"categories":[5],"tags":[468,347,13,14,15,3349,12,10,8,9,11],"class_list":{"0":"post-636515","1":"post","2":"type-post","3":"status-publish","4":"format-standard","5":"has-post-thumbnail","7":"category-nachrichten","8":"tag-champions-league","9":"tag-fussball","10":"tag-headlines","11":"tag-nachrichten","12":"tag-news","13":"tag-real-madrid","14":"tag-schlagzeilen","15":"tag-top-news","16":"tag-top-meldungen","17":"tag-topmeldungen","18":"tag-topnews"},"share_on_mastodon":{"url":"https:\/\/pubeurope.com\/@de\/115694520559000559","error":""},"_links":{"self":[{"href":"https:\/\/www.europesays.com\/de\/wp-json\/wp\/v2\/posts\/636515","targetHints":{"allow":["GET"]}}],"collection":[{"href":"https:\/\/www.europesays.com\/de\/wp-json\/wp\/v2\/posts"}],"about":[{"href":"https:\/\/www.europesays.com\/de\/wp-json\/wp\/v2\/types\/post"}],"author":[{"embeddable":true,"href":"https:\/\/www.europesays.com\/de\/wp-json\/wp\/v2\/users\/2"}],"replies":[{"embeddable":true,"href":"https:\/\/www.europesays.com\/de\/wp-json\/wp\/v2\/comments?post=636515"}],"version-history":[{"count":0,"href":"https:\/\/www.europesays.com\/de\/wp-json\/wp\/v2\/posts\/636515\/revisions"}],"wp:featuredmedia":[{"embeddable":true,"href":"https:\/\/www.europesays.com\/de\/wp-json\/wp\/v2\/media\/636516"}],"wp:attachment":[{"href":"https:\/\/www.europesays.com\/de\/wp-json\/wp\/v2\/media?parent=636515"}],"wp:term":[{"taxonomy":"category","embeddable":true,"href":"https:\/\/www.europesays.com\/de\/wp-json\/wp\/v2\/categories?post=636515"},{"taxonomy":"post_tag","embeddable":true,"href":"https:\/\/www.europesays.com\/de\/wp-json\/wp\/v2\/tags?post=636515"}],"curies":[{"name":"wp","href":"https:\/\/api.w.org\/{rel}","templated":true}]}}