{"id":636523,"date":"2025-12-10T09:21:16","date_gmt":"2025-12-10T09:21:16","guid":{"rendered":"https:\/\/www.europesays.com\/de\/636523\/"},"modified":"2025-12-10T09:21:16","modified_gmt":"2025-12-10T09:21:16","slug":"diese-chemnitzer-institutionen-wollen-bei-der-medizin-der-zukunft-ganz-vorne-mitspielen","status":"publish","type":"post","link":"https:\/\/www.europesays.com\/de\/636523\/","title":{"rendered":"Diese Chemnitzer Institutionen wollen bei der Medizin der Zukunft ganz vorne mitspielen"},"content":{"rendered":"<p>                Diese Chemnitzer Institutionen wollen bei der Medizin der Zukunft ganz vorne mitspielen<\/p>\n<p class=\"article__subtitle\">Universit\u00e4t und Klinikum Chemnitz vertiefen gemeinsame Kooperation<\/p>\n<p>\t\t\t\t\t\t\t<img loading=\"lazy\" decoding=\"async\" class=\"article-meta__author-img\" src=\"https:\/\/www.europesays.com\/de\/wp-content\/uploads\/2025\/05\/rih2_M50x50.png\"  alt=\"Portrait von Rico Hinkel-Schollbach, Autor:In des Artikels\" width=\"50\" height=\"50\"\/><\/p>\n<p>\n        Offizieller Schulterschluss f\u00fcr Zukunftsthemen\n    <\/p>\n<p>\n        Strategische Abstimmung aller Forschungsaktivit\u00e4ten\n    <\/p>\n<p>\n        Fokus auf digitale und technologische Innovationen\n    <\/p>\n<ul class=\"gallery__item-wrapper\" data-gallery-scroll-target=\"scrollWrapper\">\n<li class=\"gallery__item\" data-gallery-scroll-target=\"item\">\n<p>                \t\t\t        \t\t\t\t<img decoding=\"async\" class=\"media-image detail-img__img\" loading=\"lazy\" src=\"https:\/\/www.europesays.com\/de\/wp-content\/uploads\/2025\/12\/17721815_W400C2040x1360o0x0.jpg\" alt=\"Diese Chemnitzer Institutionen wollen bei der Medizin der Zukunft ganz vorne mitspielen - Sie haben die Kooperationsvereinbarung unterschrieben (v. l.): Kanzler der TU Chemnitz, Peter Bernshausen, Uni-Rektor Gerd Strohmeier sowie der medizinische Gesch\u00e4ftsf\u00fchrer der Klinikum Chemnitz gGmbH, Prof. Dr. med. Martin Wolz, und deren kaufm\u00e4nnischer Gesch\u00e4ftsf\u00fchrer Martin Jonas.\"   style=\"&#10;&#9;&#9;&#9;aspect-ratio:2040\/1360;&#10;&#9;&#9;&#9;background: url(data:image\/jpg;base64,\/9j\/4AAQSkZJRgABAQAAAQABAAD\/2wBDAAUDBAQEAwUEBAQFBQUGBwwIBwcHBw8LCwkMEQ8SEhEPERETFhwXExQaFRERGCEYGh0dHx8fExciJCIeJBweHx7\/2wBDAQUFBQcGBw4ICA4eFBEUHh4eHh4eHh4eHh4eHh4eHh4eHh4eHh4eHh4eHh4eHh4eHh4eHh4eHh4eHh4eHh4eHh7\/wAARCAAHAAoDAREAAhEBAxEB\/8QAFQABAQAAAAAAAAAAAAAAAAAABAf\/xAAiEAABAwMFAAMAAAAAAAAAAAABAgMRBAUSAAYTITEyQXH\/xAAXAQADAQAAAAAAAAAAAAAAAAADBAUG\/8QAIREAAAQFBQAAAAAAAAAAAAAAAAECoQMEBRFSBhYhUYH\/2gAMAwEAAhEDEQA\/AKybpvpV3XWCps7bEOJaaKnVltJWAOoAKsEz78p8HWsorUkoWR+EL6KTHvzZwtq6bwLaS9X23lIGfHSnHL7iVEx+6W3HL4qYHKlxOycf\/9k=) no-repeat left top; background-size: cover;&#9;&#9;&#9;width: 100%;&#9;&#9;\"\/><\/p>\n<p>                            Sie haben die Kooperationsvereinbarung unterschrieben (v. l.): Kanzler der TU Chemnitz, Peter Bernshausen, Uni-Rektor Gerd Strohmeier sowie der medizinische Gesch\u00e4ftsf\u00fchrer der Klinikum Chemnitz gGmbH, Prof. Dr. med. Martin Wolz, und deren kaufm\u00e4nnischer Gesch\u00e4ftsf\u00fchrer Martin Jonas. Foto: TU Chemnitz\/Anne Eichhorn<\/p>\n<\/li>\n<\/ul>\n<p>\n        R\u00fcckenwind f\u00fcr den entstehenden Gesundheitscampus\n    <\/p>\n<p>\n        Institutionen mit \u201egro\u00dfem Potenzial\u201c\n    <\/p>\n<p>\n        Bereits heute: Mehr als 40 Forschungsprojekte aktiv\n    <\/p>\n<p>\n        Erfolgreiche Formate\n    <\/p>\n","protected":false},"excerpt":{"rendered":"Diese Chemnitzer Institutionen wollen bei der Medizin der Zukunft ganz vorne mitspielen Universit\u00e4t und Klinikum Chemnitz vertiefen gemeinsame&hellip;\n","protected":false},"author":2,"featured_media":636524,"comment_status":"","ping_status":"","sticky":false,"template":"","format":"standard","meta":{"footnotes":""},"categories":[1851],"tags":[2770,3364,29,548,663,3934,30,13,27501,14,15,859,12],"class_list":{"0":"post-636523","1":"post","2":"type-post","3":"status-publish","4":"format-standard","5":"has-post-thumbnail","7":"category-chemnitz","8":"tag-chemnitz","9":"tag-de","10":"tag-deutschland","11":"tag-eu","12":"tag-europa","13":"tag-europe","14":"tag-germany","15":"tag-headlines","16":"tag-hochschulen-forschung-wissenschaft","17":"tag-nachrichten","18":"tag-news","19":"tag-sachsen","20":"tag-schlagzeilen"},"share_on_mastodon":{"url":"https:\/\/pubeurope.com\/@de\/115694541392897458","error":""},"_links":{"self":[{"href":"https:\/\/www.europesays.com\/de\/wp-json\/wp\/v2\/posts\/636523","targetHints":{"allow":["GET"]}}],"collection":[{"href":"https:\/\/www.europesays.com\/de\/wp-json\/wp\/v2\/posts"}],"about":[{"href":"https:\/\/www.europesays.com\/de\/wp-json\/wp\/v2\/types\/post"}],"author":[{"embeddable":true,"href":"https:\/\/www.europesays.com\/de\/wp-json\/wp\/v2\/users\/2"}],"replies":[{"embeddable":true,"href":"https:\/\/www.europesays.com\/de\/wp-json\/wp\/v2\/comments?post=636523"}],"version-history":[{"count":0,"href":"https:\/\/www.europesays.com\/de\/wp-json\/wp\/v2\/posts\/636523\/revisions"}],"wp:featuredmedia":[{"embeddable":true,"href":"https:\/\/www.europesays.com\/de\/wp-json\/wp\/v2\/media\/636524"}],"wp:attachment":[{"href":"https:\/\/www.europesays.com\/de\/wp-json\/wp\/v2\/media?parent=636523"}],"wp:term":[{"taxonomy":"category","embeddable":true,"href":"https:\/\/www.europesays.com\/de\/wp-json\/wp\/v2\/categories?post=636523"},{"taxonomy":"post_tag","embeddable":true,"href":"https:\/\/www.europesays.com\/de\/wp-json\/wp\/v2\/tags?post=636523"}],"curies":[{"name":"wp","href":"https:\/\/api.w.org\/{rel}","templated":true}]}}