{"id":636531,"date":"2025-12-10T09:25:25","date_gmt":"2025-12-10T09:25:25","guid":{"rendered":"https:\/\/www.europesays.com\/de\/636531\/"},"modified":"2025-12-10T09:25:25","modified_gmt":"2025-12-10T09:25:25","slug":"mann-in-wiesbaden-von-linienbus-ueberrollt-und-schwer-verletzt","status":"publish","type":"post","link":"https:\/\/www.europesays.com\/de\/636531\/","title":{"rendered":"Mann in Wiesbaden von Linienbus \u00fcberrollt und schwer verletzt"},"content":{"rendered":"<p>Am fr\u00fchen Dienstagabend ist am Wiesbadener Hauptbahnhof ein Mann bei einem Unfall mit einem Linienbus schwer verletzt worden. Das meldet das Polizeipr\u00e4sidium Westhessen.<\/p>\n<p>Zeugenaussagen zufolge versuchte der stark alkoholisierte Mann gegen 18:44 Uhr, in einen Gelenkbus zu steigen, der bereits mit geschlossenen T\u00fcren losgefahren war. Dabei st\u00fcrzte der Fu\u00dfg\u00e4nger. Der Bus \u00fcberrollte sein Bein und zog ihn einige Meter mit. Der Busfahrer bemerkte den Unfall zun\u00e4chst nicht und setzte seine Fahrt fort.<\/p>\n<p>Der Mann wurde bei dem Unfall schwer verletzt und in ein Krankenhaus gebracht, es besteht jedoch keine Lebensgefahr. Auf Anordnung der Staatsanwaltschaft untersuchte ein Gutachter den Unfallort, um den Hergang zu rekonstruieren.<\/p>\n<p>Der Regionale Verkehrsdienst der Wiesbadener Polizei hat die weiteren Ermittlungen \u00fcbernommen und bittet Zeuginnen und Zeugen, sich unter der Rufnummer 0611 \/ 345 &#8211; 2240 zu melden.<\/p>\n","protected":false},"excerpt":{"rendered":"Am fr\u00fchen Dienstagabend ist am Wiesbadener Hauptbahnhof ein Mann bei einem Unfall mit einem Linienbus schwer verletzt worden.&hellip;\n","protected":false},"author":2,"featured_media":636532,"comment_status":"","ping_status":"","sticky":false,"template":"","format":"standard","meta":{"footnotes":""},"categories":[1847],"tags":[3364,29,548,663,3934,30,13,2052,14,15,12,4544],"class_list":{"0":"post-636531","1":"post","2":"type-post","3":"status-publish","4":"format-standard","5":"has-post-thumbnail","7":"category-wiesbaden","8":"tag-de","9":"tag-deutschland","10":"tag-eu","11":"tag-europa","12":"tag-europe","13":"tag-germany","14":"tag-headlines","15":"tag-hessen","16":"tag-nachrichten","17":"tag-news","18":"tag-schlagzeilen","19":"tag-wiesbaden"},"share_on_mastodon":{"url":"https:\/\/pubeurope.com\/@de\/115694555949548733","error":""},"_links":{"self":[{"href":"https:\/\/www.europesays.com\/de\/wp-json\/wp\/v2\/posts\/636531","targetHints":{"allow":["GET"]}}],"collection":[{"href":"https:\/\/www.europesays.com\/de\/wp-json\/wp\/v2\/posts"}],"about":[{"href":"https:\/\/www.europesays.com\/de\/wp-json\/wp\/v2\/types\/post"}],"author":[{"embeddable":true,"href":"https:\/\/www.europesays.com\/de\/wp-json\/wp\/v2\/users\/2"}],"replies":[{"embeddable":true,"href":"https:\/\/www.europesays.com\/de\/wp-json\/wp\/v2\/comments?post=636531"}],"version-history":[{"count":0,"href":"https:\/\/www.europesays.com\/de\/wp-json\/wp\/v2\/posts\/636531\/revisions"}],"wp:featuredmedia":[{"embeddable":true,"href":"https:\/\/www.europesays.com\/de\/wp-json\/wp\/v2\/media\/636532"}],"wp:attachment":[{"href":"https:\/\/www.europesays.com\/de\/wp-json\/wp\/v2\/media?parent=636531"}],"wp:term":[{"taxonomy":"category","embeddable":true,"href":"https:\/\/www.europesays.com\/de\/wp-json\/wp\/v2\/categories?post=636531"},{"taxonomy":"post_tag","embeddable":true,"href":"https:\/\/www.europesays.com\/de\/wp-json\/wp\/v2\/tags?post=636531"}],"curies":[{"name":"wp","href":"https:\/\/api.w.org\/{rel}","templated":true}]}}