{"id":636567,"date":"2025-12-10T09:48:14","date_gmt":"2025-12-10T09:48:14","guid":{"rendered":"https:\/\/www.europesays.com\/de\/636567\/"},"modified":"2025-12-10T09:48:14","modified_gmt":"2025-12-10T09:48:14","slug":"amnesty-international-oesterreich-warnt-europa-ruettelt-am-eigenen-menschenrechtlichen-fundament","status":"publish","type":"post","link":"https:\/\/www.europesays.com\/de\/636567\/","title":{"rendered":"Amnesty International \u00d6sterreich warnt: Europa r\u00fcttelt am eigenen menschenrechtlichen Fundament!"},"content":{"rendered":"<p>Ausgerechnet am Internationalen Tag der Menschenrechte und im 75. Jubil\u00e4umsjahr der Europ\u00e4ischen Menschenrechtskonvention (EMRK) treffen sich Minister*innen im Europarat in Stra\u00dfburg, um an diesem System zu s\u00e4gen. Die EMRK wurde nach dem Ende des Zweiten Weltkriegs und den entsetzlichen Nazi-Verbrechen als feierliches Versprechen Europas, die W\u00fcrde jedes einzelnen Menschen verl\u00e4sslich vor staatlicher Willk\u00fcr zu sch\u00fctzen, ins Leben gerufen. Ein Mindeststandard, der in \u00d6sterreich Verfassungsrang hat.<\/p>\n","protected":false},"excerpt":{"rendered":"Ausgerechnet am Internationalen Tag der Menschenrechte und im 75. Jubil\u00e4umsjahr der Europ\u00e4ischen Menschenrechtskonvention (EMRK) treffen sich Minister*innen im&hellip;\n","protected":false},"author":2,"featured_media":636568,"comment_status":"","ping_status":"","sticky":false,"template":"","format":"standard","meta":{"footnotes":""},"categories":[3933],"tags":[331,332,548,663,158,3934,3935,13,14,15,12],"class_list":{"0":"post-636567","1":"post","2":"type-post","3":"status-publish","4":"format-standard","5":"has-post-thumbnail","7":"category-eu","8":"tag-aktuelle-nachrichten","9":"tag-aktuelle-news","10":"tag-eu","11":"tag-europa","12":"tag-europaeische-union","13":"tag-europe","14":"tag-european-union","15":"tag-headlines","16":"tag-nachrichten","17":"tag-news","18":"tag-schlagzeilen"},"share_on_mastodon":{"url":"https:\/\/pubeurope.com\/@de\/115694646374053368","error":""},"_links":{"self":[{"href":"https:\/\/www.europesays.com\/de\/wp-json\/wp\/v2\/posts\/636567","targetHints":{"allow":["GET"]}}],"collection":[{"href":"https:\/\/www.europesays.com\/de\/wp-json\/wp\/v2\/posts"}],"about":[{"href":"https:\/\/www.europesays.com\/de\/wp-json\/wp\/v2\/types\/post"}],"author":[{"embeddable":true,"href":"https:\/\/www.europesays.com\/de\/wp-json\/wp\/v2\/users\/2"}],"replies":[{"embeddable":true,"href":"https:\/\/www.europesays.com\/de\/wp-json\/wp\/v2\/comments?post=636567"}],"version-history":[{"count":0,"href":"https:\/\/www.europesays.com\/de\/wp-json\/wp\/v2\/posts\/636567\/revisions"}],"wp:featuredmedia":[{"embeddable":true,"href":"https:\/\/www.europesays.com\/de\/wp-json\/wp\/v2\/media\/636568"}],"wp:attachment":[{"href":"https:\/\/www.europesays.com\/de\/wp-json\/wp\/v2\/media?parent=636567"}],"wp:term":[{"taxonomy":"category","embeddable":true,"href":"https:\/\/www.europesays.com\/de\/wp-json\/wp\/v2\/categories?post=636567"},{"taxonomy":"post_tag","embeddable":true,"href":"https:\/\/www.europesays.com\/de\/wp-json\/wp\/v2\/tags?post=636567"}],"curies":[{"name":"wp","href":"https:\/\/api.w.org\/{rel}","templated":true}]}}