{"id":636621,"date":"2025-12-10T10:18:11","date_gmt":"2025-12-10T10:18:11","guid":{"rendered":"https:\/\/www.europesays.com\/de\/636621\/"},"modified":"2025-12-10T10:18:11","modified_gmt":"2025-12-10T10:18:11","slug":"langenfelder-firma-sorgt-fuer-sicherheit-im-koelner-zoo","status":"publish","type":"post","link":"https:\/\/www.europesays.com\/de\/636621\/","title":{"rendered":"Langenfelder Firma sorgt f\u00fcr Sicherheit im K\u00f6lner Zoo"},"content":{"rendered":"<p class=\"text_ohne_einzug richtext text-em-55 !leading-serif mx-6 desktop:mx-0\">Tore aller Art sind das Tagesgesch\u00e4ft von \u201eInovartor\u201c \u2013 der Langenfelder Firma, die sich seit 2000 an der Industriestra\u00dfe sowohl um das Sicherheitsbed\u00fcrfnis gro\u00dfer Unternehmen als auch um die individuellen W\u00fcnsche von Eigenheimbesitzern k\u00fcmmert. Das Aufgabenspektrum ist gro\u00df und reicht von Industrietoren \u00fcber Brandschutztore bis zu Garagentoren und Haust\u00fcren.<\/p>\n","protected":false},"excerpt":{"rendered":"Tore aller Art sind das Tagesgesch\u00e4ft von \u201eInovartor\u201c \u2013 der Langenfelder Firma, die sich seit 2000 an der&hellip;\n","protected":false},"author":2,"featured_media":636622,"comment_status":"","ping_status":"","sticky":false,"template":"","format":"standard","meta":{"footnotes":"","_share_on_mastodon":"0"},"categories":[1828],"tags":[29,27941,30,17227,54,32170,150095,1420,2160,21978,150094,1209,8736,150096,6500],"class_list":["post-636621","post","type-post","status-publish","format-standard","has-post-thumbnail","category-koeln","tag-deutschland","tag-firma","tag-germany","tag-geschaeftsfuehrer","tag-industrie","tag-industriestrasse","tag-inovator","tag-koeln","tag-koelner","tag-langenfeld","tag-mark-klein","tag-nordrhein-westfalen","tag-tor","tag-tueranlagen","tag-zoo"],"share_on_mastodon":{"url":"https:\/\/pubeurope.com\/@de\/115694764351791551","error":""},"_links":{"self":[{"href":"https:\/\/www.europesays.com\/de\/wp-json\/wp\/v2\/posts\/636621","targetHints":{"allow":["GET"]}}],"collection":[{"href":"https:\/\/www.europesays.com\/de\/wp-json\/wp\/v2\/posts"}],"about":[{"href":"https:\/\/www.europesays.com\/de\/wp-json\/wp\/v2\/types\/post"}],"author":[{"embeddable":true,"href":"https:\/\/www.europesays.com\/de\/wp-json\/wp\/v2\/users\/2"}],"replies":[{"embeddable":true,"href":"https:\/\/www.europesays.com\/de\/wp-json\/wp\/v2\/comments?post=636621"}],"version-history":[{"count":0,"href":"https:\/\/www.europesays.com\/de\/wp-json\/wp\/v2\/posts\/636621\/revisions"}],"wp:featuredmedia":[{"embeddable":true,"href":"https:\/\/www.europesays.com\/de\/wp-json\/wp\/v2\/media\/636622"}],"wp:attachment":[{"href":"https:\/\/www.europesays.com\/de\/wp-json\/wp\/v2\/media?parent=636621"}],"wp:term":[{"taxonomy":"category","embeddable":true,"href":"https:\/\/www.europesays.com\/de\/wp-json\/wp\/v2\/categories?post=636621"},{"taxonomy":"post_tag","embeddable":true,"href":"https:\/\/www.europesays.com\/de\/wp-json\/wp\/v2\/tags?post=636621"}],"curies":[{"name":"wp","href":"https:\/\/api.w.org\/{rel}","templated":true}]}}