{"id":636789,"date":"2025-12-10T11:59:20","date_gmt":"2025-12-10T11:59:20","guid":{"rendered":"https:\/\/www.europesays.com\/de\/636789\/"},"modified":"2025-12-10T11:59:20","modified_gmt":"2025-12-10T11:59:20","slug":"der-tag-picasso-gemaelde-wird-fuer-guten-zweck-verlost","status":"publish","type":"post","link":"https:\/\/www.europesays.com\/de\/636789\/","title":{"rendered":"Der Tag: Picasso-Gem\u00e4lde wird f\u00fcr guten Zweck verlost"},"content":{"rendered":"<p>Der TagPicasso-Gem\u00e4lde wird f\u00fcr guten Zweck verlostTeilenFolgen auf:<a href=\"https:\/\/www.whatsapp.com\/channel\/0029Va5cdVJD8SDp5YZgYF01\" title=\"Auf WhatsApp folgen\" target=\"_blank\" rel=\"nofollow noopener\"><img decoding=\"async\" src=\"https:\/\/www.n-tv.de\/socialIcons\/whatsapp.svg\" alt=\"whatsapp\" class=\"ArticleShare_icon__FsrC2\"\/><\/a><a href=\"https:\/\/news.google.com\/publications\/CAAiEPMdif5mpRNxiLOeUpHCwwsqFAgKIhDzHYn-ZqUTcYiznlKRwsML?hl=de&amp;gl=DE&amp;ceid=DE%3Ade\" title=\"Auf Google News folgen\" target=\"_blank\" rel=\"nofollow noopener\"><img decoding=\"async\" src=\"https:\/\/www.n-tv.de\/socialIcons\/google.svg\" alt=\"whatsapp\" class=\"ArticleShare_icon__FsrC2\"\/><\/a><\/p>\n<p class=\"Typography_text-default__P3otY Typography_weight-normal__pqUbH storyline_paragraph_p__qSR5N\">In Frankreich wird ein Gem\u00e4lde des Malers <b class=\"bold\">Pablo Picasso<\/b> im Wert von<b class=\"bold\"> mehr als einer Million Euro<\/b> f\u00fcr einen guten Zweck verlost. Wie die Organisatoren mitteilten, werden auf der Internetseite <a class=\"inline_link\" href=\"https:\/\/www.1picasso100euros.com\/\" target=\"_blank\" rel=\"nofollow noopener\">www.1picasso100euros.com<\/a> insgesamt <b class=\"bold\">120.000 Lose zum Preis von je 100 Euro <\/b>verkauft. Das Gewinnlos soll dann am 14. April im Auktionshaus Christie&#8217;s in Paris gezogen werden, die Ziehung wird live im Internet \u00fcbertragen.<\/p>\n<p class=\"Typography_text-default__P3otY Typography_weight-normal__pqUbH storyline_paragraph_p__qSR5N\">Bei dem Gem\u00e4lde handelt es sich um ein Portr\u00e4t der Fotografin und Malerin Dora Maar, die jahrelang Picassos Lebensgef\u00e4hrtin war. Picasso hatte das<b class=\"bold\"> Bild mit dem Titel &#8222;Frauenkopf&#8220;<\/b> 1941 gemalt. Die Verlosung wird den Angaben zufolge von Picassos Familie und Stiftung unterst\u00fctzt, der Erl\u00f6s soll an eine Stiftung zur<b class=\"bold\"> Alzheimer-Forschung<\/b> gehen.<\/p>\n<p class=\"Typography_text-default__P3otY Typography_weight-normal__pqUbH storyline_paragraph_p__qSR5N\">Die Organisatoren um die franz\u00f6sische Fernsehmoderatorin P\u00e9ri Cochin hatten<b class=\"bold\"> bereits 2013 und 2020 Kunstwerke <\/b>von Picasso f\u00fcr einen guten Zweck<b class=\"bold\"> verlost<\/b>. 2013 war eine 25-J\u00e4hrige aus dem US-Bundesstaat Pennsylvania die gl\u00fcckliche Gewinnerin. 2020 gewann eine Buchhalterin aus Ventimiglia in Norditalien, die das Los von ihrem Sohn zu Weihnachten geschenkt bekommen hatte.<\/p>\n<p class=\"Typography_text-s__wu_cm Typography_weight-normal__pqUbH Typography_color-darkgrey__sZEnP article-detail-footer_source__KslPc\">Quelle: ntv.de<\/p>\n","protected":false},"excerpt":{"rendered":"Der TagPicasso-Gem\u00e4lde wird f\u00fcr guten Zweck verlostTeilenFolgen auf: In Frankreich wird ein Gem\u00e4lde des Malers Pablo Picasso im&hellip;\n","protected":false},"author":2,"featured_media":636790,"comment_status":"","ping_status":"","sticky":false,"template":"","format":"standard","meta":{"footnotes":""},"categories":[1775],"tags":[1793,29,214,30,1794,215],"class_list":{"0":"post-636789","1":"post","2":"type-post","3":"status-publish","4":"format-standard","5":"has-post-thumbnail","7":"category-kunst-und-design","8":"tag-art-and-design","9":"tag-deutschland","10":"tag-entertainment","11":"tag-germany","12":"tag-kunst-und-design","13":"tag-unterhaltung"},"share_on_mastodon":{"url":"https:\/\/pubeurope.com\/@de\/115695161960944466","error":""},"_links":{"self":[{"href":"https:\/\/www.europesays.com\/de\/wp-json\/wp\/v2\/posts\/636789","targetHints":{"allow":["GET"]}}],"collection":[{"href":"https:\/\/www.europesays.com\/de\/wp-json\/wp\/v2\/posts"}],"about":[{"href":"https:\/\/www.europesays.com\/de\/wp-json\/wp\/v2\/types\/post"}],"author":[{"embeddable":true,"href":"https:\/\/www.europesays.com\/de\/wp-json\/wp\/v2\/users\/2"}],"replies":[{"embeddable":true,"href":"https:\/\/www.europesays.com\/de\/wp-json\/wp\/v2\/comments?post=636789"}],"version-history":[{"count":0,"href":"https:\/\/www.europesays.com\/de\/wp-json\/wp\/v2\/posts\/636789\/revisions"}],"wp:featuredmedia":[{"embeddable":true,"href":"https:\/\/www.europesays.com\/de\/wp-json\/wp\/v2\/media\/636790"}],"wp:attachment":[{"href":"https:\/\/www.europesays.com\/de\/wp-json\/wp\/v2\/media?parent=636789"}],"wp:term":[{"taxonomy":"category","embeddable":true,"href":"https:\/\/www.europesays.com\/de\/wp-json\/wp\/v2\/categories?post=636789"},{"taxonomy":"post_tag","embeddable":true,"href":"https:\/\/www.europesays.com\/de\/wp-json\/wp\/v2\/tags?post=636789"}],"curies":[{"name":"wp","href":"https:\/\/api.w.org\/{rel}","templated":true}]}}