{"id":636793,"date":"2025-12-10T12:03:20","date_gmt":"2025-12-10T12:03:20","guid":{"rendered":"https:\/\/www.europesays.com\/de\/636793\/"},"modified":"2025-12-10T12:03:20","modified_gmt":"2025-12-10T12:03:20","slug":"bushido-laedt-sie-zu-konzert-ein-edith-98-liebt-seine-songs-unterhaltung","status":"publish","type":"post","link":"https:\/\/www.europesays.com\/de\/636793\/","title":{"rendered":"Bushido l\u00e4dt sie zu Konzert ein: Edith (98) liebt seine Songs | Unterhaltung"},"content":{"rendered":"<p>Hamburg \u2013 <b>Was haben ein Rapper und eine 98-J\u00e4hrige gemeinsam? So unwahrscheinlich es auch klingt: denselben Musikgeschmack. W\u00e4hrend Bushido seit Jahrzehnten haupts\u00e4chlich j\u00fcngere Generationen f\u00fcr seinen Sprechgesang begeistert, hat er auch in einer sehr seniorigen Altersgruppe einen gro\u00dfen Fan. <\/b><\/p>\n<p>Edith kennt nicht nur <a href=\"https:\/\/www.bild.de\/unterhaltung\/leute\/bushido\/bushido-alle-infos-78213730.bild.html\" class=\"text-link\" target=\"_blank\" rel=\"noopener\">Bushido,<\/a> sondern auch seine Songs und wei\u00df einiges \u00fcber sein <a href=\"https:\/\/www.bild.de\/unterhaltung\/stars-und-leute\/bushido-und-anna-maria-ja-wir-haben-noch-sex-693077f3385250ff9e539fa8\" class=\"text-link\" target=\"_blank\" rel=\"noopener\">Privatleben<\/a>. Dank ihres Krankenpflegers darf die Hamburgerin im kommenden Jahr einen ganz besonderen Ausflug machen. <\/p>\n<p><img decoding=\"async\" width=\"992\" height=\"744\" alt=\"2026 geht Bushido (47) in Deutschland auf gro\u00dfe Abschiedstournee. Sein erstes Konzert spielte er 2004. Inzwischen lebt er in Dubai (Vereinigte Arabische Emirate)\" src=\"https:\/\/www.europesays.com\/de\/wp-content\/uploads\/2025\/12\/0c407b8270c697020e5a79090dfba4b2,5bf3ed26\"   class=\"dynamic\" loading=\"lazy\"\/><\/p>\n<p class=\"fig__caption__text\">2026 geht Bushido (47) in Deutschland auf gro\u00dfe Abschiedstournee. Sein erstes Konzert spielte er 2004. Inzwischen lebt er in Dubai (Vereinigte Arabische Emirate) <\/p>\n<p>Foto: Anne Schulz<\/p>\n<p>Am 13. Januar tritt Bushido im Rahmen seiner \u201eAlles wird gut\u201c-Tour in der Hansestadt auf. Mit in der Barclays-Arena wird auch Edith sitzen. Die Vorfreude: mindestens genauso gro\u00df wie inzwischen Ediths Fan-Community auf TikTok.<\/p>\n<p>Edith findet Bushidos \u201eSongs prima\u201c<\/p>\n<p>Denn ihr Pfleger <a href=\"https:\/\/www.tiktok.com\/@pflege.smile?lang=de-DE\" target=\"_blank\" rel=\"nofollow noopener\" class=\"text-link--external text-link\">Rashid Hamid<\/a> hat 1,1 Millionen Follower auf TikTok. Seine Reichweite auf dem Social-Media-Kanal nutzt er auch dazu, seinen Patienten eine Plattform zu bieten. Unter anderem Edith. Vor wenigen Tagen \u00fcberraschte sie ihren Pfleger mit der Aussage, zu wissen, wer Bushido ist. Der konnte es kaum fassen und lud die Unterhaltung auf TikTok hoch. <\/p>\n<p> An dieser Stelle findest du Inhalte aus Instagram <\/p>\n<p> Um mit Inhalten aus Instagram und anderen sozialen Netzwerken zu interagieren oder diese darzustellen, brauchen wir deine Zustimmung. <\/p>\n<p> soziale Netzwerke aktivieren  Um eingebettete Inhalte anzuzeigen, ist Ihre jederzeit widerrufliche Einwilligung (\u00fcber den Schalter oder \u00fcber &#8220; <a class=\"embed-placeholder__text-link\" href=\"#\" rel=\"noopener noreferrer\" title=\"Tracking widerrufen\"> Widerruf Tracking und Cookies<\/a> &#8220; am Seitenende) zur Verarbeitung personenbezogener Daten n\u00f6tig.  Dabei k\u00f6nnen Daten in Drittl\u00e4nder wie die USA \u00fcbermittelt werden (Art. 49 Abs. 1 lit. a DSGVO). Mit dem Aktivieren des Inhalts stimmen Sie zu. Weitere Infos finden Sie <a class=\"embed-placeholder__text-link\" href=\"#\" rel=\"noopener noreferrer\" title=\"Zu den Privatsph\u00e4re Einstellungen\"> hier<\/a>. <\/p>\n<p>Das Video erreichte auch den Rapper selbst. F\u00fcr <a href=\"https:\/\/www.bild.de\/unterhaltung\/leute\/leute\/bushido-teure-delfin-therapie-fuer-extremfruehchen-frieda-87811068.bild.html\" class=\"text-link\" target=\"_blank\" rel=\"noopener\">Bushido, der schon vielen Fans kleine und gro\u00dfe W\u00fcnsche erf\u00fcllte<\/a>, war schnell klar: Er m\u00f6chte seinen wohl \u00e4ltesten Fan auf sein Konzert einladen. Gesagt, getan \u2013 und Edith kann\u2019s kaum fassen. <\/p>\n<p>Mehr zum Thema<\/p>\n<p>In einem weiteren Video danken Rashid und seine sympathische Patientin dem Musiker. Edith jubelt: \u201eBushido, ich danke dir f\u00fcr die Einladung. Ich freu\u2019 mich so sehr. Ich bin zwar so alt, aber ich find\u2019 deine Songs immer prima.\u201c Ediths Lieblingslied? \u201eF\u00fcr immer jung\u201c \u2013 eine Kollaboration mit <a href=\"https:\/\/www.bild.de\/unterhaltung\/leute\/leute\/karel-gott-tot-mit-80-jahren-an-leukaemie-gestorben-gefaehrten-erinnern-sich-65081398.bild.html\" class=\"text-link\" target=\"_blank\" rel=\"noopener\">Karel Gott<\/a> (\u2020 80) aus dem Jahr 2008.<\/p>\n<p> An dieser Stelle findest du Inhalte aus Instagram <\/p>\n<p> Um mit Inhalten aus Instagram und anderen sozialen Netzwerken zu interagieren oder diese darzustellen, brauchen wir deine Zustimmung. <\/p>\n<p> soziale Netzwerke aktivieren  Um eingebettete Inhalte anzuzeigen, ist Ihre jederzeit widerrufliche Einwilligung (\u00fcber den Schalter oder \u00fcber &#8220; <a class=\"embed-placeholder__text-link\" href=\"#\" rel=\"noopener noreferrer\" title=\"Tracking widerrufen\"> Widerruf Tracking und Cookies<\/a> &#8220; am Seitenende) zur Verarbeitung personenbezogener Daten n\u00f6tig.  Dabei k\u00f6nnen Daten in Drittl\u00e4nder wie die USA \u00fcbermittelt werden (Art. 49 Abs. 1 lit. a DSGVO). Mit dem Aktivieren des Inhalts stimmen Sie zu. Weitere Infos finden Sie <a class=\"embed-placeholder__text-link\" href=\"#\" rel=\"noopener noreferrer\" title=\"Zu den Privatsph\u00e4re Einstellungen\"> hier<\/a>. Edith w\u00fcnscht sich Meet &amp; Greet mit Bushido <\/p>\n<p>In ihrer Euphorie \u00e4u\u00dfert Edith dann noch einen Herzenswunsch: Sie will Bushido (b\u00fcrgerlich Anis Ferchichi), nicht nur live rappen h\u00f6ren, sondern auch kennenlernen. \u201eBushido? Werden wir dir die Hand sch\u00fctteln? Das w\u00e4r sch\u00f6n. Ich h\u00f6r\u2019 so oft deine Songs\u201c, schw\u00e4rmt sie. Und der Rapper reagiert tats\u00e4chlich auch darauf!<\/p>\n<p><b>\u201eWir freuen uns alle auf Edith und selbstverst\u00e4ndlich treffen wir uns pers\u00f6nlich im Backstage-Bereich. Den Song \u201aF\u00fcr immer jung\u2018 werde ich dann auch Oma Edith widmen\u201c, schreibt er.<\/b><\/p>\n<p>F\u00fcr Edith wird der 13. Januar 2026 sicher ein unvergesslicher Tag in ihrem langen Leben.<\/p>\n<p><script async src=\"\/\/www.tiktok.com\/embed.js\"><\/script><\/p>\n","protected":false},"excerpt":{"rendered":"Hamburg \u2013 Was haben ein Rapper und eine 98-J\u00e4hrige gemeinsam? So unwahrscheinlich es auch klingt: denselben Musikgeschmack. W\u00e4hrend&hellip;\n","protected":false},"author":2,"featured_media":636794,"comment_status":"","ping_status":"","sticky":false,"template":"","format":"standard","meta":{"footnotes":""},"categories":[1772],"tags":[1266,29,214,30,1310,1779,810,90568,138370,45,215],"class_list":{"0":"post-636793","1":"post","2":"type-post","3":"status-publish","4":"format-standard","5":"has-post-thumbnail","7":"category-musik","8":"tag-bushido","9":"tag-deutschland","10":"tag-entertainment","11":"tag-germany","12":"tag-konzert","13":"tag-music","14":"tag-musik","15":"tag-oma","16":"tag-team-first","17":"tag-texttospeech","18":"tag-unterhaltung"},"share_on_mastodon":{"url":"","error":""},"_links":{"self":[{"href":"https:\/\/www.europesays.com\/de\/wp-json\/wp\/v2\/posts\/636793","targetHints":{"allow":["GET"]}}],"collection":[{"href":"https:\/\/www.europesays.com\/de\/wp-json\/wp\/v2\/posts"}],"about":[{"href":"https:\/\/www.europesays.com\/de\/wp-json\/wp\/v2\/types\/post"}],"author":[{"embeddable":true,"href":"https:\/\/www.europesays.com\/de\/wp-json\/wp\/v2\/users\/2"}],"replies":[{"embeddable":true,"href":"https:\/\/www.europesays.com\/de\/wp-json\/wp\/v2\/comments?post=636793"}],"version-history":[{"count":0,"href":"https:\/\/www.europesays.com\/de\/wp-json\/wp\/v2\/posts\/636793\/revisions"}],"wp:featuredmedia":[{"embeddable":true,"href":"https:\/\/www.europesays.com\/de\/wp-json\/wp\/v2\/media\/636794"}],"wp:attachment":[{"href":"https:\/\/www.europesays.com\/de\/wp-json\/wp\/v2\/media?parent=636793"}],"wp:term":[{"taxonomy":"category","embeddable":true,"href":"https:\/\/www.europesays.com\/de\/wp-json\/wp\/v2\/categories?post=636793"},{"taxonomy":"post_tag","embeddable":true,"href":"https:\/\/www.europesays.com\/de\/wp-json\/wp\/v2\/tags?post=636793"}],"curies":[{"name":"wp","href":"https:\/\/api.w.org\/{rel}","templated":true}]}}