{"id":636872,"date":"2025-12-10T12:47:14","date_gmt":"2025-12-10T12:47:14","guid":{"rendered":"https:\/\/www.europesays.com\/de\/636872\/"},"modified":"2025-12-10T12:47:14","modified_gmt":"2025-12-10T12:47:14","slug":"pol-du-neudorf-trickdiebe-erbeuten-schmuck-und-uhren-zeugensuche","status":"publish","type":"post","link":"https:\/\/www.europesays.com\/de\/636872\/","title":{"rendered":"POL-DU: Neudorf: Trickdiebe erbeuten Schmuck und Uhren &#8211; Zeugensuche"},"content":{"rendered":"<p class=\"date\">10.12.2025 \u2013 13:39<\/p>\n<p class=\"customer\">\n                        <a class=\"story-customer\" title=\"weiter zum newsroom von Polizei Duisburg\" href=\"https:\/\/www.presseportal.de\/blaulicht\/nr\/50510\" rel=\"nofollow noopener\" target=\"_blank\">Polizei Duisburg<\/a>\n                    <\/p>\n<p><a data-category=\"citylink-story-view\" data-action=\"click\" data-label=\"Citylink in Meldungsansicht\" class=\"story-city event-trigger\" href=\"https:\/\/www.presseportal.de\/regional\/Duisburg\" title=\"News aus Duisburg \" rel=\"nofollow noopener\" target=\"_blank\">Duisburg<\/a> (ots)<\/p>\n<p>Zwei Unbekannte verschafften sich bereits vergangene Woche Dienstag (2. Dezember, gegen 11 Uhr) unter dem Vorwand, die Heizung ablesen zu wollen, Zutritt zu der Wohnung einer Seniorin auf der Kortumstra\u00dfe.<\/p>\n<p>Obwohl die Frau zu Beginn skeptisch war und anmerkte, dass sie im Vorfeld keine Information erhalten habe, setzten die T\u00e4ter sie unter Druck. Sie versicherten ihr, dass sie den Brief lediglich verlegt habe. Au\u00dferdem drohten sie, dass im Falle einer erneuten R\u00fcckkehr Kosten f\u00fcr die Duisburgerin entstehen w\u00fcrden.<\/p>\n<p>Trotz ihrer Bedenken lie\u00df sich die Seniorin schlie\u00dflich von den M\u00e4nnern \u00fcberzeugen, die in der Wohnung w\u00e4hrend des &#8222;Heizungschecks&#8220; nach Wertsachen suchten. Dabei entwendeten sie Schmuck, darunter den Ehering sowie diverse Uhren. Im Anschluss entfernten sich die T\u00e4ter in unbekannte Richtung.<\/p>\n<p>Die Duisburgerin bemerkte den Diebstahl erst eine Woche sp\u00e4ter und erstattete Anzeige bei der Polizei. Sie beschreibt die M\u00e4nner wie folgt: ca. 35 Jahre alt, sehr hager, etwa 1,80 Meter gro\u00df, dunkel gekleidet mit Kopfbedeckung, blasse Gesichter, dunkle Haare.<\/p>\n<p>Die Ermittler vom Kriminalkommissariat 32 suchen Zeuginnen und Zeugen, die Hinweise zu den T\u00e4tern geben k\u00f6nnen (Telefonnummer: 0203 2800).<\/p>\n<p class=\"contact-headline\">Journalisten wenden sich mit R\u00fcckfragen bitte an:<\/p>\n<p class=\"contact-text\">Polizei Duisburg<br \/>&#8211; Pressestelle &#8211;<br \/>Polizei Duisburg<br \/>Telefon: 0203 280 -1041, -1045, -1046, -1047<br \/>Fax: 0203 280 1049<br \/>E-Mail: <a href=\"https:\/\/www.presseportal.de\/blaulicht\/pm\/50510\/mailto: pressestelle.duisburg@polizei.nrw.de\" class=\"uri-mailto\" rel=\"nofollow noopener\" target=\"_blank\"> pressestelle.duisburg@polizei.nrw.de<\/a><br \/><a target=\"_blank\" class=\"uri-ext outbound\" rel=\"noopener nofollow\" href=\"https:\/\/duisburg.polizei.nrw\">https:\/\/duisburg.polizei.nrw<\/a><\/p>\n<p>au\u00dferhalb der B\u00fcrodienstzeiten:<br \/>Polizei Duisburg<br \/>Telefon: 0203 2800<\/p>\n<p class=\"originator\">Original-Content von: Polizei Duisburg, \u00fcbermittelt durch news aktuell<\/p>\n","protected":false},"excerpt":{"rendered":"10.12.2025 \u2013 13:39 Polizei Duisburg Duisburg (ots) Zwei Unbekannte verschafften sich bereits vergangene Woche Dienstag (2. Dezember, gegen&hellip;\n","protected":false},"author":2,"featured_media":386213,"comment_status":"","ping_status":"","sticky":false,"template":"","format":"standard","meta":{"footnotes":""},"categories":[1838],"tags":[3364,29,3715,30,177,1209,176,121,178,180,179,181],"class_list":{"0":"post-636872","1":"post","2":"type-post","3":"status-publish","4":"format-standard","5":"has-post-thumbnail","7":"category-duisburg","8":"tag-de","9":"tag-deutschland","10":"tag-duisburg","11":"tag-germany","12":"tag-kriminalitt","13":"tag-nordrhein-westfalen","14":"tag-nrw","15":"tag-polizei","16":"tag-presse","17":"tag-pressemeldung","18":"tag-pressemitteilung","19":"tag-pressemitteilungen"},"share_on_mastodon":{"url":"https:\/\/pubeurope.com\/@de\/115695350329285612","error":""},"_links":{"self":[{"href":"https:\/\/www.europesays.com\/de\/wp-json\/wp\/v2\/posts\/636872","targetHints":{"allow":["GET"]}}],"collection":[{"href":"https:\/\/www.europesays.com\/de\/wp-json\/wp\/v2\/posts"}],"about":[{"href":"https:\/\/www.europesays.com\/de\/wp-json\/wp\/v2\/types\/post"}],"author":[{"embeddable":true,"href":"https:\/\/www.europesays.com\/de\/wp-json\/wp\/v2\/users\/2"}],"replies":[{"embeddable":true,"href":"https:\/\/www.europesays.com\/de\/wp-json\/wp\/v2\/comments?post=636872"}],"version-history":[{"count":0,"href":"https:\/\/www.europesays.com\/de\/wp-json\/wp\/v2\/posts\/636872\/revisions"}],"wp:featuredmedia":[{"embeddable":true,"href":"https:\/\/www.europesays.com\/de\/wp-json\/wp\/v2\/media\/386213"}],"wp:attachment":[{"href":"https:\/\/www.europesays.com\/de\/wp-json\/wp\/v2\/media?parent=636872"}],"wp:term":[{"taxonomy":"category","embeddable":true,"href":"https:\/\/www.europesays.com\/de\/wp-json\/wp\/v2\/categories?post=636872"},{"taxonomy":"post_tag","embeddable":true,"href":"https:\/\/www.europesays.com\/de\/wp-json\/wp\/v2\/tags?post=636872"}],"curies":[{"name":"wp","href":"https:\/\/api.w.org\/{rel}","templated":true}]}}