{"id":636917,"date":"2025-12-10T13:12:24","date_gmt":"2025-12-10T13:12:24","guid":{"rendered":"https:\/\/www.europesays.com\/de\/636917\/"},"modified":"2025-12-10T13:12:24","modified_gmt":"2025-12-10T13:12:24","slug":"nfl-kehrt-zurueck-muenchen-wird-wieder-football-hauptstadt-sport","status":"publish","type":"post","link":"https:\/\/www.europesays.com\/de\/636917\/","title":{"rendered":"NFL kehrt zur\u00fcck: M\u00fcnchen wird wieder Football-Hauptstadt! | Sport"},"content":{"rendered":"<p><b>Was BILD bereits exklusiv vermeldet hatte, ist jetzt offiziell: Die NFL kehrt nach M\u00fcnchen zur\u00fcck!<\/b><\/p>\n<p>Nach einem Jahr Pause findet im kommenden Jahr wieder eine Partie der besten Football-Liga der Welt in der Allianz Arena statt.<\/p>\n<p><b>Die Aufteilung der Deutschland-Spiele sieht in den kommenden Jahren wie folgt aus: 2026 M\u00fcnchen, 2027 Berlin, 2028 M\u00fcnchen, 2029 Berlin.<\/b><\/p>\n<p>Mehr zum Thema<\/p>\n<p><b>Alexander Steinforth, General Manager der NFL in Deutschland, erkl\u00e4rt: <\/b>\u201eDeutschland ist f\u00fcr die NFL von gro\u00dfer strategischer Bedeutung. M\u00fcnchen hat einen ganz besonderen Platz im Herzen unserer Fans.\u201c<\/p>\n<p><b>M\u00fcnchens Sportb\u00fcrgermeisterin Verena Dietl freut sich l\u00e4ngst auf den n\u00e4chsten Kickoff<\/b>: \u201eWir wollen die Begeisterung f\u00fcr Football weit \u00fcber die Stadien hinaus tragen.\u201c<\/p>\n<p>2022 fand in M\u00fcnchen das erste deutsche Saisonspiel statt. Das Duell der Tampa Bay Buccaneers um Tom Brady gegen die Seattle Seahawks sorgte f\u00fcr ein Riesen-Spektakel (21:16). Im vergangenen Jahr gab es dann die Partie der New York Giants gegen die Carolina Panthers (17:20).<\/p>\n<p>Franzosen unter sich: Trikottausch hinter den Kulissen<a class=\"anchor video-teaser__anchor\" href=\"https:\/\/www.bild.de\/sport\/fussball\/bvb-gegen-tsg-hoffenheim-trikottausch-hinter-den-kulissen-693957a07a0ab5a4f7a808ef\" target=\"_blank\" rel=\"noopener\"><img decoding=\"async\" width=\"992\" height=\"558\" alt=\"BVB gegen TSG Hoffenheim: Trikottausch hinter den Kulissen\" src=\"https:\/\/www.europesays.com\/de\/wp-content\/uploads\/2025\/12\/f273c211eb82ab60ced52a6dbd9086de-landscape,ed2cb687\"   class=\"landscape teaser__image\" loading=\"lazy\"\/><\/a><\/p>\n<p>Quelle: BILD \/TikTok @tsghoffenheim10.12.2025<\/p>\n<p>Im Januar wird verk\u00fcndet, welches Team dann Heimrecht hat. Da in der kommenden Saison die Teams der NFC eines ihrer Heimspiele au\u00dferhalb der USA austragen werden, gelten die Detroit Lions und Green Bay Packers als Favoriten. Beide haben die Marketingrechte f\u00fcr den deutschen Markt.<\/p>\n<p><b>Besonders die Lions um den Deutsch-Amerikaner Amon-Ra St. Brown wollen seit Jahren hierzulande ein Spiel austragen.<\/b><\/p>\n","protected":false},"excerpt":{"rendered":"Was BILD bereits exklusiv vermeldet hatte, ist jetzt offiziell: Die NFL kehrt nach M\u00fcnchen zur\u00fcck! Nach einem Jahr&hellip;\n","protected":false},"author":2,"featured_media":636918,"comment_status":"","ping_status":"","sticky":false,"template":"","format":"standard","meta":{"footnotes":""},"categories":[1827],"tags":[4545,772,5175,29,30,1268,4550,102933,45,16579],"class_list":{"0":"post-636917","1":"post","2":"type-post","3":"status-publish","4":"format-standard","5":"has-post-thumbnail","7":"category-muenchen","8":"tag-american-football","9":"tag-bayern","10":"tag-brady-tom","11":"tag-deutschland","12":"tag-germany","13":"tag-muenchen","14":"tag-nfl","15":"tag-tampa-bay-buccaneers","16":"tag-texttospeech","17":"tag-tom-brady"},"share_on_mastodon":{"url":"https:\/\/pubeurope.com\/@de\/115695449537460738","error":""},"_links":{"self":[{"href":"https:\/\/www.europesays.com\/de\/wp-json\/wp\/v2\/posts\/636917","targetHints":{"allow":["GET"]}}],"collection":[{"href":"https:\/\/www.europesays.com\/de\/wp-json\/wp\/v2\/posts"}],"about":[{"href":"https:\/\/www.europesays.com\/de\/wp-json\/wp\/v2\/types\/post"}],"author":[{"embeddable":true,"href":"https:\/\/www.europesays.com\/de\/wp-json\/wp\/v2\/users\/2"}],"replies":[{"embeddable":true,"href":"https:\/\/www.europesays.com\/de\/wp-json\/wp\/v2\/comments?post=636917"}],"version-history":[{"count":0,"href":"https:\/\/www.europesays.com\/de\/wp-json\/wp\/v2\/posts\/636917\/revisions"}],"wp:featuredmedia":[{"embeddable":true,"href":"https:\/\/www.europesays.com\/de\/wp-json\/wp\/v2\/media\/636918"}],"wp:attachment":[{"href":"https:\/\/www.europesays.com\/de\/wp-json\/wp\/v2\/media?parent=636917"}],"wp:term":[{"taxonomy":"category","embeddable":true,"href":"https:\/\/www.europesays.com\/de\/wp-json\/wp\/v2\/categories?post=636917"},{"taxonomy":"post_tag","embeddable":true,"href":"https:\/\/www.europesays.com\/de\/wp-json\/wp\/v2\/tags?post=636917"}],"curies":[{"name":"wp","href":"https:\/\/api.w.org\/{rel}","templated":true}]}}