{"id":637105,"date":"2025-12-10T14:53:17","date_gmt":"2025-12-10T14:53:17","guid":{"rendered":"https:\/\/www.europesays.com\/de\/637105\/"},"modified":"2025-12-10T14:53:17","modified_gmt":"2025-12-10T14:53:17","slug":"putin-will-mehr-als-den-donbas-selenskyj-steckt-im-dilemma","status":"publish","type":"post","link":"https:\/\/www.europesays.com\/de\/637105\/","title":{"rendered":"Putin will mehr als den Donbas \u2013 Selenskyj steckt im Dilemma"},"content":{"rendered":"<ol class=\"id-DonaldBreadcrumb lp_west_breadcrumb id-DonaldBreadcrumb--default\" data-k5a-pos=\"west_breadcrumb\">\n<li class=\"id-Breadcrumb-item\"><a href=\"https:\/\/www.fr.de\/\" class=\"id-Breadcrumb-link\" data-id-ec=\"{\" shn=\"\" textlink=\"\" data-k5a-pos=\"1_startseite\" rel=\"nofollow noopener\" target=\"_blank\">Startseite<\/a><\/li>\n<li class=\"id-Breadcrumb-item\"><a href=\"https:\/\/www.fr.de\/politik\/\" class=\"id-Breadcrumb-link\" data-id-ec=\"{\" shn=\"\" textlink=\"\" data-k5a-pos=\"2_politik\" rel=\"nofollow noopener\" target=\"_blank\">Politik<\/a><\/li>\n<\/ol>\n<p class=\"id-Story-timestamp id-Story-timestamp--default\">Stand: 10.12.2025, 13:31 Uhr<\/p>\n<p class=\"id-Story-authors id-Story-authors--default\">Von: <a class=\"id-Story-authors-link lp_west_author\" href=\"https:\/\/www.fr.de\/autor\/felix-busjaeger-jg7g167cp.html\" title=\"Zur Autorenseite von Felix Busjaeger\" data-id-ec=\"{\" shn=\"\" author-link=\"\" busjaeger=\"\" data-k5a-pos=\"west_author\" rel=\"nofollow noopener\" target=\"_blank\">Felix Busjaeger<\/a><\/p>\n<p class=\"id-Story-interactionBar id-Story-interactionBar--default\">DruckenTeilen<\/p>\n<p class=\"id-StoryElement-leadText\">Wladimir Putin will im Ukraine-Krieg mehr als nur Land. Selenskyj sieht sich immer st\u00e4rkeren Druck aus den USA ausgesetzt. Doch die Gefahr bleibt. Eine Analyse. <\/p>\n<p class=\"id-StoryElement-paragraph\">Moskau\/Washington \u2013 Bis Weihnachten soll eine Entscheidung fallen: In Washington w\u00e4chst die Ungeduld und <a href=\"https:\/\/www.fr.de\/politik\/donald-trump-per32650\/\" class=\"id-import-Link\" title=\"Donald Trump\" data-id-ec=\"{&quot;sht&quot;:&quot;Container&quot;,&quot;shn&quot;:&quot;Story&quot;,&quot;p&quot;:{&quot;containerType&quot;:&quot;Paragraph&quot;,&quot;displayType&quot;:&quot;Paragraph InlineLink&quot;,&quot;type&quot;:&quot;INLINE_LINK&quot;,&quot;value&quot;:&quot;Donald Trump&quot;,&quot;variant&quot;:&quot;standardLink&quot;,&quot;sponsored&quot;:false,&quot;linkHref&quot;:&quot;https:\/\/www.fr.de\/politik\/donald-trump-per32650\/&quot;,&quot;storyElementPosition&quot;:8,&quot;storyElementCount&quot;:28}}\" rel=\"nofollow noopener\" target=\"_blank\">Donald Trump<\/a> soll laut Berichten der Financial Times Kiew unter Druck gesetzt haben, um auf den j\u00fcngsten Entwurf f\u00fcr ein Ende des Ukraine-Kriegs zu reagieren. Das Team des US-Pr\u00e4sidenten wies dies zwar inzwischen zur\u00fcck und beteuerte, dass das Ziel der Regierung darin bestehe, eine f\u00fcr beide Seiten akzeptable Vereinbarung zu erzielen. Doch der steigende Druck auf <a href=\"https:\/\/www.fr.de\/politik\/wolodymyr-selenskyj-ukraine-praesident-konflikt-krieg-tv-star-tanzshow-schauspieler-91382339.html\" class=\"id-import-Link\" data-id-ec=\"{&quot;sht&quot;:&quot;Container&quot;,&quot;shn&quot;:&quot;Story&quot;,&quot;p&quot;:{&quot;containerType&quot;:&quot;Paragraph&quot;,&quot;displayType&quot;:&quot;Paragraph InlineLink&quot;,&quot;type&quot;:&quot;INLINE_LINK&quot;,&quot;value&quot;:&quot;Wolodymyr Selenskyj&quot;,&quot;variant&quot;:&quot;standardLink&quot;,&quot;sponsored&quot;:false,&quot;linkHref&quot;:&quot;https:\/\/www.fr.de\/politik\/wolodymyr-selenskyj-ukraine-praesident-konflikt-krieg-tv-star-tanzshow-schauspieler-91382339.html&quot;,&quot;storyElementPosition&quot;:8,&quot;storyElementCount&quot;:28}}\" rel=\"nofollow noopener\" target=\"_blank\">Wolodymyr Selenskyj<\/a> bleibt unbestritten.<\/p>\n<p><img decoding=\"async\" class=\"id-RatioPlaceholder-element wv_story_el_image\" src=\"https:\/\/www.europesays.com\/de\/wp-content\/uploads\/2025\/12\/40772027-wladimir-putin-haelt-im-ukraine-krieg-an-harten-forderungen-fuer-frieden-fest-dafuer-gibt-e.jpeg\" loading=\"lazy\"   height=\"686\" width=\"1100\" alt=\"Wladimir Putin h&#xE4;lt im Ukraine-Krieg an harten Forderungen f&#xFC;r Frieden fest. Daf&#xFC;r gibt es einen m&#xF6;glichen Grund. (Archivbild)\"\/>Wladimir Putin h\u00e4lt im Ukraine-Krieg an harten Forderungen f\u00fcr Frieden fest. Daf\u00fcr gibt es einen m\u00f6glichen Grund. (Archivbild) \u00a9\u00a0IMAGO\/Gavriil Grigorov\/SNA<\/p>\n<p class=\"id-StoryElement-paragraph\">Der Pr\u00e4sident der Ukraine wurde erst k\u00fcrzlich seitens der USA mit Aussagen zu <a href=\"https:\/\/www.fr.de\/politik\/ukraine-krieg-selenskyj-ploetzlich-offen-fuer-wahlen-putin-sprecher-reagiert-94077369.html\" class=\"id-import-Link\" data-id-ec=\"{&quot;sht&quot;:&quot;Container&quot;,&quot;shn&quot;:&quot;Story&quot;,&quot;p&quot;:{&quot;containerType&quot;:&quot;Paragraph&quot;,&quot;displayType&quot;:&quot;Paragraph InlineLink&quot;,&quot;type&quot;:&quot;INLINE_LINK&quot;,&quot;value&quot;:&quot;fehlenden Wahlen in der Ukraine&quot;,&quot;variant&quot;:&quot;standardLink&quot;,&quot;sponsored&quot;:false,&quot;linkHref&quot;:&quot;https:\/\/www.fr.de\/politik\/ukraine-krieg-selenskyj-ploetzlich-offen-fuer-wahlen-putin-sprecher-reagiert-94077369.html&quot;,&quot;storyElementPosition&quot;:11,&quot;storyElementCount&quot;:28}}\" rel=\"nofollow noopener\" target=\"_blank\">fehlenden Wahlen in der Ukraine<\/a> konfrontiert. Derweil bem\u00fcht sich Selenskyj umso st\u00e4rker, gemeinsam mit den europ\u00e4ischen Partnern die Bedingungen f\u00fcr Friedensverhandlungen zu verbessern. Der\u00a0urspr\u00fcnglich von Trump vorgelegte 28-Punkte-Plan\u00a0enthielt unter anderem Vorschl\u00e4ge zum Umgang mit territorialen Fragen, die f\u00fcr die ukrainische Regierung nicht haltbar sind \u2013 und warf die Frage auf, inwieweit sich \u00fcberhaupt ein tragf\u00e4higer Frieden erreichen lie\u00dfe, den beide Seiten akzeptieren. Denn Russland pocht weiter auf den Donbass. Doch selbst wenn Selenskyj gegen\u00fcber <a href=\"https:\/\/www.fr.de\/politik\/wladimir-putin-per42970\/\" class=\"id-import-Link\" title=\"Wladimir Putin\" data-id-ec=\"{&quot;sht&quot;:&quot;Container&quot;,&quot;shn&quot;:&quot;Story&quot;,&quot;p&quot;:{&quot;containerType&quot;:&quot;Paragraph&quot;,&quot;displayType&quot;:&quot;Paragraph InlineLink&quot;,&quot;type&quot;:&quot;INLINE_LINK&quot;,&quot;value&quot;:&quot;Wladimir Putin&quot;,&quot;variant&quot;:&quot;standardLink&quot;,&quot;sponsored&quot;:false,&quot;linkHref&quot;:&quot;https:\/\/www.fr.de\/politik\/wladimir-putin-per42970\/&quot;,&quot;storyElementPosition&quot;:11,&quot;storyElementCount&quot;:28}}\" rel=\"nofollow noopener\" target=\"_blank\">Wladimir Putin<\/a> einlenken w\u00fcrde, k\u00f6nnte dies am Ende nicht ausreichen.<\/p>\n<p>Kein Ende des Ukraine-Kriegs: Russland erkauft Erfolge mit hohen Verlusten<\/p>\n<p class=\"id-StoryElement-paragraph\">Der Kreml hatte zuletzt immer wieder erkl\u00e4rt, ein <a href=\"https:\/\/www.fr.de\/politik\/ukraine-krieg-aktuell-ticker-news-trump-friedensplan-lawrow-rede-russland-putin-zr-94076927.html\" class=\"id-import-Link\" data-id-ec=\"{&quot;sht&quot;:&quot;Container&quot;,&quot;shn&quot;:&quot;Story&quot;,&quot;p&quot;:{&quot;containerType&quot;:&quot;Paragraph&quot;,&quot;displayType&quot;:&quot;Paragraph InlineLink&quot;,&quot;type&quot;:&quot;INLINE_LINK&quot;,&quot;value&quot;:&quot;Ende des Ukraine-Kriegs&quot;,&quot;variant&quot;:&quot;standardLink&quot;,&quot;sponsored&quot;:false,&quot;linkHref&quot;:&quot;https:\/\/www.fr.de\/politik\/ukraine-krieg-aktuell-ticker-news-trump-friedensplan-lawrow-rede-russland-putin-zr-94076927.html&quot;,&quot;storyElementPosition&quot;:14,&quot;storyElementCount&quot;:28}}\" rel=\"nofollow noopener\" target=\"_blank\">Ende des Ukraine-Kriegs<\/a> sei erst m\u00f6glich, wenn Kiew seine Truppen aus dem Donezk abziehen w\u00fcrde. Andernfalls w\u00fcrde Russland mit ganzer H\u00e4rte weiter vorr\u00fccken, um schlie\u00dflich den ganzen Donbass einzunehmen. Doch milit\u00e4risch erscheint dieses Ziel f\u00fcr Russland in der aktuellen Phase des Ukraine-Kriegs kaum erreichbar: russische Erfolge an der Front m\u00fcssen gegenw\u00e4rtig mit hohen Verlusten erkauft werden.<\/p>\n<p class=\"id-StoryElement-paragraph\">Lettlands Au\u00dfenminister Baiba Bra\u017ee erkl\u00e4rte gegen\u00fcber CNN k\u00fcrzlich:\u00a0\u201eDie Wahrheit ist, dass Russland im letzten Jahr weniger als ein Prozent des ukrainischen Territoriums hinzugewonnen hat.\u201c Die Kiewer Armee ist gegen\u00fcber der russischen \u00dcbermacht zahlenm\u00e4\u00dfig deutlich unterlegen, dennoch w\u00e4re ein Vorsto\u00df von Putins Truppen im Donbass wahrscheinlich mit Zehntausenden gefallenen Soldaten verbunden. <\/p>\n<p>Wladimir Putin: Der Aufstieg von Russlands Machthabern in Bildern<img decoding=\"async\" class=\"id-RatioPlaceholder-element wv_story_el_interstitialImage\" src=\"https:\/\/www.europesays.com\/de\/wp-content\/uploads\/2025\/03\/29241349-bekleidet-mit-olivgruener-jagdhose-und-einem-dazu-passenden-sonnenhut-praesentiert-sich-wla.jpeg\" loading=\"lazy\"   height=\"3289\" width=\"4934\" alt=\"Bekleidet mit olivgr&#xFC;ner Jagdhose und einem dazu passenden Sonnenhut pr&#xE4;sentiert sich Wladimir Putin beim Angeln in den sibirischen Bergen im Jahr 2017. Geht es nach dem russischen Pr&#xE4;sidenten, hat der Oberk&#xF6;rper aber freizubleiben.\"\/><a href=\"https:\/\/www.fr.de\/politik\/wladimir-putin-russland-praesident-politische-karriere-machthaber-bilder-fotostrecke-zr-91664759.html\" class=\"id-StoryElement-intestitialLink-link\" data-id-ec=\"{\" shn=\"\" ansehen=\"\" data-k5a-pos=\"west_story_16_photoGalleryLink\" title=\"Zur Fotostrecke: Wladimir Putin: Der Aufstieg von Russlands Machthabern in Bildern\" rel=\"nofollow noopener\" target=\"_blank\">Fotostrecke ansehen<\/a><\/p>\n<p class=\"id-StoryElement-paragraph\">Doch selbst im hypothetischen Fall eines Gebietsabtritts an Russland, sofern verfassungsm\u00e4\u00dfig m\u00f6glich, w\u00fcrde am Ende wom\u00f6glich nicht daf\u00fcr sorgen, dass ein Waffenstillstand oder gar eine Beendigung des Ukraine-Kriegs erreicht werden, wie Mykola Bielieskov gegen\u00fcber der Times analysiert. Aus russischer Sicht ginge es bei den Pl\u00e4nen nicht um eine tats\u00e4chliche Beilegung des Krieges, \u201esondern darum, in der Ukraine Spaltungen zu erzeugen und auszunutzen, um weitere Gebietsgewinne zu erzielen und die eigene Verhandlungsposition weiter zu st\u00e4rken\u201c.<\/p>\n<p>\u201eGeht um Respekt\u201c: Putin buhlt im Ukraine-Krieg um Anerkennung<\/p>\n<p class=\"id-StoryElement-paragraph\">Der ehemalige Ministerpr\u00e4sident von Russland, Michail Kasjanow, erkl\u00e4rte laut Times, Putin sei besessen davon gewesen, die westliche Anerkennung der Moskauer Herrschaft \u00fcber die gesamte Donbass-Region zu sichern. \u201eEs geht um Respekt vor ihm und seiner Macht, damit niemand auch nur den geringsten Grund hat, ihn f\u00fcr schwach zu halten\u201c, f\u00fchrte Kasjanow zur wahren Motivation des russischen Pr\u00e4sidenten aus.<\/p>\n<p class=\"id-StoryElement-paragraph\">Dass Putins Streben im <a href=\"https:\/\/www.fr.de\/politik\/ukraine-konflikt-sti1524391\/\" class=\"id-import-Link\" title=\"Ukraine-Krieg\" data-id-ec=\"{&quot;sht&quot;:&quot;Container&quot;,&quot;shn&quot;:&quot;Story&quot;,&quot;p&quot;:{&quot;containerType&quot;:&quot;Paragraph&quot;,&quot;displayType&quot;:&quot;Paragraph InlineLink&quot;,&quot;type&quot;:&quot;INLINE_LINK&quot;,&quot;value&quot;:&quot;Ukraine-Krieg&quot;,&quot;variant&quot;:&quot;standardLink&quot;,&quot;sponsored&quot;:false,&quot;linkHref&quot;:&quot;https:\/\/www.fr.de\/politik\/ukraine-konflikt-sti1524391\/&quot;,&quot;storyElementPosition&quot;:22,&quot;storyElementCount&quot;:28}}\" rel=\"nofollow noopener\" target=\"_blank\">Ukraine-Krieg<\/a> nicht nur geopolitischer Natur ist, sondern auch andere Ursachen haben k\u00f6nnte, mutma\u00dften mehrere Experten immer wieder im Verlauf des Konflikts. Unter anderem das Santa Clara Markkula Center f\u00fcr Applied Ethics schrieb bereits 2022 \u00fcber den Narzissmus des Pr\u00e4sidenten, mahnte allerdings zugleich aus ethischer Sicht zur Vorsicht bei Ferndiagnosen. Modern Diplomacy verwies in einer Analyse unter anderem auf den Zusammenbruch der Sowjetunion als nationales Trauma, das Putins Handeln mitbestimmen soll.<\/p>\n<p class=\"id-StoryElement-paragraph\">Experten berufen sich in diesem Zusammenhang h\u00e4ufiger auf die Aussagen des russischen Pr\u00e4sidenten, der Zusammenbruch der UdSSR sei die \u201egr\u00f6\u00dfte geopolitische Katastrophe\u201c\u00a0des 20. Jahrhunderts gewesen. Eine t\u00fcrkische Studie  der Mus Alparslan University kam derweil zu folgendem Ergebnis: Putins Narzissmus hat sich entwickelt, weil der jetzige Pr\u00e4sident fr\u00fcher traumatisiert wurde, in der Kindheit f\u00fcr sein Alter unangemessene Frustrationen erlebte und neben einer f\u00fcrsorglichen Mutter mit einem \u00fcberautorit\u00e4ren Vater aufwuchs.<\/p>\n<p>Ende des Ukraine-Kriegs als Herausforderung des Westens<\/p>\n<p class=\"id-StoryElement-paragraph\">Modern Diplomacy analysierte zudem, dass es <a href=\"https:\/\/www.fr.de\/politik\/ukraine-news-ticker-aktuell-krieg-trump-friedensplan-lawrow-rede-russland-aussenpolitik-zr-94076875.html\" class=\"id-import-Link\" data-id-ec=\"{&quot;sht&quot;:&quot;Container&quot;,&quot;shn&quot;:&quot;Story&quot;,&quot;p&quot;:{&quot;containerType&quot;:&quot;Paragraph&quot;,&quot;displayType&quot;:&quot;Paragraph InlineLink&quot;,&quot;type&quot;:&quot;INLINE_LINK&quot;,&quot;value&quot;:&quot;Putin beim Ukraine-Krieg&quot;,&quot;variant&quot;:&quot;standardLink&quot;,&quot;sponsored&quot;:false,&quot;linkHref&quot;:&quot;https:\/\/www.fr.de\/politik\/ukraine-news-ticker-aktuell-krieg-trump-friedensplan-lawrow-rede-russland-aussenpolitik-zr-94076875.html&quot;,&quot;storyElementPosition&quot;:26,&quot;storyElementCount&quot;:28}}\" rel=\"nofollow noopener\" target=\"_blank\">Putin beim Ukraine-Krieg<\/a> nicht nur um Kontrolle geht, sondern besonders um die Anerkennung durch die Vereinigten Staaten. Er will demnach als gleichwertiger Akteur behandelt werden. Mit welchem Nachdruck dies verfolgt wird, zeigt sich im russischen Narrativ des \u201eGeistes von Anchorage\u201c: Regierungsnahe Medien greifen die Metapher regelm\u00e4\u00dfig auf, um an das Treffen zwischen Putin und Trump in diesem Jahr zu erinnern \u2013 in der Hoffnung auf eine neue, pragmatische \u00c4ra der Beziehungen zwischen den USA und Russland.<\/p>\n<p class=\"id-StoryElement-paragraph\">Mit Blick auf den urspr\u00fcnglichen Friedensplan, den Trumps Regierung vorgebracht hatte, schrieb das Atlantic Council, dass \u201ePutin auf maximale Macht aus ist und keinerlei Interesse an einem Kompromissfrieden hat\u201c. Die daraus resultierende Herausforderung f\u00fcr den Westen: Die westlichen Staaten \u201em\u00fcssen beweisen, dass sie den politischen Willen besitzen, seine verqueren imperialen Fantasien an der Verwirklichung zu hindern\u201c. (Quellen: Financial Times, Times, CNN, Modern Diplomacy, Santa Clara Markkula Center f\u00fcr Applied Ethics, Atlantic Council) (fbu)<\/p>\n","protected":false},"excerpt":{"rendered":"Startseite Politik Stand: 10.12.2025, 13:31 Uhr Von: Felix Busjaeger DruckenTeilen Wladimir Putin will im Ukraine-Krieg mehr als nur&hellip;\n","protected":false},"author":2,"featured_media":637106,"comment_status":"","ping_status":"","sticky":false,"template":"","format":"standard","meta":{"footnotes":""},"categories":[3],"tags":[13,14,15,12,10,8,9,11,103,104],"class_list":{"0":"post-637105","1":"post","2":"type-post","3":"status-publish","4":"format-standard","5":"has-post-thumbnail","7":"category-welt","8":"tag-headlines","9":"tag-nachrichten","10":"tag-news","11":"tag-schlagzeilen","12":"tag-top-news","13":"tag-top-meldungen","14":"tag-topmeldungen","15":"tag-topnews","16":"tag-welt","17":"tag-world"},"share_on_mastodon":{"url":"https:\/\/pubeurope.com\/@de\/115695846827213990","error":""},"_links":{"self":[{"href":"https:\/\/www.europesays.com\/de\/wp-json\/wp\/v2\/posts\/637105","targetHints":{"allow":["GET"]}}],"collection":[{"href":"https:\/\/www.europesays.com\/de\/wp-json\/wp\/v2\/posts"}],"about":[{"href":"https:\/\/www.europesays.com\/de\/wp-json\/wp\/v2\/types\/post"}],"author":[{"embeddable":true,"href":"https:\/\/www.europesays.com\/de\/wp-json\/wp\/v2\/users\/2"}],"replies":[{"embeddable":true,"href":"https:\/\/www.europesays.com\/de\/wp-json\/wp\/v2\/comments?post=637105"}],"version-history":[{"count":0,"href":"https:\/\/www.europesays.com\/de\/wp-json\/wp\/v2\/posts\/637105\/revisions"}],"wp:featuredmedia":[{"embeddable":true,"href":"https:\/\/www.europesays.com\/de\/wp-json\/wp\/v2\/media\/637106"}],"wp:attachment":[{"href":"https:\/\/www.europesays.com\/de\/wp-json\/wp\/v2\/media?parent=637105"}],"wp:term":[{"taxonomy":"category","embeddable":true,"href":"https:\/\/www.europesays.com\/de\/wp-json\/wp\/v2\/categories?post=637105"},{"taxonomy":"post_tag","embeddable":true,"href":"https:\/\/www.europesays.com\/de\/wp-json\/wp\/v2\/tags?post=637105"}],"curies":[{"name":"wp","href":"https:\/\/api.w.org\/{rel}","templated":true}]}}