{"id":637107,"date":"2025-12-10T14:54:16","date_gmt":"2025-12-10T14:54:16","guid":{"rendered":"https:\/\/www.europesays.com\/de\/637107\/"},"modified":"2025-12-10T14:54:16","modified_gmt":"2025-12-10T14:54:16","slug":"sprechen-sie-den-mann-nicht-an","status":"publish","type":"post","link":"https:\/\/www.europesays.com\/de\/637107\/","title":{"rendered":"\u201eSprechen Sie den Mann nicht an\u201c"},"content":{"rendered":"<ul class=\"[[data-group=summary]_&amp;]:my-0 my-10 [h3+&amp;]:mt-0 functional-copy-base-stable text-stroke-800\">\n<li>Am 26. November wurde ein 37-j\u00e4hriger Mann an der Elisabeth-Selbert-Stra\u00dfe in <strong>M\u00fclheim-Eppinghofen<\/strong> durch eine <strong>Stichwaffe<\/strong> schwer verletzt.<\/li>\n<li>Der<strong> mutma\u00dfliche T\u00e4ter<\/strong>, Qazim H., soll der neue Lebensgef\u00e4hrte der ehemaligen Partnerin des Opfers sein.<\/li>\n<li>Die <strong>Polizei fahndet<\/strong> \u00f6ffentlich nach dem Verd\u00e4chtigen, der bewaffnet und gef\u00e4hrlich sein k\u00f6nnte..<\/li>\n<\/ul>\n<p class=\"expressive-copy-lg-body\">Nachdem <a href=\"https:\/\/www.waz.de\/lokales\/muelheim\/article410561714\/angriff-mit-einer-stichwaffe-polizei-sucht-fluechtigen-tatverdaechtigen.html\" data-category-full-path=\"https:\/\/www.waz.de\/lokales\/muelheim\/\" data-paid-status=\"default\" data-article-publish-date=\"1764246200\" rel=\"nofollow noopener\" target=\"_blank\">am 26. November<\/a> ein 37-j\u00e4hriger Mann an der Elisabeth-Selbert-Stra\u00dfe in Eppinghofen durch eine Stichwaffe schwer verletzt worden ist, fahndet die Polizei nach dem mutma\u00dflichen T\u00e4ter. <\/p>\n<p class=\"expressive-copy-lg-body\">Es ermittelt eine Mordkommission unter Leitung der Staatsanwaltschaft Duisburg. Gegen 11.20 Uhr war der 37-j\u00e4hrige Gelsenkirchener, der mit einem Verwandten in Eppinghofen unterwegs war, von einem Mann angesprochen worden, den er \u00fcber das private Umfeld nach eigenen Angaben nur fl\u00fcchtig gekannt haben wollte. Der Mann habe ihn pl\u00f6tzlich mit einer Stichwaffe\u00a0angegriffen. Der 37-J\u00e4hrige konnte in das Auto seines Verwandten fl\u00fcchten. Im Fahrzeug bemerkte er die Verletzung im unteren Bauchbereich und alarmierte die Polizei. Der Mann wurde notfallmedizinisch versorgt und in ein Krankenhaus gebracht. Es bestand keine Lebensgefahr.<\/p>\n<p>  Angriff vor Wohnung in M\u00fclheim: Neuer Lebensgef\u00e4hrte verletzt Ex-Partner schwer<\/p>\n<p class=\"expressive-copy-lg-body\">Bei dem Tatverd\u00e4chtigen soll es sich um den neuen Lebensgef\u00e4hrten der ehemaligen Partnerin des 37-j\u00e4hrigen Mannes handeln: Qazim H. (40), schwarze Haare, braune Augen, mit untersetzter Statur. Nach derzeitigem Ermittlungsstand suchte der 37-J\u00e4hrige am Tattag die Wohnanschrift seiner Ex-Partnerin auf. Vor Ort wurde er dann vom Tatverd\u00e4chtigen angegriffen und schwer verletzt.<\/p>\n<p>    <img decoding=\"async\" src=\"https:\/\/www.europesays.com\/de\/wp-content\/uploads\/2025\/12\/410660321_1765268432_v16_9_1200.jpeg\" class=\"block w-full object-cover relative z-10 aspect-[3\/4] md:aspect-[3\/4] lg:aspect-[3\/4] \" alt=\"Der Tatverd\u00e4chtige Qazim H. (40).\" title=\"Der Tatverd\u00e4chtige Qazim H. (40).\" loading=\"lazy\"\/><\/p>\n<p>\n      Der Tatverd\u00e4chtige Qazim H. (40).<br \/>\n      \u00a9 Polizei\n    <\/p>\n<p>    <img decoding=\"async\" src=\"https:\/\/www.europesays.com\/de\/wp-content\/uploads\/2025\/12\/410660320_1765268418_v16_9_1200.jpeg\" class=\"block w-full object-cover relative z-10 aspect-[3\/4] md:aspect-[3\/4] lg:aspect-[3\/4] \" alt=\"Der Tatverd\u00e4chtige Qazim H. (40).\" title=\"Der Tatverd\u00e4chtige Qazim H. (40).\" loading=\"lazy\"\/><\/p>\n<p>\n      Der Tatverd\u00e4chtige Qazim H. (40).<br \/>\n      \u00a9 Polizei\n    <\/p>\n<p>    <img decoding=\"async\" src=\"https:\/\/www.europesays.com\/de\/wp-content\/uploads\/2025\/12\/410660319_1765268404_v16_9_1200.jpeg\" class=\"block w-full object-cover relative z-10 aspect-[3\/4] md:aspect-[3\/4] lg:aspect-[3\/4] \" alt=\"Der Tatverd\u00e4chtige Qazim H. (40).\" title=\"Der Tatverd\u00e4chtige Qazim H. (40).\" loading=\"lazy\"\/><\/p>\n<p>\n      Der Tatverd\u00e4chtige Qazim H. (40).<br \/>\n      \u00a9 Polizei\n    <\/p>\n<p class=\"expressive-copy-lg-body\">\u201eSollten Sie Angaben zu dem Aufenthaltsort des Mannes machen k\u00f6nnen oder ihn in der \u00d6ffentlichkeit wiederkennen, melden Sie sich bitte umgehend bei dem polizeilichen Notruf 110\u201c, so die Ermittler. \u201eSprechen Sie den Mann nicht an, er ist m\u00f6glicherweise bewaffnet und gef\u00e4hrlich.\u201c<\/p>\n","protected":false},"excerpt":{"rendered":"Am 26. November wurde ein 37-j\u00e4hriger Mann an der Elisabeth-Selbert-Stra\u00dfe in M\u00fclheim-Eppinghofen durch eine Stichwaffe schwer verletzt. Der&hellip;\n","protected":false},"author":2,"featured_media":65150,"comment_status":"","ping_status":"","sticky":false,"template":"","format":"standard","meta":{"footnotes":""},"categories":[2],"tags":[29,30,13,14,15,12,10,8,9,11],"class_list":{"0":"post-637107","1":"post","2":"type-post","3":"status-publish","4":"format-standard","5":"has-post-thumbnail","7":"category-deutschland","8":"tag-deutschland","9":"tag-germany","10":"tag-headlines","11":"tag-nachrichten","12":"tag-news","13":"tag-schlagzeilen","14":"tag-top-news","15":"tag-top-meldungen","16":"tag-topmeldungen","17":"tag-topnews"},"share_on_mastodon":{"url":"https:\/\/pubeurope.com\/@de\/115695850303719741","error":""},"_links":{"self":[{"href":"https:\/\/www.europesays.com\/de\/wp-json\/wp\/v2\/posts\/637107","targetHints":{"allow":["GET"]}}],"collection":[{"href":"https:\/\/www.europesays.com\/de\/wp-json\/wp\/v2\/posts"}],"about":[{"href":"https:\/\/www.europesays.com\/de\/wp-json\/wp\/v2\/types\/post"}],"author":[{"embeddable":true,"href":"https:\/\/www.europesays.com\/de\/wp-json\/wp\/v2\/users\/2"}],"replies":[{"embeddable":true,"href":"https:\/\/www.europesays.com\/de\/wp-json\/wp\/v2\/comments?post=637107"}],"version-history":[{"count":0,"href":"https:\/\/www.europesays.com\/de\/wp-json\/wp\/v2\/posts\/637107\/revisions"}],"wp:featuredmedia":[{"embeddable":true,"href":"https:\/\/www.europesays.com\/de\/wp-json\/wp\/v2\/media\/65150"}],"wp:attachment":[{"href":"https:\/\/www.europesays.com\/de\/wp-json\/wp\/v2\/media?parent=637107"}],"wp:term":[{"taxonomy":"category","embeddable":true,"href":"https:\/\/www.europesays.com\/de\/wp-json\/wp\/v2\/categories?post=637107"},{"taxonomy":"post_tag","embeddable":true,"href":"https:\/\/www.europesays.com\/de\/wp-json\/wp\/v2\/tags?post=637107"}],"curies":[{"name":"wp","href":"https:\/\/api.w.org\/{rel}","templated":true}]}}