{"id":637205,"date":"2025-12-10T15:54:17","date_gmt":"2025-12-10T15:54:17","guid":{"rendered":"https:\/\/www.europesays.com\/de\/637205\/"},"modified":"2025-12-10T15:54:17","modified_gmt":"2025-12-10T15:54:17","slug":"stuttgart-im-koks-ranking-vor-muenchen","status":"publish","type":"post","link":"https:\/\/www.europesays.com\/de\/637205\/","title":{"rendered":"Stuttgart im Koks-Ranking vor M\u00fcnchen"},"content":{"rendered":"<p>Seit der \u201eHaftbefehl\u201c-Doku und der Anklage eines G-Klasse-Fahrers nach einem dramatischen Unfall wird in Stuttgart \u00fcber Kokainkonsum gesprochen. Im Abwasser schwimmen viele R\u00fcckst\u00e4nde der Droge.<\/p>\n<p>Wie viel wird <a href=\"https:\/\/www.esslinger-zeitung.de\/inhalt.toedlicher-unfall-am-olgaeck-staatsanwaltschaft-stuttgart-g-klasse-fahrer-hatte-kokain-im-blut.de868712-d12c-4f8b-a208-6881ce2763ef.html\" rel=\"nofollow noopener\" target=\"_blank\">in Stuttgart gekokst<\/a>? Was ist mit anderen <a href=\"https:\/\/www.esslinger-zeitung.de\/thema\/Drogen\" title=\"Drogen\" class=\"art_thema\" rel=\"nofollow noopener\" target=\"_blank\">Drogen<\/a>? Die Frage tauchte zuletzt im Rahmen der auf Netflix ausgestrahlten \u201e<a href=\"https:\/\/www.esslinger-zeitung.de\/thema\/Haftbefehl\" title=\"Haftbefehl\" class=\"art_thema\" rel=\"nofollow noopener\" target=\"_blank\">Haftbefehl<\/a>\u201c-Doku wieder auf. Der zeitweise in der N\u00e4he von <a href=\"https:\/\/www.esslinger-zeitung.de\/thema\/Stuttgart\" title=\"Stuttgart\" class=\"art_thema\" rel=\"nofollow noopener\" target=\"_blank\">Stuttgart<\/a> lebende Rapper thematisiert dort seinen exzessiven <a href=\"https:\/\/www.esslinger-zeitung.de\/inhalt.koks-in-stuttgart-wie-gross-ist-das-problem-drogen.385d8d9d-a5a9-4059-81d5-17daaa39e43f.html\" rel=\"nofollow noopener\" target=\"_blank\">Kokainkonsum<\/a>.<\/p>\n","protected":false},"excerpt":{"rendered":"Seit der \u201eHaftbefehl\u201c-Doku und der Anklage eines G-Klasse-Fahrers nach einem dramatischen Unfall wird in Stuttgart \u00fcber Kokainkonsum gesprochen.&hellip;\n","protected":false},"author":2,"featured_media":588604,"comment_status":"","ping_status":"","sticky":false,"template":"","format":"standard","meta":{"footnotes":"","_share_on_mastodon":"0"},"categories":[1830],"tags":[1634,3364,29,433,30,503,1346,1268,14301,1441,5329],"class_list":["post-637205","post","type-post","status-publish","format-standard","has-post-thumbnail","category-stuttgart","tag-baden-wuerttemberg","tag-de","tag-deutschland","tag-drogen","tag-germany","tag-haftbefehl","tag-kokain","tag-muenchen","tag-speed","tag-stuttgart","tag-video"],"share_on_mastodon":{"url":"https:\/\/pubeurope.com\/@de\/115696085698993385","error":""},"_links":{"self":[{"href":"https:\/\/www.europesays.com\/de\/wp-json\/wp\/v2\/posts\/637205","targetHints":{"allow":["GET"]}}],"collection":[{"href":"https:\/\/www.europesays.com\/de\/wp-json\/wp\/v2\/posts"}],"about":[{"href":"https:\/\/www.europesays.com\/de\/wp-json\/wp\/v2\/types\/post"}],"author":[{"embeddable":true,"href":"https:\/\/www.europesays.com\/de\/wp-json\/wp\/v2\/users\/2"}],"replies":[{"embeddable":true,"href":"https:\/\/www.europesays.com\/de\/wp-json\/wp\/v2\/comments?post=637205"}],"version-history":[{"count":0,"href":"https:\/\/www.europesays.com\/de\/wp-json\/wp\/v2\/posts\/637205\/revisions"}],"wp:featuredmedia":[{"embeddable":true,"href":"https:\/\/www.europesays.com\/de\/wp-json\/wp\/v2\/media\/588604"}],"wp:attachment":[{"href":"https:\/\/www.europesays.com\/de\/wp-json\/wp\/v2\/media?parent=637205"}],"wp:term":[{"taxonomy":"category","embeddable":true,"href":"https:\/\/www.europesays.com\/de\/wp-json\/wp\/v2\/categories?post=637205"},{"taxonomy":"post_tag","embeddable":true,"href":"https:\/\/www.europesays.com\/de\/wp-json\/wp\/v2\/tags?post=637205"}],"curies":[{"name":"wp","href":"https:\/\/api.w.org\/{rel}","templated":true}]}}