{"id":637242,"date":"2025-12-10T16:14:17","date_gmt":"2025-12-10T16:14:17","guid":{"rendered":"https:\/\/www.europesays.com\/de\/637242\/"},"modified":"2025-12-10T16:14:17","modified_gmt":"2025-12-10T16:14:17","slug":"jetzt-wohin-der-film-geht-vollkommen-in-die-irre-kritiker-verreissen-habeck-doku","status":"publish","type":"post","link":"https:\/\/www.europesays.com\/de\/637242\/","title":{"rendered":"\u201eJetzt. Wohin.\u201c: \u201eDer Film geht vollkommen in die Irre\u201c \u2013 Kritiker verrei\u00dfen Habeck-Doku"},"content":{"rendered":"<p>Seit Sonntag ist die Dokumentation \u201eJetzt. Wohin.\u201c \u00fcber die Wahlkampagne der Gr\u00fcnen und ihres Spitzenkandidaten Robert Habeck zu sehen. Die Rezensionen fallen negativ aus. Ein Filmkritiker beanstandet einen \u201einhaltlich v\u00f6llig entkernten Wahlkampf\u201c, der politische und \u00f6konomische Fragen ausblende.<\/p>\n<p class=\"is-first-paragraph\" data-external=\"Article.FirstParagraph\">Es sei ein Film \u201ef\u00fcr alle, die sich f\u00fcr die Zukunft unserer Demokratie interessieren\u201c, hei\u00dft es einigerma\u00dfen gro\u00dfspurig <a class=\"is-link c-block-items__link is-external c-link--rich-text-renderer\" href=\"https:\/\/www.pandorafilm.de\/filme\/jetzt-wohin.html\" target=\"_blank\" title=\"(Link wird in einem neuen Tab ge\u00f6ffnet)\" rel=\"nofollow noopener\" data-internal-tracking-enabled=\"true\" data-internal-tracking=\"{&quot;action&quot;:&quot;click&quot;,&quot;label&quot;:&quot;link&quot;,&quot;name&quot;:&quot;Inline Element&quot;,&quot;data&quot;:{&quot;source&quot;:&quot;&quot;,&quot;target&quot;:&quot;https:\/\/www.pandorafilm.de\/filme\/jetzt-wohin.html&quot;,&quot;trackingName&quot;:&quot;&quot;,&quot;trackingLabel&quot;:&quot;&quot;}}\">auf der Homepage<\/a>. Unter dem Titel \u201eJetzt. Wohin.\u201c l\u00e4uft sei dem 7. Dezember Lars Jessens Dokumentation \u00fcber den Wahlkampf des letztlich gescheiterten Gr\u00fcnen-Spitzenkandidaten Robert Habeck in den Kinos. \u201eF\u00fcr mich und viele andere war er nicht nur ein Minister und Politiker, sondern die Projektionsfl\u00e4che der Idee, dass Klimaschutz endlich angepackt wird, dass Politik wieder ehrlich sein k\u00f6nnte\u201c, gibt der Regisseur im Film zu Protokoll. Die Kritiken jedoch fallen zum Teil verheerend aus. <\/p>\n<p>Aus Sicht des <a class=\"is-link c-block-items__link is-external c-link--rich-text-renderer\" href=\"https:\/\/www.stern.de\/politik\/deutschland\/der-neue-habeck-film--fuenf-gruende--warum-er-grandios-scheitert-36918500.html\" target=\"_blank\" title=\"(Link wird in einem neuen Tab ge\u00f6ffnet)\" rel=\"nofollow noopener\" data-internal-tracking-enabled=\"true\" data-internal-tracking=\"{&quot;action&quot;:&quot;click&quot;,&quot;label&quot;:&quot;link&quot;,&quot;name&quot;:&quot;Inline Element&quot;,&quot;data&quot;:{&quot;source&quot;:&quot;&quot;,&quot;target&quot;:&quot;https:\/\/www.stern.de\/politik\/deutschland\/der-neue-habeck-film--fuenf-gruende--warum-er-grandios-scheitert-36918500.html&quot;,&quot;trackingName&quot;:&quot;&quot;,&quot;trackingLabel&quot;:&quot;&quot;}}\">\u201eStern\u201c<\/a> sei der Film \u201egrandios gescheitert\u201c. Der <a class=\"is-link c-block-items__link is-external c-link--rich-text-renderer\" href=\"https:\/\/www.br.de\/nachrichten\/kultur\/fehleranalyse-fehlanzeige-die-neue-doku-ueber-robert-habeck,V4agUbd\" target=\"_blank\" title=\"(Link wird in einem neuen Tab ge\u00f6ffnet)\" rel=\"nofollow noopener\" data-internal-tracking-enabled=\"true\" data-internal-tracking=\"{&quot;action&quot;:&quot;click&quot;,&quot;label&quot;:&quot;link&quot;,&quot;name&quot;:&quot;Inline Element&quot;,&quot;data&quot;:{&quot;source&quot;:&quot;&quot;,&quot;target&quot;:&quot;https:\/\/www.br.de\/nachrichten\/kultur\/fehleranalyse-fehlanzeige-die-neue-doku-ueber-robert-habeck,V4agUbd&quot;,&quot;trackingName&quot;:&quot;&quot;,&quot;trackingLabel&quot;:&quot;&quot;}}\">Bayerische Rundfunk<\/a> spricht von einer \u201eIdolatrie\u201c und beanstandet die mangelnde Distanz der Dokumentation zu Habeck. Und die <a class=\"is-link c-block-items__link is-external c-link--rich-text-renderer\" href=\"https:\/\/taz.de\/Dokufilm-ueber-Robert-Habeck\/!6135825\/\" target=\"_blank\" title=\"(Link wird in einem neuen Tab ge\u00f6ffnet)\" rel=\"nofollow noopener\" data-internal-tracking-enabled=\"true\" data-internal-tracking=\"{&quot;action&quot;:&quot;click&quot;,&quot;label&quot;:&quot;link&quot;,&quot;name&quot;:&quot;Inline Element&quot;,&quot;data&quot;:{&quot;source&quot;:&quot;&quot;,&quot;target&quot;:&quot;https:\/\/taz.de\/Dokufilm-ueber-Robert-Habeck\/!6135825\/&quot;,&quot;trackingName&quot;:&quot;&quot;,&quot;trackingLabel&quot;:&quot;&quot;}}\">\u201etaz\u201c<\/a> betont die fehlende kritische Beleuchtung, die auf die freundschaftliche Perspektive des Filmemachers zur\u00fcckzuf\u00fchren sei. In seinem ideologiekritischen Format \u201eDie Filmanalyse\u201c befasst sich auch der linke Filmkritiker Wolfgang M. Schmitt mit \u201eJetzt. Wohin.\u201c. Es sei ein \u201ehochinteressanter Gruselfilm\u201c und \u201eeinziges Selbstgespr\u00e4ch eines Milieus\u201c, befindet der Kritiker. <\/p>\n<blockquote class=\"c-citation__body\">\n<p class=\"c-citation__text\">Was wird denn eigentlich gesucht? Ein Erzieher, ein Therapeut oder doch ein Politiker?<\/p>\n<\/blockquote>\n<p>Hinter der Dokumentation steht unter anderem die Produktionsgesellschaft \u201eFlorida Film\u201c von ProSieben-Moderator <a class=\"is-link c-block-items__link c-link--rich-text-renderer\" href=\"https:\/\/www.welt.de\/themen\/klaas-heufer-umlauf\/\" data-internal-tracking-enabled=\"true\" data-internal-tracking=\"{&quot;action&quot;:&quot;click&quot;,&quot;label&quot;:&quot;link&quot;,&quot;name&quot;:&quot;Inline Element&quot;,&quot;data&quot;:{&quot;source&quot;:&quot;&quot;,&quot;target&quot;:&quot;https:\/\/www.welt.de\/themen\/klaas-heufer-umlauf\/&quot;,&quot;trackingName&quot;:&quot;&quot;,&quot;trackingLabel&quot;:&quot;&quot;}}\" target=\"_blank\" rel=\"noopener\">Klaas Heufer-Umlauf<\/a>. Dessen Serie \u201eCheck Check\u201c war wiederum unter der Regie von Jessen entstanden. Neben privater Investitionen wurde der Film <a class=\"is-link c-block-items__link c-link--rich-text-renderer\" href=\"https:\/\/www.welt.de\/politik\/deutschland\/article692d3df518d0e7737b929530\/kinofilm-ueber-robert-habeck-erhaelt-270-000-euro-filmfoerderung.html\" data-internal-tracking-enabled=\"true\" data-internal-tracking=\"{&quot;action&quot;:&quot;click&quot;,&quot;label&quot;:&quot;link&quot;,&quot;name&quot;:&quot;Inline Element&quot;,&quot;data&quot;:{&quot;source&quot;:&quot;&quot;,&quot;target&quot;:&quot;https:\/\/www.welt.de\/politik\/deutschland\/article692d3df518d0e7737b929530\/kinofilm-ueber-robert-habeck-erhaelt-270-000-euro-filmfoerderung.html&quot;,&quot;trackingName&quot;:&quot;&quot;,&quot;trackingLabel&quot;:&quot;&quot;}}\" target=\"_blank\" rel=\"noopener\">mit 270.000 Euro aus \u00f6ffentlichen Mitteln<\/a> bedacht, was vorab beanstandet worden war. Eine derartige Filmf\u00f6rderung sei kein ungew\u00f6hnlicher Vorgang, legte nun Schmitt dar, aber es habe ein \u201eGeschm\u00e4ckle\u201c, dass der Regisseur zugleich die Rolle des Wahlkampfstrategen einnehme. \u201eDas ist schon ein bisschen eigenartig. Man filmt sich bei seiner eigenen Arbeit und kassiert daf\u00fcr F\u00f6rderung.\u201c<\/p>\n<p>Obwohl der Film aus Insider-Perspektive gedreht sei, fehle es g\u00e4nzlich an interessanten Aufnahmen. Statt Momente festzuhalten, die sich den Nachrichten entz\u00f6gen, zeige er Wahlkampfreden, Talkshow-Auftritte und Social-Media-Clips. Dazu k\u00e4men Wegbegleiter und Unterst\u00fctzer zu Wort. Kritische Stimmen blieben zumeist au\u00dfen vor. In erster Linie gehe es um die \u201eSehnsucht nach einer Lichtgestalt\u201c. Habeck werde als \u201eder Ehrliche, der Aufrechte\u201c in Szene, als guter Zuh\u00f6rer, der jedem auf Augenh\u00f6he begegne. \u201eAn dieser Stelle fragt man sich auch, was wird denn hier eigentlich gesucht? Ein Erzieher, ein Therapeut oder doch noch irgendwo ein Politiker?\u201c, fragt Schmitt. <\/p>\n<p>Unter dem Namen \u201eGr\u00fcne K\u00fcche\u201c hatte Filmemacher Lars Jessen ein Netzwerk aufgebaut, in dem beraten werden sollte, wie die Wahlkampfthemen strategisch angegangen werden k\u00f6nnten. \u201eDieses Team besteht aus K\u00fcnstlern, Podcastern, Schauspielern, Sachbuchautoren, S\u00e4ngern und Moderatoren \u2013 also ganz normale Leute\u201c, erkl\u00e4rt Schmitt nun im Nachhinein sarkastisch. Die Art und Weise, wie etwa Schauspieler Charly H\u00fcbner oder Aktivistin Luisa Neubauer \u00fcber performative Aspekte von Habeck und Baerbock spr\u00e4chen, sei nur m\u00f6glich, wenn \u201eman von Politik gar nicht mehr betroffen\u201c sei, bem\u00e4ngelte er. Was hingegen bei den davon abgeleiteten K\u00fcchengespr\u00e4chen mit normalen Menschen besprochen worden sei, spare der Film aus. Einzig die Rezeption in den sozialen Medien sei von Interesse.<\/p>\n<blockquote class=\"c-citation__body\">\n<p class=\"c-citation__text\">Es sind nicht nur Abstiegs\u00e4ngste. Der Abstieg ist ja real.<\/p>\n<\/blockquote>\n<p>Sowohl politisch als auch \u00f6konomisch erfahre das Publikum nichts. Wie die <a class=\"is-link c-block-items__link c-link--rich-text-renderer\" href=\"https:\/\/www.welt.de\/debatte\/article6901c9993e11285c65f0cd19\/us-praesidentschaftskandidatur-kamala-harris-hat-nichts-verstanden.html\" data-internal-tracking-enabled=\"true\" data-internal-tracking=\"{&quot;action&quot;:&quot;click&quot;,&quot;label&quot;:&quot;link&quot;,&quot;name&quot;:&quot;Inline Element&quot;,&quot;data&quot;:{&quot;source&quot;:&quot;&quot;,&quot;target&quot;:&quot;https:\/\/www.welt.de\/debatte\/article6901c9993e11285c65f0cd19\/us-praesidentschaftskandidatur-kamala-harris-hat-nichts-verstanden.html&quot;,&quot;trackingName&quot;:&quot;&quot;,&quot;trackingLabel&quot;:&quot;&quot;}}\" target=\"_blank\" rel=\"noopener\">US-Demokratin Kamala Harris<\/a> im vergangenen Jahr habe Habeck einen \u201einhaltlich v\u00f6llig entkernten Wahlkampf\u201c angeboten. Der fr\u00fchere Bundeswirtschaftsminister betonte vor allem die Idee des Gemeinsamen, die es verunm\u00f6gliche, politische Themen anzusprechen. \u201eAm Ende geht es nur noch darum: Wer hat einen kuscheligen Pulli an? Der Robert nat\u00fcrlich\u201c, sagt Schmitt. \u201eWir erleben eine v\u00f6llige Entpolitisierung.\u201c Diese wiederum treffe auf eine totale Polarisierung. \u201eDass das nicht gut gehen kann, ist irgendwo klar.\u201c<\/p>\n<p>Aus dem Off frage Jessen, ob die Abstiegs\u00e4ngste der Menschen wom\u00f6glich ernster genommen werden m\u00fcssten. \u201eEs sind nicht nur Abstiegs\u00e4ngste\u201c, kritisierte Schmitt. \u201eDer Abstieg ist ja real. Und f\u00fcr viele gibt es keinen Abstieg, weil die gar nicht aufgestiegen sind.\u201c W\u00e4hrend der dreieinhalb Jahre der Ampel-Koalition habe es die <a class=\"is-link c-block-items__link c-link--rich-text-renderer\" href=\"https:\/\/www.welt.de\/wirtschaft\/plus240749719\/Kaufkraft-von-2014-Deutschland-erlebt-das-Reallohn-Desaster.html\" data-internal-tracking-enabled=\"true\" data-internal-tracking=\"{&quot;action&quot;:&quot;click&quot;,&quot;label&quot;:&quot;link&quot;,&quot;name&quot;:&quot;Inline Element&quot;,&quot;data&quot;:{&quot;source&quot;:&quot;&quot;,&quot;target&quot;:&quot;https:\/\/www.welt.de\/wirtschaft\/plus240749719\/Kaufkraft-von-2014-Deutschland-erlebt-das-Reallohn-Desaster.html&quot;,&quot;trackingName&quot;:&quot;&quot;,&quot;trackingLabel&quot;:&quot;&quot;}}\" target=\"_blank\" rel=\"noopener\">h\u00f6chsten Reallohnverluste<\/a> seit dem Zweiten Weltkrieg gegeben. Auch wenn dies nicht alleine die Schuld von Habeck gewesen sei, m\u00fcsse er darauf eine politische Antwort formulieren. \u201eEin Film, der \u00fcber das \u00d6konomische nicht sprechen will, obwohl wir es hier mit dem Wirtschaftsminister zu tun haben, geht einfach vollkommen in die Irre.\u201c <\/p>\n<p>\u201eJetzt. Wohin.\u201c zeige, so das Fazit des Filmkritikers, letztlich das Scheitern des ehemaligen Gr\u00fcnen-Vorsitzenden und suche auch eine Erkl\u00e4rung daf\u00fcr. \u201eDie kritische Selbstreflexivit\u00e4t ist aber nur vorget\u00e4uscht. Wir beobachten hier eine Realit\u00e4tsverweigerung, wie wir sie sonst aus Disney-Musicals kennen\u201c, betont Schmitt. \u201eDazu kommen dann irgendwann noch nerv\u00f6se Streicher-Kl\u00e4nge, ein paar Stillleben-Aufnahmen aus den Hinterzimmern, dann ein joggender Habeck. Die Wahl ist gelaufen, er hat verloren \u2013 es ist vorbei.\u201c <\/p>\n","protected":false},"excerpt":{"rendered":"Seit Sonntag ist die Dokumentation \u201eJetzt. Wohin.\u201c \u00fcber die Wahlkampagne der Gr\u00fcnen und ihres Spitzenkandidaten Robert Habeck zu&hellip;\n","protected":false},"author":2,"featured_media":637243,"comment_status":"","ping_status":"","sticky":false,"template":"","format":"standard","meta":{"footnotes":""},"categories":[1771],"tags":[53941,21,1778,29,104906,214,150249,30,8520,19331,95,19332,23531,9411,36954,1777,36953,110,4739,215],"class_list":{"0":"post-637242","1":"post","2":"type-post","3":"status-publish","4":"format-standard","5":"has-post-thumbnail","7":"category-kino","8":"tag-jessen","9":"tag-buendnis-90-die-gruenen","10":"tag-cinema","11":"tag-deutschland","12":"tag-dokumentationen-ks","13":"tag-entertainment","14":"tag-filmkritiken-ks","15":"tag-germany","16":"tag-habeck","17":"tag-heufer-umlauf","18":"tag-kino","19":"tag-klaas","20":"tag-lars","21":"tag-lippe-dominik","22":"tag-luisa","23":"tag-movie","24":"tag-neubauer","25":"tag-newsteam","26":"tag-robert","27":"tag-unterhaltung"},"share_on_mastodon":{"url":"https:\/\/pubeurope.com\/@de\/115696164251466981","error":""},"_links":{"self":[{"href":"https:\/\/www.europesays.com\/de\/wp-json\/wp\/v2\/posts\/637242","targetHints":{"allow":["GET"]}}],"collection":[{"href":"https:\/\/www.europesays.com\/de\/wp-json\/wp\/v2\/posts"}],"about":[{"href":"https:\/\/www.europesays.com\/de\/wp-json\/wp\/v2\/types\/post"}],"author":[{"embeddable":true,"href":"https:\/\/www.europesays.com\/de\/wp-json\/wp\/v2\/users\/2"}],"replies":[{"embeddable":true,"href":"https:\/\/www.europesays.com\/de\/wp-json\/wp\/v2\/comments?post=637242"}],"version-history":[{"count":0,"href":"https:\/\/www.europesays.com\/de\/wp-json\/wp\/v2\/posts\/637242\/revisions"}],"wp:featuredmedia":[{"embeddable":true,"href":"https:\/\/www.europesays.com\/de\/wp-json\/wp\/v2\/media\/637243"}],"wp:attachment":[{"href":"https:\/\/www.europesays.com\/de\/wp-json\/wp\/v2\/media?parent=637242"}],"wp:term":[{"taxonomy":"category","embeddable":true,"href":"https:\/\/www.europesays.com\/de\/wp-json\/wp\/v2\/categories?post=637242"},{"taxonomy":"post_tag","embeddable":true,"href":"https:\/\/www.europesays.com\/de\/wp-json\/wp\/v2\/tags?post=637242"}],"curies":[{"name":"wp","href":"https:\/\/api.w.org\/{rel}","templated":true}]}}