{"id":637257,"date":"2025-12-10T16:25:15","date_gmt":"2025-12-10T16:25:15","guid":{"rendered":"https:\/\/www.europesays.com\/de\/637257\/"},"modified":"2025-12-10T16:25:15","modified_gmt":"2025-12-10T16:25:15","slug":"merz-kontert-us-praesidenten-nach-neuer-europa-kritik","status":"publish","type":"post","link":"https:\/\/www.europesays.com\/de\/637257\/","title":{"rendered":"Merz kontert US-Pr\u00e4sidenten nach neuer Europa-Kritik"},"content":{"rendered":"<p class=\"tspCBne tspCBnf\">Bundeskanzler Friedrich Merz <strong>sieht Deutschland von der Kritik des US-Pr\u00e4sidenten an der europ\u00e4ischen Einwanderungspolitik nicht betroffen.<\/strong> Er habe Donald Trump wiederholt gesagt, dass Deutschland eine neue Asyl- und Einwanderungspolitik mache, sagte der CDU-Chef bei einem Treffen mit dem kroatischen Ministerpr\u00e4sidenten Andrej Plenkovic in Berlin.<\/p>\n<p class=\"tspCBne\">Er werde Trump beim n\u00e4chsten Treffen \u201esagen, dass wir damit gro\u00dfen Erfolg haben, dass wir die Asylbewerberzahlen in Deutschland in etwa halbieren konnten\u201c. <\/p>\n<p class=\"tspCBne\"><strong>\u201eIch vermute mal, dass das auch von ihm anerkannt wird, <\/strong>dass wir eine Kurskorrektur vorgenommen haben in dem Bereich, der uns in der Tat in Deutschland erheblich beschwert hat\u201c, f\u00fcgte Merz hinzu.<\/p>\n<p class=\"tspCBne\"><strong>Angesichts der j\u00fcngsten Kritik Trumps an Europa<\/strong> betonte der Kanzler, wenn der US-Pr\u00e4sident \u201emit dieser Institution oder mit der Konstruktion der Europ\u00e4ischen Union nichts anfangen kann\u201c und sich die US-Regierung damit schwertue, dann seien es wenigstens einzelne Mitgliedstaaten \u2013 \u201eund dazu z\u00e4hlt nat\u00fcrlich zuallererst Deutschland, mit dem man eine solche Kooperation dann auch weiter eingehen kann\u201c. <\/p>\n<p>Washington Weekly Newsletter<\/p>\n<p><img decoding=\"async\" src=\"https:\/\/www.europesays.com\/de\/wp-content\/uploads\/2025\/04\/ww-icon.png\" alt=\"\" class=\"tspCThn\"\/><\/p>\n<p class=\"tspCTpc\"> Donald Trump will die USA umkrempeln. Verpassen Sie keine Neuigkeit mehr. Kostenlos jeden Donnerstag per E-Mail \u2013 vom US-Team der Tagesspiegel-Redaktion. <\/p>\n<p class=\"tspCBne\">Er wolle die USA nach wie vor als Partner sehen, \u201eund ich hoffe, dass Amerika das aus seiner Sicht gegen\u00fcber Europa und dann auch gegen\u00fcber Deutschland genau so sieht\u201c.<\/p>\n<p class=\"tspCBne\"><strong>Trump hatte zuvor bei seiner Kritik an Europa nachgelegt.<\/strong> Grunds\u00e4tzlich m\u00f6ge er zwar die \u201eaktuelle Besetzung\u201c, sagte er dem Nachrichtenportal \u201ePolitico\u201c mit Blick auf die Spitzenpolitiker europ\u00e4ischer L\u00e4nder:<strong> \u201eAber sie machen keine gute Arbeit. Europa macht keine gute Arbeit.\u201c<\/strong> <\/p>\n<p class=\"tspCBne\">Bei einem <strong>Auftritt vor Anh\u00e4ngern im US-Bundesstaat Pennsylvania<\/strong> erkl\u00e4rte er ebenfalls: \u201eSie sollten besser vorsichtig sein, denn Einwanderung und Energie werden Europa zerst\u00f6ren.\u201c Die Einwanderungspolitik sei so schlecht, dass sie \u201eunser sch\u00f6nes Europa\u201c zerst\u00f6re. <\/p>\n<p class=\"tspCBne\">\u201eIch liebe Europa\u201c, schob Trump nach. <strong>\u201eIch berate sie gratis\u201c, erkl\u00e4rte er offensichtlich an die europ\u00e4ischen Regierungschefs gerichtet. <\/strong><\/p>\n<p> Trump fordert Gro\u00dfbritannien zur \u00d6lf\u00f6rderung auf <\/p>\n<p class=\"tspCBne\"><strong>Der Republikaner appellierte zudem an Gro\u00dfbritannien, \u00d6l in der Nordsee zu f\u00f6rdern.<\/strong> Er habe dem britischen Premierminister Keir Starmer den Rat gegeben, diese \u201egro\u00dfartige Energiequelle\u201c in der Nordsee zu nutzen, sonst werde der Brite nach Trumps Einsch\u00e4tzung nicht lange im Amt bleiben. <\/p>\n<p class=\"tspCBne\"><strong>Der US-Pr\u00e4sident kritisierte zugleich die Windkraftf\u00f6rderung in Schottland,<\/strong> die teuer sei. 15 Dollar Verlust mache ein Windrad mit jeder Umdrehung, behauptete Trump. <\/p>\n<p class=\"tspCBne\">Eigentlich ging Trump in seiner knapp 100 min\u00fctigen Rede vor Anh\u00e4ngern, die mehr an einen Wahlkampfauftritt erinnerte, zun\u00e4chst auf innenpolitische Wirtschaftsthemen wie bezahlbare Preise im Supermarkt ein. <\/p>\n<p class=\"tspCBne\">Hier sehen Sie Trumps Auftritt in Pennsylvania im Video: <\/p>\n<p class=\"tspUe2\">Empfohlener redaktioneller Inhalt<\/p>\n<p> An dieser Stelle finden Sie einen von unseren Redakteuren ausgew\u00e4hlten, externen Inhalt, der den Artikel f\u00fcr Sie mit zus\u00e4tzlichen Informationen anreichert. Sie k\u00f6nnen sich hier den externen Inhalt mit einem Klick anzeigen lassen oder wieder ausblenden. <\/p>\n<p> Externen Inhalt anzeigen <\/p>\n<p class=\"tspUe8\"> Ich bin damit einverstanden, dass mir der externe Inhalt angezeigt wird. Damit k\u00f6nnen personenbezogene Daten an Drittplattformen \u00fcbermittelt werden.  Mehr Informationen dazu erhalten Sie in den Datenschutz-Einstellungen. Diese finden Sie ganz unten auf unserer Seite im Footer, sodass Sie Ihre Einstellungen jederzeit verwalten oder widerrufen k\u00f6nnen. <\/p>\n<p class=\"tspCBne\"><strong>Der US-Pr\u00e4sident nutzte dann die B\u00fchne, um Kritik, mit der die US-Regierung seit Tagen europ\u00e4ische Partner \u00fcberzieht, zu bekr\u00e4ftigen. <\/strong>\u00c4hnlich hatte er sich zur Einwanderungs- sowie der Energiepolitik besonders mit Blick auf Deutschland bereits am Dienstag ge\u00e4u\u00dfert.<\/p>\n<p class=\"tspCBne\">Trump stellte zudem in Aussicht, <strong>k\u00fcnftig europ\u00e4ische Politiker zu unterst\u00fctzen, die er f\u00fcr geeigneter h\u00e4lt.<\/strong> Trump kritisierte erneut vor allem die Einwanderungspolitik europ\u00e4ischer L\u00e4nder, durch die viele dieser L\u00e4nder k\u00fcnftig \u201ekeine lebensf\u00e4higen Staaten\u201c mehr sein w\u00fcrden. Als einzige Positivbeispiele f\u00fchrte er <a href=\"https:\/\/www.tagesspiegel.de\/internationales\/verteilung-von-asylwerbern-in-der-eu-ungarn-will-keinen-einzigen-migranten-aufnehmen-15037889.html?icid=in-text-link_15035888\" class=\"link link--internal\" data-gtm-class=\"article-text-link\" data-gtm-val=\"internal\" rel=\"nofollow noopener\" target=\"_blank\">Ungarn <\/a>und Polen an.<\/p>\n<p class=\"tspCBne\">In der vergangenen Woche wurde die <a href=\"https:\/\/www.tagesspiegel.de\/politik\/ihr-braucht-auf-der-welt-auch-partner-merz-kritisiert-teile-der-us-sicherheitsstrategie-als-inakzeptabel-15033836.html?icid=in-text-link_15035888\" class=\"link link--internal\" data-gtm-class=\"article-text-link\" data-gtm-val=\"internal\" rel=\"nofollow noopener\" target=\"_blank\">neue Sicherheitsstrategie <\/a>der US-Regierung in Trumps zweiter Amtszeit ver\u00f6ffentlicht. <strong>Darin ist die Rede von einem angeblichen Verlust der Demokratie und der Meinungsfreiheit in Europa. <\/strong>Der Kontinent stehe vor gro\u00dfen Problemen, hei\u00dft es in dem Dokument. <\/p>\n<p> Mehr zum Thema:  <a href=\"https:\/\/www.tagesspiegel.de\/internationales\/behauptungen-des-us-prasidenten-donald-trump-rechnet-mit-katastrophaler-migrationspolitik-in-europa-ab-15034075.html?icid=topic-list_15035888___\" data-gtm-class=\"article-mzt-link\" data-hydrate-fingerprint=\"09740a54944caac75fd2c0c63fd5c5df\" data-hydrate-props=\"{&amp;escapedquot;element&amp;escapedquot;:{&amp;escapedquot;type&amp;escapedquot;:&amp;escapedquot;relatedContent&amp;escapedquot;,&amp;escapedquot;fieldMap&amp;escapedquot;:{},&amp;escapedquot;relation&amp;escapedquot;:{&amp;escapedquot;fields&amp;escapedquot;:{&amp;escapedquot;isPaid&amp;escapedquot;:null},&amp;escapedquot;href&amp;escapedquot;:&amp;escapedquot;\/internationales\/behauptungen-des-us-prasidenten-donald-trump-rechnet-mit-katastrophaler-migrationspolitik-in-europa-ab-15034075.html&amp;escapedquot;,&amp;escapedquot;teaserTitle&amp;escapedquot;:{&amp;escapedquot;kicker&amp;escapedquot;:&amp;escapedquot;Behauptungen des US-Pr\u00e4sidenten&amp;escapedquot;,&amp;escapedquot;headline&amp;escapedquot;:&amp;escapedquot;Trump hetzt gegen Europa und Migranten&amp;escapedquot;},&amp;escapedquot;id&amp;escapedquot;:&amp;escapedquot;15034075&amp;escapedquot;,&amp;escapedquot;type&amp;escapedquot;:&amp;escapedquot;story&amp;escapedquot;},&amp;escapedquot;isPartOfList&amp;escapedquot;:true,&amp;escapedquot;topicListType&amp;escapedquot;:&amp;escapedquot;topic-list&amp;escapedquot;},&amp;escapedquot;showArrow&amp;escapedquot;:true}\" data-hydrate-slots=\"{&#039;default&#039;:[]}\" class=\"tspCWpl\" rel=\"nofollow noopener\" target=\"_blank\">Behauptungen des US-Pr\u00e4sidenten Trump hetzt gegen Europa und Migranten <\/a><a href=\"https:\/\/www.tagesspiegel.de\/internationales\/neue-sicherheitsstrategie-der-usa-dieses-dokument-ist-gepragt-vom-neid-auf-europa-15034363.html?icid=topic-list_15035888___\" data-gtm-class=\"article-mzt-link\" data-hydrate-fingerprint=\"09740a54944caac75fd2c0c63fd5c5df\" data-hydrate-props=\"{&amp;escapedquot;element&amp;escapedquot;:{&amp;escapedquot;type&amp;escapedquot;:&amp;escapedquot;relatedContent&amp;escapedquot;,&amp;escapedquot;fieldMap&amp;escapedquot;:{},&amp;escapedquot;relation&amp;escapedquot;:{&amp;escapedquot;fields&amp;escapedquot;:{&amp;escapedquot;isPaid&amp;escapedquot;:true},&amp;escapedquot;href&amp;escapedquot;:&amp;escapedquot;\/internationales\/neue-sicherheitsstrategie-der-usa-dieses-dokument-ist-gepragt-vom-neid-auf-europa-15034363.html&amp;escapedquot;,&amp;escapedquot;teaserTitle&amp;escapedquot;:{&amp;escapedquot;kicker&amp;escapedquot;:&amp;escapedquot;Neue Sicherheitsstrategie der USA&amp;escapedquot;,&amp;escapedquot;headline&amp;escapedquot;:&amp;escapedquot;Dieses Dokument ist gepr\u00e4gt vom Neid auf Europa&amp;escapedquot;},&amp;escapedquot;id&amp;escapedquot;:&amp;escapedquot;15034363&amp;escapedquot;,&amp;escapedquot;type&amp;escapedquot;:&amp;escapedquot;story&amp;escapedquot;},&amp;escapedquot;isPartOfList&amp;escapedquot;:true,&amp;escapedquot;topicListType&amp;escapedquot;:&amp;escapedquot;topic-list&amp;escapedquot;},&amp;escapedquot;showArrow&amp;escapedquot;:true}\" data-hydrate-slots=\"{&#039;default&#039;:[]}\" class=\"tspCWpl\" rel=\"nofollow noopener\" target=\"_blank\">Neue Sicherheitsstrategie der USA Dieses Dokument ist gepr\u00e4gt vom Neid auf Europa <\/a><a href=\"https:\/\/www.tagesspiegel.de\/internationales\/chaos-im-weissen-haus-trumps-zickzackkurs-zwischen-moskau-und-kiew-15035085.html?icid=topic-list_15035888___\" data-gtm-class=\"article-mzt-link\" data-hydrate-fingerprint=\"09740a54944caac75fd2c0c63fd5c5df\" data-hydrate-props=\"{&amp;escapedquot;element&amp;escapedquot;:{&amp;escapedquot;type&amp;escapedquot;:&amp;escapedquot;relatedContent&amp;escapedquot;,&amp;escapedquot;fieldMap&amp;escapedquot;:{},&amp;escapedquot;relation&amp;escapedquot;:{&amp;escapedquot;fields&amp;escapedquot;:{&amp;escapedquot;isPaid&amp;escapedquot;:null},&amp;escapedquot;href&amp;escapedquot;:&amp;escapedquot;\/internationales\/chaos-im-weissen-haus-trumps-zickzackkurs-zwischen-moskau-und-kiew-15035085.html&amp;escapedquot;,&amp;escapedquot;teaserTitle&amp;escapedquot;:{&amp;escapedquot;kicker&amp;escapedquot;:&amp;escapedquot;Chaos im Wei\u00dfen Haus&amp;escapedquot;,&amp;escapedquot;headline&amp;escapedquot;:&amp;escapedquot;Trumps Zickzackkurs zwischen Moskau und Kiew&amp;escapedquot;},&amp;escapedquot;id&amp;escapedquot;:&amp;escapedquot;15035085&amp;escapedquot;,&amp;escapedquot;type&amp;escapedquot;:&amp;escapedquot;story&amp;escapedquot;},&amp;escapedquot;isPartOfList&amp;escapedquot;:true,&amp;escapedquot;topicListType&amp;escapedquot;:&amp;escapedquot;topic-list&amp;escapedquot;},&amp;escapedquot;showArrow&amp;escapedquot;:true}\" data-hydrate-slots=\"{&#039;default&#039;:[]}\" class=\"tspCWpl\" rel=\"nofollow noopener\" target=\"_blank\">Chaos im Wei\u00dfen Haus Trumps Zickzackkurs zwischen Moskau und Kiew <\/a><\/p>\n<p class=\"tspCBne\">Dazu z\u00e4hlen nach Ansicht der US-Regierung unter anderem die \u201eZensur der freien Meinungs\u00e4u\u00dferung und die Unterdr\u00fcckung der politischen Opposition, abst\u00fcrzende Geburtenraten sowie der Verlust nationaler Identit\u00e4ten und des Selbstvertrauens\u201c. Das Papier l\u00f6ste Emp\u00f6rung in Europa aus. (dpa)<\/p>\n","protected":false},"excerpt":{"rendered":"Bundeskanzler Friedrich Merz sieht Deutschland von der Kritik des US-Pr\u00e4sidenten an der europ\u00e4ischen Einwanderungspolitik nicht betroffen. Er habe&hellip;\n","protected":false},"author":2,"featured_media":637258,"comment_status":"","ping_status":"","sticky":false,"template":"","format":"standard","meta":{"footnotes":""},"categories":[5],"tags":[31,88475,106,775,13,14,15,12,10,8,9,11,64],"class_list":{"0":"post-637257","1":"post","2":"type-post","3":"status-publish","4":"format-standard","5":"has-post-thumbnail","7":"category-nachrichten","8":"tag-cdu","9":"tag-die-eu","10":"tag-donald-trump","11":"tag-friedrich-merz","12":"tag-headlines","13":"tag-nachrichten","14":"tag-news","15":"tag-schlagzeilen","16":"tag-top-news","17":"tag-top-meldungen","18":"tag-topmeldungen","19":"tag-topnews","20":"tag-usa"},"share_on_mastodon":{"url":"https:\/\/pubeurope.com\/@de\/115696207814283046","error":""},"_links":{"self":[{"href":"https:\/\/www.europesays.com\/de\/wp-json\/wp\/v2\/posts\/637257","targetHints":{"allow":["GET"]}}],"collection":[{"href":"https:\/\/www.europesays.com\/de\/wp-json\/wp\/v2\/posts"}],"about":[{"href":"https:\/\/www.europesays.com\/de\/wp-json\/wp\/v2\/types\/post"}],"author":[{"embeddable":true,"href":"https:\/\/www.europesays.com\/de\/wp-json\/wp\/v2\/users\/2"}],"replies":[{"embeddable":true,"href":"https:\/\/www.europesays.com\/de\/wp-json\/wp\/v2\/comments?post=637257"}],"version-history":[{"count":0,"href":"https:\/\/www.europesays.com\/de\/wp-json\/wp\/v2\/posts\/637257\/revisions"}],"wp:featuredmedia":[{"embeddable":true,"href":"https:\/\/www.europesays.com\/de\/wp-json\/wp\/v2\/media\/637258"}],"wp:attachment":[{"href":"https:\/\/www.europesays.com\/de\/wp-json\/wp\/v2\/media?parent=637257"}],"wp:term":[{"taxonomy":"category","embeddable":true,"href":"https:\/\/www.europesays.com\/de\/wp-json\/wp\/v2\/categories?post=637257"},{"taxonomy":"post_tag","embeddable":true,"href":"https:\/\/www.europesays.com\/de\/wp-json\/wp\/v2\/tags?post=637257"}],"curies":[{"name":"wp","href":"https:\/\/api.w.org\/{rel}","templated":true}]}}