{"id":63730,"date":"2025-04-26T21:10:10","date_gmt":"2025-04-26T21:10:10","guid":{"rendered":"https:\/\/www.europesays.com\/de\/63730\/"},"modified":"2025-04-26T21:10:10","modified_gmt":"2025-04-26T21:10:10","slug":"sicherere-strassen-sauberere-luft-eu-kommission-will-verkehrsvorschriften-verschaerfen","status":"publish","type":"post","link":"https:\/\/www.europesays.com\/de\/63730\/","title":{"rendered":"Sicherere Strassen, sauberere Luft? EU-Kommission will Verkehrsvorschriften versch\u00e4rfen"},"content":{"rendered":"<p>Br\u00fcssel will Europas Strassen sicherer und die Luft sauberer machen. Mit einem umfassenden Reformpaket <a href=\"https:\/\/ec.europa.eu\/commission\/presscorner\/detail\/en\/ip_25_1083\" target=\"_blank\" rel=\"noopener\">reagiert die EU-Kommission<\/a> auf die Herausforderungen durch Elektromobilit\u00e4t, veraltete Fahrzeuge und zunehmenden Betrug. Die neuen Vorschriften sehen unter anderem j\u00e4hrliche Inspektionen f\u00fcr \u00fcber zehn Jahre alte Fahrzeuge sowie spezielle Pr\u00fcfungen f\u00fcr E-Autos und elektronische Assistenzsysteme vor. Emissionstests sollen mit neuen Methoden hochbelastende Fahrzeuge identifizieren \u2013 etwa durch Manipulation auff\u00e4llige Diesel oder Fahrzeuge mit \u00fcberm\u00e4ssigem Feinstaubausstoss.<\/p>\n<p>Ein weiterer Schwerpunkt ist die Digitalisierung: Fahrzeugzulassungen und T\u00dcV-Bescheinigungen sollen k\u00fcnftig EU-weit elektronisch gespeichert und \u00fcber Landesgrenzen hinweg austauschbar sein. Damit soll auch der verbreitete Tacho-Betrug bek\u00e4mpft werden. Kilometerst\u00e4nde werden k\u00fcnftig in nationale Datenbanken eingespeist, um Manipulationen zu verhindern.<\/p>\n<p>Die Kommission begr\u00fcndet die Massnahmen mit dem Ziel, bis 2030 die Zahl der Verkehrsopfer zu halbieren und bis 2050 keine Todesopfer mehr auf Europas Strassen zu verzeichnen. \u00abWir modernisieren unsere Regeln, um den aktuellen Mobilit\u00e4tsrealit\u00e4ten gerecht zu werden\u00bb, erkl\u00e4rte EU-Kommissar Apostolos Tzitzikostas.<\/p>\n<p>Die neuen Vorschriften betreffen drei EU-Richtlinien \u2013 darunter die zu Fahrzeugpr\u00fcfungen, Zulassungsdokumenten und Strassenkontrollen bei Nutzfahrzeugen. Noch m\u00fcssen Europaparlament und Rat zustimmen. Stimmen die Institutionen zu, sollen die Regelungen schrittweise ab 2026 greifen. Gesch\u00e4tzter Effekt laut Kommission: 7000 gerettete Menschenleben und 65.000 weniger Schwerverletzte bis 2050.<\/p>\n","protected":false},"excerpt":{"rendered":"Br\u00fcssel will Europas Strassen sicherer und die Luft sauberer machen. Mit einem umfassenden Reformpaket reagiert die EU-Kommission auf&hellip;\n","protected":false},"author":2,"featured_media":63731,"comment_status":"","ping_status":"","sticky":false,"template":"","format":"standard","meta":{"footnotes":""},"categories":[3933],"tags":[331,332,1081,1519,548,663,158,3934,3935,1014,13,14,15,16,12,425,383,601],"class_list":{"0":"post-63730","1":"post","2":"type-post","3":"status-publish","4":"format-standard","5":"has-post-thumbnail","7":"category-eu","8":"tag-aktuelle-nachrichten","9":"tag-aktuelle-news","10":"tag-digitalisierung","11":"tag-elektromobilitaet","12":"tag-eu","13":"tag-europa","14":"tag-europaeische-union","15":"tag-europe","16":"tag-european-union","17":"tag-gesetzgebung","18":"tag-headlines","19":"tag-nachrichten","20":"tag-news","21":"tag-politik","22":"tag-schlagzeilen","23":"tag-technologie","24":"tag-umwelt","25":"tag-verkehr"},"share_on_mastodon":{"url":"https:\/\/pubeurope.com\/@de\/114406321470816465","error":""},"_links":{"self":[{"href":"https:\/\/www.europesays.com\/de\/wp-json\/wp\/v2\/posts\/63730","targetHints":{"allow":["GET"]}}],"collection":[{"href":"https:\/\/www.europesays.com\/de\/wp-json\/wp\/v2\/posts"}],"about":[{"href":"https:\/\/www.europesays.com\/de\/wp-json\/wp\/v2\/types\/post"}],"author":[{"embeddable":true,"href":"https:\/\/www.europesays.com\/de\/wp-json\/wp\/v2\/users\/2"}],"replies":[{"embeddable":true,"href":"https:\/\/www.europesays.com\/de\/wp-json\/wp\/v2\/comments?post=63730"}],"version-history":[{"count":0,"href":"https:\/\/www.europesays.com\/de\/wp-json\/wp\/v2\/posts\/63730\/revisions"}],"wp:featuredmedia":[{"embeddable":true,"href":"https:\/\/www.europesays.com\/de\/wp-json\/wp\/v2\/media\/63731"}],"wp:attachment":[{"href":"https:\/\/www.europesays.com\/de\/wp-json\/wp\/v2\/media?parent=63730"}],"wp:term":[{"taxonomy":"category","embeddable":true,"href":"https:\/\/www.europesays.com\/de\/wp-json\/wp\/v2\/categories?post=63730"},{"taxonomy":"post_tag","embeddable":true,"href":"https:\/\/www.europesays.com\/de\/wp-json\/wp\/v2\/tags?post=63730"}],"curies":[{"name":"wp","href":"https:\/\/api.w.org\/{rel}","templated":true}]}}