{"id":637341,"date":"2025-12-10T17:20:37","date_gmt":"2025-12-10T17:20:37","guid":{"rendered":"https:\/\/www.europesays.com\/de\/637341\/"},"modified":"2025-12-10T17:20:37","modified_gmt":"2025-12-10T17:20:37","slug":"dortmund-anwohnerin-beobachtet-naechtlichen-polizei-einsatz","status":"publish","type":"post","link":"https:\/\/www.europesays.com\/de\/637341\/","title":{"rendered":"Dortmund: Anwohnerin beobachtet n\u00e4chtlichen Polizei-Einsatz"},"content":{"rendered":"<p>\t\tAnwohnerin beobachtet n\u00e4chtlichen Polizei-Einsatz im Dortmunder Westen<br \/>\n\t\t\t\t\tDas steckte dahinter<\/p>\n<p>\t\t<img alt=\"\" src=\"https:\/\/www.europesays.com\/de\/wp-content\/uploads\/2025\/04\/630_0036_48793_.jpg\"  class=\"avatar avatar-36 photo avatar-default\" height=\"36\" width=\"36\" loading=\"eager\" decoding=\"async\"\/>\t\t<a class=\"article-author__name\" href=\"https:\/\/www.ruhrnachrichten.de\/author\/beate-doennewald\/\" rel=\"author noopener\" target=\"_blank\">Beate D\u00f6nnewald<\/a><br \/>\n\t\tRedakteurin<\/p>\n<p>    <a href=\"https:\/\/www.ruhrnachrichten.de\/wp-content\/uploads\/2025\/12\/10\/16\/630_0900_5459935_-1648x824.jpg\" target=\"_blank\" rel=\"noopener\"><\/p>\n<p>            <img loading=\"lazy\" decoding=\"async\" src=\"https:\/\/www.europesays.com\/de\/wp-content\/uploads\/2025\/12\/630_0900_5459933_-640x426.jpg\" width=\"640\" height=\"426\"  alt=\"\"\/><\/p>\n<p>    <\/a><br \/>\n    Blaulicht in Dortmund-Oespel mitten in der Nacht: Eine Anwohnerin beobachtete einen gr\u00f6\u00dferen Polizeieinsatz in einer Siedlung. Die Polizei best\u00e4tigt den Einsatz. (Symbolbild) \u00a9 dpa<\/p>\n<p class=\"article__teaser-text\">Eine Anwohnerin beobachtet mitten in der Nacht einen gr\u00f6\u00dferen Polizeieinsatz in Dortmund-Oespel. Eine Sprecherin erkl\u00e4rt die Hintergr\u00fcnde.<\/p>\n<p>2 Min Lesezeit<\/p>\n<p>Polizeibeamte im GartenVerd\u00e4chtige Ger\u00e4usche im KellerKostenlose Beratung der Polizei<\/p>\n","protected":false},"excerpt":{"rendered":"Anwohnerin beobachtet n\u00e4chtlichen Polizei-Einsatz im Dortmunder Westen Das steckte dahinter Beate D\u00f6nnewald Redakteurin Blaulicht in Dortmund-Oespel mitten in&hellip;\n","protected":false},"author":2,"featured_media":637342,"comment_status":"","ping_status":"","sticky":false,"template":"","format":"standard","meta":{"footnotes":""},"categories":[1833],"tags":[1950,3364,29,217,30,1209,79598],"class_list":{"0":"post-637341","1":"post","2":"type-post","3":"status-publish","4":"format-standard","5":"has-post-thumbnail","7":"category-dortmund","8":"tag-blaulicht","9":"tag-de","10":"tag-deutschland","11":"tag-dortmund","12":"tag-germany","13":"tag-nordrhein-westfalen","14":"tag-polizei-einsatz"},"share_on_mastodon":{"url":"https:\/\/pubeurope.com\/@de\/115696424782842098","error":""},"_links":{"self":[{"href":"https:\/\/www.europesays.com\/de\/wp-json\/wp\/v2\/posts\/637341","targetHints":{"allow":["GET"]}}],"collection":[{"href":"https:\/\/www.europesays.com\/de\/wp-json\/wp\/v2\/posts"}],"about":[{"href":"https:\/\/www.europesays.com\/de\/wp-json\/wp\/v2\/types\/post"}],"author":[{"embeddable":true,"href":"https:\/\/www.europesays.com\/de\/wp-json\/wp\/v2\/users\/2"}],"replies":[{"embeddable":true,"href":"https:\/\/www.europesays.com\/de\/wp-json\/wp\/v2\/comments?post=637341"}],"version-history":[{"count":0,"href":"https:\/\/www.europesays.com\/de\/wp-json\/wp\/v2\/posts\/637341\/revisions"}],"wp:featuredmedia":[{"embeddable":true,"href":"https:\/\/www.europesays.com\/de\/wp-json\/wp\/v2\/media\/637342"}],"wp:attachment":[{"href":"https:\/\/www.europesays.com\/de\/wp-json\/wp\/v2\/media?parent=637341"}],"wp:term":[{"taxonomy":"category","embeddable":true,"href":"https:\/\/www.europesays.com\/de\/wp-json\/wp\/v2\/categories?post=637341"},{"taxonomy":"post_tag","embeddable":true,"href":"https:\/\/www.europesays.com\/de\/wp-json\/wp\/v2\/tags?post=637341"}],"curies":[{"name":"wp","href":"https:\/\/api.w.org\/{rel}","templated":true}]}}