{"id":637365,"date":"2025-12-10T17:34:16","date_gmt":"2025-12-10T17:34:16","guid":{"rendered":"https:\/\/www.europesays.com\/de\/637365\/"},"modified":"2025-12-10T17:34:16","modified_gmt":"2025-12-10T17:34:16","slug":"muenchen-heute-nachrichten-vom-10-12-2025-muenchen","status":"publish","type":"post","link":"https:\/\/www.europesays.com\/de\/637365\/","title":{"rendered":"M\u00fcnchen heute &#8211; Nachrichten vom 10.12.2025 &#8211; M\u00fcnchen"},"content":{"rendered":"<p> div:not([style*=&#8217;display: none&#8216;]):not(.iqdnoad)){margin-bottom:60px;margin-top:60px;}}]]> div:not([style*=&#8217;display: none&#8216;]):not(.iqdnoad))::before{content:none;}@media screen and (min-width: 768px){.css-wglhfu{margin-bottom:0;margin-top:0;}}@media screen and (min-width: 768px){.css-wglhfu{margin-left:0;margin-right:0;}}@media screen and (min-width: 1000px){.css-wglhfu{margin-left:-180px;width:1000px;}.css-wglhfu:has(> div:not([style*=&#8217;display: none&#8216;]):not(.iqdnoad)){margin-bottom:60px;margin-top:60px;}}]]> div:not([style*=&#8217;display: none&#8216;]):not(.iqdnoad))::before{content:none;}@media screen and (min-width: 768px){.css-1qhsfhd{margin-bottom:0;margin-top:0;}}@media screen and (min-width: 768px){.css-1qhsfhd{display:block;}}@media screen and (min-width: 768px){.css-1qhsfhd{margin-left:0;margin-right:0;}}@media screen and (min-width: 1000px){.css-1qhsfhd{margin-left:-180px;width:1000px;}.css-1qhsfhd:has(> div:not([style*=&#8217;display: none&#8216;]):not(.iqdnoad)){margin-bottom:60px;margin-top:60px;}}]]><\/p>\n<p data-manual=\"paragraph\" data-schema-org-speakable=\"true\" class=\"css-1eosz7k\"><strong>DER TAG IN <\/strong><strong><a href=\"https:\/\/www.sueddeutsche.de\/thema\/M%C3%BCnchen\" target=\"_blank\" rel=\"noopener\">M\u00dcNCHEN<\/a><\/strong><\/p>\n<p data-manual=\"paragraph\" data-schema-org-speakable=\"true\" class=\"css-1eosz7k\"><strong>K\u00f6nnte die Hackerbr\u00fccke bald autofrei werden?<\/strong> W\u00e4hrend die Br\u00fccke saniert wird, k\u00f6nnen nur Fu\u00dfg\u00e4nger und Radfahrer sie \u00fcberqueren. Das sollte der Normalzustand sein, fordern nun manche \u2013 <a href=\"https:\/\/www.sueddeutsche.de\/muenchen\/muenchen-verkehr-hackerbruecke-sanierung-fussgaenger-autofrei-li.3351196\" target=\"_blank\" rel=\"noopener\">und die Aufregung ist gro\u00df (SZ Plus).<\/a><\/p>\n<p data-manual=\"paragraph\" data-schema-org-speakable=\"true\" class=\"css-1eosz7k\"><strong>M\u00fcnchens Innenstadt steht vor dem gr\u00f6\u00dften Umbau seit Er\u00f6ffnung der Fu\u00dfg\u00e4ngerzone<\/strong> Die gr\u00fcn-rote Rathauskoalition beschlie\u00dft das Programm \u201eAltstadt f\u00fcr alle\u201c. <a href=\"https:\/\/www.sueddeutsche.de\/muenchen\/muenchen-altstadt-fuer-alle-verkehrsberuhigung-li.3352315\" target=\"_blank\" rel=\"noopener\">Was das bedeutet und welche Viertel als erste neu geplant werden.<\/a><\/p>\n<p data-manual=\"paragraph\" data-schema-org-speakable=\"true\" class=\"css-1eosz7k\"><strong>Rechtsextreme verteilen als Weihnachtsm\u00e4nner verkleidet Hetz-Flugbl\u00e4tter<\/strong> Zeugen der Aktion in der U-Bahn sind schockiert. Nach mehreren Anzeigen wegen Volksverhetzung ermittelt die Polizei. <a href=\"https:\/\/www.sueddeutsche.de\/muenchen\/rechtsextremisten-hetze-flugblaetter-u-bahn-muenchen-kriminalpolizei-weihnachtsmaenner-li.3352317\" target=\"_blank\" rel=\"noopener\">Die Spur f\u00fchrt zu einer ber\u00fcchtigten Gruppierung und einer weiteren Provokation.<\/a><\/p>\n<p data-manual=\"paragraph\" data-schema-org-speakable=\"true\" class=\"css-1eosz7k\"><strong>American Football NFL kehrt 2026 und 2028 nach M\u00fcnchen zur\u00fcck<\/strong> \u201eTake me home, country roads\u201c, schmetterten die Fans zu Zehntausenden beim American Football in der Arena. Nun bekommen sie wieder die Gelegenheit dazu \u2013 nicht nur in M\u00fcnchen. <a href=\"https:\/\/www.sueddeutsche.de\/muenchen\/muenchen-nfl-american-football-allianz-arena-termine-2026-2028-li.3351361\" target=\"_blank\" rel=\"noopener\">Was die US-Profiliga ank\u00fcndigt.<\/a><\/p>\n<p data-manual=\"paragraph\" data-schema-org-speakable=\"true\" class=\"css-1eosz7k\"><strong>\u201eWir k\u00f6nnen Sie aktuell nicht entst\u00f6ren\u201c<\/strong> Ein Kunde von Vodafone bem\u00fcht sich seit sechs Jahren vergeblich um ein st\u00f6rungsfreies Internet. <a href=\"https:\/\/www.sueddeutsche.de\/muenchen\/landkreismuenchen\/unterhaching-internetprobleme-vodafone-telekom-li.3348435\" target=\"_blank\" rel=\"noopener\">Dabei wohnt die Familie nicht im Wald oder auf einem Acker, sondern mitten in einem M\u00fcnchner Vorort.<\/a><\/p>\n<p data-manual=\"paragraph\" data-schema-org-speakable=\"true\" class=\"css-1eosz7k\"><strong>WEITERE NACHRICHTEN<\/strong><\/p>\n<p data-manual=\"paragraph\" data-schema-org-speakable=\"true\" class=\"css-1eosz7k\"><strong>Polizeieinsatz vor einer Woche:<\/strong>\u00a0<a href=\"https:\/\/www.sueddeutsche.de\/muenchen\/muenchen-obersendling-polizei-schuss-drogen-festnahmen-li.3352377\" target=\"_blank\" rel=\"noopener\">Doppelschlag in M\u00fcnchen gegen internationales Drogen-Netzwerk<\/a><\/p>\n<p data-manual=\"paragraph\" data-schema-org-speakable=\"true\" class=\"css-1eosz7k\"><strong>Altstadt:<\/strong>\u00a0<a href=\"https:\/\/www.sueddeutsche.de\/muenchen\/muenchen-max-joseph-platz-oper-rasen-umgestaltung-li.3351309\" target=\"_blank\" rel=\"noopener\">Auf dem Max-Joseph-Platz vor der Oper w\u00e4chst jetzt Rasen<\/a><\/p>\n<p> div:not([style*=&#8217;display: none&#8216;]):not(.iqdnoad))::before{content:none;}@media screen and (min-width: 768px){.css-1gb0u7z{margin-bottom:0;margin-top:0;}}@media screen and (min-width: 1000px){.css-1gb0u7z{display:block;min-height:auto;}}@media screen and (min-width: 768px){.css-1gb0u7z{margin-left:0;margin-right:0;}}@media screen and (min-width: 1000px){.css-1gb0u7z{margin-left:-180px;width:1000px;}.css-1gb0u7z:has(> div:not([style*=&#8217;display: none&#8216;]):not(.iqdnoad)){margin-bottom:60px;margin-top:60px;}}]]> div:not([style*=&#8217;display: none&#8216;]):not(.iqdnoad))::before{content:none;}@media screen and (min-width: 768px){.css-6qp6or{margin-bottom:0;margin-top:0;}}@media screen and (min-width: 768px){.css-6qp6or{margin-left:0;margin-right:0;}}@media screen and (min-width: 1000px){.css-6qp6or{margin-left:-180px;width:1000px;}.css-6qp6or:has(> div:not([style*=&#8217;display: none&#8216;]):not(.iqdnoad)){margin-bottom:60px;margin-top:60px;}}]]> div:not([style*=&#8217;display: none&#8216;]):not(.iqdnoad))::before{content:none;}@media screen and (min-width: 768px){.css-1vs3ay6{margin-bottom:0;margin-top:0;}}@media screen and (min-width: 768px){.css-1vs3ay6{display:block;}}@media screen and (min-width: 768px){.css-1vs3ay6{margin-left:0;margin-right:0;}}@media screen and (min-width: 1000px){.css-1vs3ay6{margin-left:-180px;width:1000px;}.css-1vs3ay6:has(> div:not([style*=&#8217;display: none&#8216;]):not(.iqdnoad)){margin-bottom:60px;margin-top:60px;}}]]><\/p>\n<p data-manual=\"paragraph\" data-schema-org-speakable=\"true\" class=\"css-1eosz7k\"><strong>Verletzte bei Champions-League-Partie:<\/strong>\u00a0<a href=\"https:\/\/www.sueddeutsche.de\/muenchen\/muenchen-allianz-arena-pyrotechnik-verletzte-polizei-li.3352380\" target=\"_blank\" rel=\"noopener\">Pyrotechnik bei FC-Bayern-Spiel: Polizei nimmt zwei Verd\u00e4chtige fest<\/a><\/p>\n<p data-manual=\"paragraph\" data-schema-org-speakable=\"true\" class=\"css-1eosz7k\"><strong>Konzern-Pl\u00e4ne:<\/strong>\u00a0<a href=\"https:\/\/www.sueddeutsche.de\/muenchen\/muenchen-nokia-standort-schliessung-protest-li.3351944\" target=\"_blank\" rel=\"noopener\">M\u00fcnchner Nokia-Besch\u00e4ftigte protestieren gegen Standort-Schlie\u00dfung<\/a><\/p>\n<p data-manual=\"paragraph\" data-schema-org-speakable=\"true\" class=\"css-1eosz7k\"><strong>M\u00dcNCHEN ERLESEN<\/strong><\/p>\n<p><a href=\"https:\/\/www.sueddeutsche.de\/muenchen\/markus-kavka-herausforderungen-jugendradios-egofm-puls-li.3340470\" aria-label=\"Artikelverlinkung:\" data-track-szde=\"{&quot;event&quot;:&quot;teaser_clicked&quot;,&quot;teaser_clicked&quot;:{&quot;article_title&quot;:&quot;es_ist_ein_armutszeugnis&quot;,&quot;doctype&quot;:&quot;&quot;,&quot;label&quot;:&quot;szplus&quot;,&quot;main_topic&quot;:&quot;kultur_in_muenchen&quot;,&quot;object_id&quot;:&quot;li.3340470&quot;,&quot;pcat&quot;:&quot;paid&quot;,&quot;section&quot;:&quot;muenchen&quot;,&quot;teaser_type&quot;:&quot;article_teaser_top&quot;}}\" data-manual=\"teaser-url\" data-tb-link=\"\" aria-labelledby=\"teaser-httpswwwsueddeutschedemuenchenmarkus-kavka-herausforderungen-jugendradios-egofm-puls-li3340470\" class=\"css-14tg8sh\" target=\"_blank\" rel=\"noopener\"><img decoding=\"async\" src=\"https:\/\/www.europesays.com\/de\/wp-content\/uploads\/2025\/12\/be49e11c-cd67-46c5-8c54-88cb5780787c.jpg\"   alt=\"\" loading=\"lazy\" class=\"css-8atqhb\"\/><\/p>\n<p>Interview mit Markus Kavka<\/p>\n<p>:\u201eEs ist ein Armutszeugnis\u201c<\/p>\n<p class=\"css-a6ecqs\" data-manual=\"teaser-text\" data-tb-description=\"\" data-schema-org-speakable=\"true\">Markus Kavka hat das Ende des Musikfernsehens miterlebt. Kommt nun das Ende des Jugendradios? Ein Gespr\u00e4ch \u00fcber drohende Eint\u00f6nigkeit \u2013 und eine Hoffnung.<\/p>\n<p>SZ PlusInterview: Michael Bremmer&#8230;<a href=\"https:\/\/www.sueddeutsche.de\/muenchen\/landkreismuenchen\/lachtraining-planegg-lebensfreude-senioren-alzheimer-stiftung-li.3329831\" aria-label=\"Artikelverlinkung:\" data-track-szde=\"{&quot;event&quot;:&quot;teaser_clicked&quot;,&quot;teaser_clicked&quot;:{&quot;article_title&quot;:&quot;mit_lachen_zurueck_ins_leben&quot;,&quot;doctype&quot;:&quot;&quot;,&quot;label&quot;:&quot;szplus&quot;,&quot;main_topic&quot;:&quot;landkreis_muenchen&quot;,&quot;object_id&quot;:&quot;li.3329831&quot;,&quot;pcat&quot;:&quot;paid&quot;,&quot;section&quot;:&quot;landkreis_muenchen&quot;,&quot;teaser_type&quot;:&quot;article_teaser_top&quot;}}\" data-manual=\"teaser-url\" data-tb-link=\"\" aria-labelledby=\"teaser-httpswwwsueddeutschedemuenchenlandkreismuenchenlachtraining-planegg-lebensfreude-senioren-alzheimer-stiftung-li3329831\" class=\"css-14tg8sh\" target=\"_blank\" rel=\"noopener\"><img decoding=\"async\" src=\"https:\/\/www.europesays.com\/de\/wp-content\/uploads\/2025\/12\/d428206a-e608-452b-8df1-dff382e0e3d5.jpg\"   alt=\"\" loading=\"lazy\" class=\"css-8atqhb\"\/><\/p>\n<p>Altersdepression<\/p>\n<p>:Mit Lachen zur\u00fcck ins Leben<\/p>\n<p class=\"css-a6ecqs\" data-manual=\"teaser-text\" data-tb-description=\"\" data-schema-org-speakable=\"true\">Lachen ist gesund. Das wei\u00df Lachtrainerin Cornelia Leisch. Sie hilft \u00e4lteren Mensch dabei, ihre Gehirne zu aktivieren und ihre Lebensgeister zu wecken. Wie man wieder zu mehr Leichtigkeit im Alltag findet.<\/p>\n<p>SZ PlusVon Annette J\u00e4ger<\/p>\n<p data-manual=\"paragraph\" data-schema-org-speakable=\"true\" class=\"css-1eosz7k\"><strong>UNSER GASTROTIPP<\/strong><\/p>\n<p><a href=\"https:\/\/www.sueddeutsche.de\/muenchen\/muenchen-vinaiolo-restaurant-haidhausen-kritik-li.3340923\" aria-label=\"Artikelverlinkung:\" data-track-szde=\"{&quot;event&quot;:&quot;teaser_clicked&quot;,&quot;teaser_clicked&quot;:{&quot;article_title&quot;:&quot;kostbarkeiten_auf_dem_teller_und_auf_der_rechnung&quot;,&quot;doctype&quot;:&quot;&quot;,&quot;label&quot;:&quot;&quot;,&quot;main_topic&quot;:&quot;essen_und_trinken_in_muenchen&quot;,&quot;object_id&quot;:&quot;li.3340923&quot;,&quot;pcat&quot;:&quot;metered&quot;,&quot;section&quot;:&quot;muenchen&quot;,&quot;teaser_type&quot;:&quot;article_teaser_top&quot;}}\" data-manual=\"teaser-url\" data-tb-link=\"\" aria-labelledby=\"teaser-httpswwwsueddeutschedemuenchenmuenchen-vinaiolo-restaurant-haidhausen-kritik-li3340923\" class=\"css-14tg8sh\" target=\"_blank\" rel=\"noopener\"><img decoding=\"async\" src=\"https:\/\/www.europesays.com\/de\/wp-content\/uploads\/2025\/12\/1eac2598-fa69-40bb-98c3-f2118ddebf71.jpg\"   alt=\"\" loading=\"lazy\" class=\"css-8atqhb\"\/><\/p>\n<p>Restaurant Vinaiolo<\/p>\n<p>:Kostbarkeiten auf dem Teller \u2013 und auf der Rechnung<\/p>\n<p class=\"css-a6ecqs\" data-manual=\"teaser-text\" data-tb-description=\"\" data-schema-org-speakable=\"true\">Bereits seit 1997 gibt es das Vinaiolo, einst zierte sogar ein Stern das italienische Restaurant in Haidhausen. Einige K\u00fcchenchefs sp\u00e4ter ist das Niveau noch immer hoch. \u00dcppige Portionen und hohe Qualit\u00e4t, das hat seinen Preis.<\/p>\n<p data-manual=\"paragraph\" data-schema-org-speakable=\"true\" class=\"css-1eosz7k\"><a href=\"https:\/\/www.sueddeutsche.de\/thema\/Restaurants\" target=\"_blank\" rel=\"noopener\">Restaurants in M\u00fcnchen<\/a> | <a href=\"https:\/\/www.sueddeutsche.de\/thema\/Bars\" target=\"_blank\" rel=\"noopener\">Bars in M\u00fcnchen<\/a> | <a href=\"https:\/\/www.sueddeutsche.de\/thema\/Fr%C3%BChst%C3%BCck_und_Brunch\" target=\"_blank\" rel=\"noopener\">Fr\u00fchst\u00fcck und Brunch<\/a><strong>Zu den Landkreisen:<\/strong> <a href=\"https:\/\/www.sueddeutsche.de\/muenchen\/wolfratshausen\" target=\"_blank\" rel=\"noopener\">Bad T\u00f6lz-Wolfratshausen<\/a> | <a href=\"https:\/\/www.sueddeutsche.de\/muenchen\/dachau\" target=\"_blank\" rel=\"noopener\">Dachau<\/a> | <a href=\"https:\/\/www.sueddeutsche.de\/muenchen\/ebersberg\" target=\"_blank\" rel=\"noopener\">Ebersberg<\/a> | <a href=\"https:\/\/www.sueddeutsche.de\/muenchen\/erding\" target=\"_blank\" rel=\"noopener\">Erding<\/a> | <a href=\"https:\/\/www.sueddeutsche.de\/muenchen\/freising\" target=\"_blank\" rel=\"noopener\">Freising<\/a> | <a href=\"https:\/\/www.sueddeutsche.de\/muenchen\/fuerstenfeldbruck\" target=\"_blank\" rel=\"noopener\">F\u00fcrstenfeldbruck<\/a> | <a href=\"https:\/\/www.sueddeutsche.de\/muenchen\/landkreismuenchen\" target=\"_blank\" rel=\"noopener\">M\u00fcnchen<\/a> | <a href=\"https:\/\/www.sueddeutsche.de\/muenchen\/starnberg\" target=\"_blank\" rel=\"noopener\">Starnberg<\/a><\/p>\n","protected":false},"excerpt":{"rendered":"div:not([style*=&#8217;display: none&#8216;]):not(.iqdnoad)){margin-bottom:60px;margin-top:60px;}}]]&gt; div:not([style*=&#8217;display: none&#8216;]):not(.iqdnoad))::before{content:none;}@media screen and (min-width: 768px){.css-wglhfu{margin-bottom:0;margin-top:0;}}@media screen and (min-width: 768px){.css-wglhfu{margin-left:0;margin-right:0;}}@media screen and (min-width: 1000px){.css-wglhfu{margin-left:-180px;width:1000px;}.css-wglhfu:has(> div:not([style*=&#8217;display: none&#8216;]):not(.iqdnoad)){margin-bottom:60px;margin-top:60px;}}]]&gt;&hellip;\n","protected":false},"author":2,"featured_media":387201,"comment_status":"","ping_status":"","sticky":false,"template":"","format":"standard","meta":{"footnotes":""},"categories":[1827],"tags":[772,29,39586,30,1268,2338,2339,94146,149],"class_list":{"0":"post-637365","1":"post","2":"type-post","3":"status-publish","4":"format-standard","5":"has-post-thumbnail","7":"category-muenchen","8":"tag-bayern","9":"tag-deutschland","10":"tag-erding","11":"tag-germany","12":"tag-muenchen","13":"tag-newsletter","14":"tag-oberbayern","15":"tag-stadt-erding","16":"tag-sueddeutsche-zeitung"},"share_on_mastodon":{"url":"https:\/\/pubeurope.com\/@de\/115696479687208845","error":""},"_links":{"self":[{"href":"https:\/\/www.europesays.com\/de\/wp-json\/wp\/v2\/posts\/637365","targetHints":{"allow":["GET"]}}],"collection":[{"href":"https:\/\/www.europesays.com\/de\/wp-json\/wp\/v2\/posts"}],"about":[{"href":"https:\/\/www.europesays.com\/de\/wp-json\/wp\/v2\/types\/post"}],"author":[{"embeddable":true,"href":"https:\/\/www.europesays.com\/de\/wp-json\/wp\/v2\/users\/2"}],"replies":[{"embeddable":true,"href":"https:\/\/www.europesays.com\/de\/wp-json\/wp\/v2\/comments?post=637365"}],"version-history":[{"count":0,"href":"https:\/\/www.europesays.com\/de\/wp-json\/wp\/v2\/posts\/637365\/revisions"}],"wp:featuredmedia":[{"embeddable":true,"href":"https:\/\/www.europesays.com\/de\/wp-json\/wp\/v2\/media\/387201"}],"wp:attachment":[{"href":"https:\/\/www.europesays.com\/de\/wp-json\/wp\/v2\/media?parent=637365"}],"wp:term":[{"taxonomy":"category","embeddable":true,"href":"https:\/\/www.europesays.com\/de\/wp-json\/wp\/v2\/categories?post=637365"},{"taxonomy":"post_tag","embeddable":true,"href":"https:\/\/www.europesays.com\/de\/wp-json\/wp\/v2\/tags?post=637365"}],"curies":[{"name":"wp","href":"https:\/\/api.w.org\/{rel}","templated":true}]}}