{"id":637711,"date":"2025-12-10T21:54:25","date_gmt":"2025-12-10T21:54:25","guid":{"rendered":"https:\/\/www.europesays.com\/de\/637711\/"},"modified":"2025-12-10T21:54:25","modified_gmt":"2025-12-10T21:54:25","slug":"lichtblick-zu-weihnachten-hilfspakete-fuer-den-johanniter-weihnachtstrucker","status":"publish","type":"post","link":"https:\/\/www.europesays.com\/de\/637711\/","title":{"rendered":"Lichtblick zu Weihnachten: Hilfspakete f\u00fcr den Johanniter-Weihnachtstrucker"},"content":{"rendered":"<p>Zahlreiche Pakete wurden f\u00fcr den Johanniter-Weihnachtstrucker gepackt. | Foto: Johanniter\/Frauke Engel<\/p>\n<p class=\"datum\">10.12.2025, 21:26 Uhr<\/p>\n<p><strong>Wolfenb\u00fcttel\/Braunschweig. Bereits zum dritten Mal hat das Autohaus Gebr\u00fcder Bormann die Johanniter-Weihnachtstrucker-Aktion unterst\u00fctzt \u2013 gemeinsam wurden \u00fcber 60 Hilfspakete gepackt, die an notleidende Menschen in der Ukraine sowie an Tafeln in Deutschland weitergeleitet werden. Sie sollen Familien und Kindern eine kleine Freude zum Weihnachtsfest bereiten und konkrete Hilfe leisten, wie es in einer Pressemitteilung des Johanniter Regionalverbands Harz-Heide hei\u00dft.<br \/><\/strong><br \/>\n<\/p>\n<p>Besonders engagiert zeigten sich wieder angehende Mechatronikerinnen und Mechatroniker der Heinrich-B\u00fcssing-Schule <a class=\"redlink\" href=\"https:\/\/regionalheute.de\/braunschweig\/\" rel=\"nofollow noopener\" target=\"_blank\">in Braunschweig<\/a>. Unter Anleitung ihres Lehrers, Ronny Panek, packten die Sch\u00fclerinnen und Sch\u00fcler in k\u00fcrzester Zeit konzentriert und mit Hingabe zahlreiche Pakete und unterst\u00fctzten damit tatkr\u00e4ftig die Hilfsaktion. Doch nicht nur Wolfenb\u00fctteler B\u00fcrgerinnen und B\u00fcrger sind dem Aufruf des Autohauses gefolgt, auch Unternehmen aus benachbarten Ortschaften kamen mit Spenden f\u00fcr die Packaktion vorbei: So Dirk Marske von der Dachdeckerei Marske <a class=\"redlink\" href=\"https:\/\/regionalheute.de\/salzgitter\/\" rel=\"nofollow noopener\" target=\"_blank\">aus Salzgitter<\/a>. Er brachte am Vormittag vier gepackte Kartons ins Autohaus.<\/p>\n<p>Gemeinsames Engagement<\/p>\n<p>Bj\u00f6rn und Holger Bormann betonten im Rahmen der Packaktion die Bedeutung gemeinschaftlichen Handelns gerade in der Weihnachtszeit: \u201eDer Johanniter-Weihnachtstrucker ist ein wertvolles Projekt, das Menschen unterst\u00fctzt, denen es nicht gutgeht. Gleichzeitig erinnert uns die Aktion daran, wie viel wir durch gemeinsames Anpacken bewegen k\u00f6nnen. Deshalb begleiten wir den Weihnachtstrucker auch zuk\u00fcnftig mit voller \u00dcberzeugung.\u201c<\/p>\n<p>\nDie Johanniter aus dem Regionalverband Harz-Heide freuen sich \u00fcber das Engagement der Gebr\u00fcder Bormann: \u201eWir sind \u00fcberaus dankbar, dass das Autohaus ein so verl\u00e4sslicher Partner in der guten Sache geworden ist. Und, dass so viele Wolfenb\u00fctteler B\u00fcrgerinnen und B\u00fcrger unsere Aktion zum Wohle von bed\u00fcrftigen Menschen zum Beispiel in der Ukraine unterst\u00fctzen\u201c, betont Dirk G\u00e4hle, Mitglied im Regionalvorstand. \u201eDanke Wolfenb\u00fcttel!\u201c<\/p>\n<p>Aktion geht weiter<\/p>\n<p>Weitere 15 Pakete kamen im Verlauf des Sammelzeitraums noch zusammen, denn das Autohaus ist auch Abgabestelle f\u00fcr die Pakete: \u201eWir freuen uns noch \u00fcber weitere Pakete laut Packliste bis zum 12. Dezember\u201c, unterstreicht Holger Bormann. Kostenfreie Kartonagen stehen weiterhin im Autohaus zum Best\u00fccken bereit. Ziel sei es, gemeinsam die Marke von 100 Paketen zu erreichen. Die Verantwortlichen laden daher alle B\u00fcrgerinnen und B\u00fcrger herzlich ein, sich zu beteiligen und ein St\u00fcck Weihnachtsfreude zu verschenken.<\/p>\n","protected":false},"excerpt":{"rendered":"Zahlreiche Pakete wurden f\u00fcr den Johanniter-Weihnachtstrucker gepackt. | Foto: Johanniter\/Frauke Engel 10.12.2025, 21:26 Uhr Wolfenb\u00fcttel\/Braunschweig. Bereits zum dritten&hellip;\n","protected":false},"author":2,"featured_media":637712,"comment_status":"","ping_status":"","sticky":false,"template":"","format":"standard","meta":{"footnotes":""},"categories":[1850],"tags":[6429,3364,29,548,663,3934,30,13,14,15,1411,12],"class_list":{"0":"post-637711","1":"post","2":"type-post","3":"status-publish","4":"format-standard","5":"has-post-thumbnail","7":"category-braunschweig","8":"tag-braunschweig","9":"tag-de","10":"tag-deutschland","11":"tag-eu","12":"tag-europa","13":"tag-europe","14":"tag-germany","15":"tag-headlines","16":"tag-nachrichten","17":"tag-news","18":"tag-niedersachsen","19":"tag-schlagzeilen"},"share_on_mastodon":{"url":"https:\/\/pubeurope.com\/@de\/115697501052153388","error":""},"_links":{"self":[{"href":"https:\/\/www.europesays.com\/de\/wp-json\/wp\/v2\/posts\/637711","targetHints":{"allow":["GET"]}}],"collection":[{"href":"https:\/\/www.europesays.com\/de\/wp-json\/wp\/v2\/posts"}],"about":[{"href":"https:\/\/www.europesays.com\/de\/wp-json\/wp\/v2\/types\/post"}],"author":[{"embeddable":true,"href":"https:\/\/www.europesays.com\/de\/wp-json\/wp\/v2\/users\/2"}],"replies":[{"embeddable":true,"href":"https:\/\/www.europesays.com\/de\/wp-json\/wp\/v2\/comments?post=637711"}],"version-history":[{"count":0,"href":"https:\/\/www.europesays.com\/de\/wp-json\/wp\/v2\/posts\/637711\/revisions"}],"wp:featuredmedia":[{"embeddable":true,"href":"https:\/\/www.europesays.com\/de\/wp-json\/wp\/v2\/media\/637712"}],"wp:attachment":[{"href":"https:\/\/www.europesays.com\/de\/wp-json\/wp\/v2\/media?parent=637711"}],"wp:term":[{"taxonomy":"category","embeddable":true,"href":"https:\/\/www.europesays.com\/de\/wp-json\/wp\/v2\/categories?post=637711"},{"taxonomy":"post_tag","embeddable":true,"href":"https:\/\/www.europesays.com\/de\/wp-json\/wp\/v2\/tags?post=637711"}],"curies":[{"name":"wp","href":"https:\/\/api.w.org\/{rel}","templated":true}]}}