{"id":637714,"date":"2025-12-10T21:57:27","date_gmt":"2025-12-10T21:57:27","guid":{"rendered":"https:\/\/www.europesays.com\/de\/637714\/"},"modified":"2025-12-10T21:57:27","modified_gmt":"2025-12-10T21:57:27","slug":"messerangriff-im-hauptbahnhof-beteiligte-waren-bei-demo","status":"publish","type":"post","link":"https:\/\/www.europesays.com\/de\/637714\/","title":{"rendered":"Messerangriff im Hauptbahnhof: Beteiligte waren bei Demo"},"content":{"rendered":"<p>Nach der Messerattacke auf einen 21-j\u00e4hrigen Syrer im Hauptbahnhof von Essen ist nun klar, dass die Beteiligten zu einer Gro\u00dfdemo zum Jahrestag des Regimewechsels in Syrien geh\u00f6rten. Das teilte die Polizei am Mittwoch mit. Sie sucht weiter nach dem T\u00e4ter &#8211; und Zeugen. <\/p>\n<p>\u201eIm Rahmen der Ermittlungen stellte die Mordkommission fest, dass es an der Einfahrt zu dem Parkplatz vor der Bahnhofsmission am Sonntag zu einem Streit zwischen mehreren Personen kam\u201c, so die Polizei: \u201eIm Zuge dieser Auseinandersetzung stach der Unbekannte mit der Stichwaffe auf den 21-J\u00e4hrigen ein. Nach derzeitigem Ermittlungsstand handelt es sich bei den Beteiligten um Teilnehmer der zuvor in der Essener Innenstadt stattgefundenen Versammlung.\u201c <\/p>\n<p>          &#13;<br \/>\n              Polizei sucht Fotos und Videos der Tat <\/p>\n<p>Kurz zuvor war in der Innenstadt von Essen eine \u00fcberwiegend friedliche Kundgebung zum Jahrestag des Regimewechsels in Syrien zu Ende gegangen. Statt der erwarteten 2.500 Teilnehmer waren in der Spitze etwa 10.000 Menschen in Essen versammelt, wie die Polizei berichtet hatte. <\/p>\n<p>Der 21-J\u00e4hrige aus Salzwedel (Sachsen-Anhalt) war schwer aber nicht lebensgef\u00e4hrlich verletzt worden. Die Polizei hat ein Hinweisportal im Internet freigeschaltet, \u00fcber das man Videos oder Fotos der Tat hochladen soll. <\/p>\n","protected":false},"excerpt":{"rendered":"Nach der Messerattacke auf einen 21-j\u00e4hrigen Syrer im Hauptbahnhof von Essen ist nun klar, dass die Beteiligten zu&hellip;\n","protected":false},"author":2,"featured_media":637715,"comment_status":"","ping_status":"","sticky":false,"template":"","format":"standard","meta":{"footnotes":""},"categories":[1848],"tags":[3364,507,29,548,663,3934,3658,30,13,177,14,15,1209,12],"class_list":{"0":"post-637714","1":"post","2":"type-post","3":"status-publish","4":"format-standard","5":"has-post-thumbnail","7":"category-gelsenkirchen","8":"tag-de","9":"tag-demonstration","10":"tag-deutschland","11":"tag-eu","12":"tag-europa","13":"tag-europe","14":"tag-gelsenkirchen","15":"tag-germany","16":"tag-headlines","17":"tag-kriminalitt","18":"tag-nachrichten","19":"tag-news","20":"tag-nordrhein-westfalen","21":"tag-schlagzeilen"},"share_on_mastodon":{"url":"https:\/\/pubeurope.com\/@de\/115697512938293897","error":""},"_links":{"self":[{"href":"https:\/\/www.europesays.com\/de\/wp-json\/wp\/v2\/posts\/637714","targetHints":{"allow":["GET"]}}],"collection":[{"href":"https:\/\/www.europesays.com\/de\/wp-json\/wp\/v2\/posts"}],"about":[{"href":"https:\/\/www.europesays.com\/de\/wp-json\/wp\/v2\/types\/post"}],"author":[{"embeddable":true,"href":"https:\/\/www.europesays.com\/de\/wp-json\/wp\/v2\/users\/2"}],"replies":[{"embeddable":true,"href":"https:\/\/www.europesays.com\/de\/wp-json\/wp\/v2\/comments?post=637714"}],"version-history":[{"count":0,"href":"https:\/\/www.europesays.com\/de\/wp-json\/wp\/v2\/posts\/637714\/revisions"}],"wp:featuredmedia":[{"embeddable":true,"href":"https:\/\/www.europesays.com\/de\/wp-json\/wp\/v2\/media\/637715"}],"wp:attachment":[{"href":"https:\/\/www.europesays.com\/de\/wp-json\/wp\/v2\/media?parent=637714"}],"wp:term":[{"taxonomy":"category","embeddable":true,"href":"https:\/\/www.europesays.com\/de\/wp-json\/wp\/v2\/categories?post=637714"},{"taxonomy":"post_tag","embeddable":true,"href":"https:\/\/www.europesays.com\/de\/wp-json\/wp\/v2\/tags?post=637714"}],"curies":[{"name":"wp","href":"https:\/\/api.w.org\/{rel}","templated":true}]}}