{"id":637821,"date":"2025-12-10T23:01:03","date_gmt":"2025-12-10T23:01:03","guid":{"rendered":"https:\/\/www.europesays.com\/de\/637821\/"},"modified":"2025-12-10T23:01:03","modified_gmt":"2025-12-10T23:01:03","slug":"in-berlin-treptow-entsteht-eine-basis-fuer-elektrobusse","status":"publish","type":"post","link":"https:\/\/www.europesays.com\/de\/637821\/","title":{"rendered":"In Berlin-Treptow entsteht eine Basis f\u00fcr Elektrobusse"},"content":{"rendered":"<p class=\"tspCBne tspCBnf\">Erst kam der Countdown, dann der obligatorische Knopfdruck und pl\u00f6tzlich ging die Lichtorgel los. Der Strom floss durch die neuen Ladebr\u00fccken auf dem BVG-Betriebshof an der K\u00f6penicker Landstra\u00dfe 297. Am Mittwoch wurde Richtfest auf dem modernsten E-Busbetriebshof gefeiert.<\/p>\n<p>Bezirke-Newsletter: Treptow-K\u00f6penick<\/p>\n<p><img decoding=\"async\" src=\"https:\/\/www.europesays.com\/de\/wp-content\/uploads\/2025\/04\/icon-treptow-koepenick.png\" alt=\"\" class=\"tspCThn\"\/><\/p>\n<p class=\"tspCTpc\"> Mehr Neuigkeiten zum Bezirk gibt es in unserem Newsletter \u2014 jede Woche per E-Mail. <\/p>\n<p class=\"tspCBne\">700 BVG-Mitarbeiter arbeiten eines Tages auf dem durch die Spree getrennten \u201eBetriebshof Treptow\u201c an der Minna-Todenhagen-Br\u00fccke. Auf der Seite der K\u00f6penicker Landstra\u00dfe entstehen Abstell- und <a href=\"https:\/\/www.tagesspiegel.de\/berlin\/berliner-e-busse-bekommen-ein-depot-die-bvg-baut-batterietechnik-aus-14146766.html?icid=in-text-link_15040043\" class=\"link link--internal\" data-gtm-class=\"article-text-link\" data-gtm-val=\"internal\" target=\"_blank\" rel=\"noopener\">Ladem\u00f6glichkeiten f\u00fcr rund 220 Elektrobusse<\/a>, dazu eine Servicehalle mit Waschanlage, ein Verwaltungsgeb\u00e4ude und Ladebr\u00fccken, an denen die Busse mithilfe von Pantografen den Strom ziehen k\u00f6nnen. Auf der anderen Seite der Spree finden die Werkstatt und weitere 32 Busse Platz. Auf dem neuen Hof kommt ein automatisiertes System f\u00fcr das Abstellen der Busse, die Ladevorg\u00e4nge und die Serviceintervalle zum Einsatz.<\/p>\n<p> Bundesverkehrsminister zu Gast <\/p>\n<p class=\"tspCBne\">Zum Richtfest erschienen Bundesverkehrsminister Patrick Schnieder, der Regierende B\u00fcrgermeister Kai Wegner und Verkehrssenatorin Ute Bonde (alle CDU). Und nat\u00fcrlich BVG-Chef Henrik Falk, der sich stolz auf das Projekt zeigte \u201eDass wir jetzt gleich zwei Betriebsh\u00f6fe bauen, zeigt, wie wichtig es uns ist, die Mobilit\u00e4tswende voranzutreiben.\u201c Er r\u00e4umt ein, dass die BVG etwas gebraucht habe, um in die G\u00e4nge zu kommen. \u201eAber wenn wir 2027 gleich zwei neue Betriebsh\u00f6fe er\u00f6ffnen, zeigt das, wie ernst es uns ist.\u201c<\/p>\n<p><img decoding=\"async\" src=\"https:\/\/www.europesays.com\/de\/wp-content\/uploads\/2025\/12\/img-5488.jpeg\"   alt=\"\" aria-labelledby=\"caption-15040063\" width=\"440\" height=\"330\" loading=\"lazy\" class=\"tspBKk2\"\/> Vertreter von Bundes- und Landespolitik am symbolischen Startknopf. <\/p>\n<p class=\"tspAFga\"> \u00a9 Simone Jacobius <\/p>\n<p class=\"tspCBne\">Das wird auch von der Bundesregierung honoriert, die den Umstieg der BVG auf Elektromobilit\u00e4t mit 160 Millionen Euro f\u00f6rdert \u2013 davon flie\u00dfen 120 Millionen in den Betriebshof. Die Umstellung auf E-Busse und die Schaffung einer neuen Infrastruktur sei eine Mammutaufgabe f\u00fcr Verkehrsunternehmen, sagte der BVG-Chef. \u201eDie BVG beweist seit Jahren, dass der Umstieg funktioniert und sich lohnt.\u201d<\/p>\n<p><img decoding=\"async\" src=\"https:\/\/www.europesays.com\/de\/wp-content\/uploads\/2025\/12\/img-5486.jpeg\"   alt=\"\" aria-labelledby=\"caption-15040122\" width=\"440\" height=\"330\" loading=\"lazy\" class=\"tspBKk2\"\/> Der neuen Betriebshof f\u00fcr E-Busse ist nach seinem Standort benannt. <\/p>\n<p class=\"tspAFga\"> \u00a9 Simone Jacobius <\/p>\n<p class=\"tspCBne\">Der Regierende B\u00fcrgermeister erg\u00e4nzte, dass Berlin in dieser Hinsicht schon weit sei und sich nicht verstecken m\u00fcsse.  \u201eWenn Bund und Land in der Hinsicht Hand in Hand gehen, kann man die Verkehrswende erreichen\u201c, sagte er. Auch Verkehrssenatorin Bonde sieht den neuen Betriebshof als Meilenstein f\u00fcr die Verkehrs- und Umweltpolitik, der \u201ef\u00fcr Berlins Weg in eine klimafreundliche, moderne und gesunde Verkehrszukunft\u201c steht.  <\/p>\n<p><img decoding=\"async\" src=\"https:\/\/www.europesays.com\/de\/wp-content\/uploads\/2025\/12\/richtfest-der-bvg-fur-e-bus-betriebshof-in-treptow.jpeg\"   alt=\"\" aria-labelledby=\"caption-15040117\" width=\"440\" height=\"330\" loading=\"lazy\" class=\"tspBKk2\"\/> Die Ladebr\u00fccken auf dem neuen Betriebshof.  <\/p>\n<p class=\"tspAFga\"> \u00a9 dpa\/Jens Kalaene <\/p>\n<p class=\"tspCBne\">Derzeit rollen bei der BVG 277 Elektrobusse, nach eigenen Angaben ist es eine der gr\u00f6\u00dften Flotten Deutschlands. 2027 soll etwa ein Drittel aller Busse elektrisch fahren, bis Anfang der 2030er Jahre die gesamte Flotte. Damit w\u00e4re die BVG schneller bei der Mobilit\u00e4tswende, als es der Bund vorgibt. Verkehrsminister Schnieder: \u201eWir haben uns f\u00fcr Anfang der 30er Jahre gerade erst 50 Prozent auf die Fahnen geschrieben.\u201c<\/p>\n<p> Mehr zum Thema Berliner Verkehr <a href=\"https:\/\/www.tagesspiegel.de\/berlin\/bis-2035-auf-berlins-strassen-bvg-will-hunderte-autonome-busse-einsetzen-14344583.html?icid=topic-list_15040043___\" data-gtm-class=\"article-mzt-link\" data-hydrate-fingerprint=\"09740a54944caac75fd2c0c63fd5c5df\" data-hydrate-props=\"{&amp;escapedquot;element&amp;escapedquot;:{&amp;escapedquot;type&amp;escapedquot;:&amp;escapedquot;relatedContent&amp;escapedquot;,&amp;escapedquot;fieldMap&amp;escapedquot;:{},&amp;escapedquot;relation&amp;escapedquot;:{&amp;escapedquot;fields&amp;escapedquot;:{&amp;escapedquot;isPaid&amp;escapedquot;:true},&amp;escapedquot;href&amp;escapedquot;:&amp;escapedquot;\/berlin\/bis-2035-auf-berlins-strassen-bvg-will-hunderte-autonome-busse-einsetzen-14344583.html&amp;escapedquot;,&amp;escapedquot;teaserTitle&amp;escapedquot;:{&amp;escapedquot;kicker&amp;escapedquot;:&amp;escapedquot;Bis 2035 auf Berlins Stra\u00dfen&amp;escapedquot;,&amp;escapedquot;headline&amp;escapedquot;:&amp;escapedquot;BVG will Hunderte autonome Busse einsetzen&amp;escapedquot;},&amp;escapedquot;id&amp;escapedquot;:&amp;escapedquot;14344583&amp;escapedquot;,&amp;escapedquot;type&amp;escapedquot;:&amp;escapedquot;story&amp;escapedquot;},&amp;escapedquot;isPartOfList&amp;escapedquot;:true,&amp;escapedquot;topicListType&amp;escapedquot;:&amp;escapedquot;topic-list&amp;escapedquot;},&amp;escapedquot;showArrow&amp;escapedquot;:true}\" data-hydrate-slots=\"{&#039;default&#039;:[]}\" class=\"tspCWpl\" target=\"_blank\" rel=\"noopener\">Bis 2035 auf Berlins Stra\u00dfen BVG will Hunderte autonome Busse einsetzen <\/a><a href=\"https:\/\/www.tagesspiegel.de\/berlin\/kritik-von-kai-wegner-an-billigen-vignetten-beim-anwohnerparken-herrscht-schwarz-rotes-chaos-14799875.html?icid=topic-list_15040043___\" data-gtm-class=\"article-mzt-link\" data-hydrate-fingerprint=\"09740a54944caac75fd2c0c63fd5c5df\" data-hydrate-props=\"{&amp;escapedquot;element&amp;escapedquot;:{&amp;escapedquot;type&amp;escapedquot;:&amp;escapedquot;relatedContent&amp;escapedquot;,&amp;escapedquot;fieldMap&amp;escapedquot;:{},&amp;escapedquot;relation&amp;escapedquot;:{&amp;escapedquot;fields&amp;escapedquot;:{&amp;escapedquot;isPaid&amp;escapedquot;:false},&amp;escapedquot;href&amp;escapedquot;:&amp;escapedquot;\/berlin\/kritik-von-kai-wegner-an-billigen-vignetten-beim-anwohnerparken-herrscht-schwarz-rotes-chaos-14799875.html&amp;escapedquot;,&amp;escapedquot;teaserTitle&amp;escapedquot;:{&amp;escapedquot;kicker&amp;escapedquot;:&amp;escapedquot;Kritik von Kai Wegner an billigen Vignetten&amp;escapedquot;,&amp;escapedquot;headline&amp;escapedquot;:&amp;escapedquot;Beim Anwohnerparken herrscht schwarz-rotes Chaos&amp;escapedquot;},&amp;escapedquot;id&amp;escapedquot;:&amp;escapedquot;14799875&amp;escapedquot;,&amp;escapedquot;type&amp;escapedquot;:&amp;escapedquot;story&amp;escapedquot;},&amp;escapedquot;isPartOfList&amp;escapedquot;:true,&amp;escapedquot;topicListType&amp;escapedquot;:&amp;escapedquot;topic-list&amp;escapedquot;},&amp;escapedquot;showArrow&amp;escapedquot;:true}\" data-hydrate-slots=\"{&#039;default&#039;:[]}\" class=\"tspCWpl\" target=\"_blank\" rel=\"noopener\">Kritik von Kai Wegner an billigen Vignetten Beim Anwohnerparken herrscht schwarz-rotes Chaos <\/a><a href=\"https:\/\/www.tagesspiegel.de\/neue-strecke-dichter-takt-mehr-tempo-bei-der-bahn-in-berlin-andert-sich-nicht-nur-der-fahrplan-15006579.html?icid=topic-list_15040043___\" data-gtm-class=\"article-mzt-link\" data-hydrate-fingerprint=\"09740a54944caac75fd2c0c63fd5c5df\" data-hydrate-props=\"{&amp;escapedquot;element&amp;escapedquot;:{&amp;escapedquot;type&amp;escapedquot;:&amp;escapedquot;relatedContent&amp;escapedquot;,&amp;escapedquot;fieldMap&amp;escapedquot;:{},&amp;escapedquot;relation&amp;escapedquot;:{&amp;escapedquot;fields&amp;escapedquot;:{&amp;escapedquot;isPaid&amp;escapedquot;:null},&amp;escapedquot;href&amp;escapedquot;:&amp;escapedquot;\/neue-strecke-dichter-takt-mehr-tempo-bei-der-bahn-in-berlin-andert-sich-nicht-nur-der-fahrplan-15006579.html&amp;escapedquot;,&amp;escapedquot;teaserTitle&amp;escapedquot;:{&amp;escapedquot;kicker&amp;escapedquot;:&amp;escapedquot;Neue Strecke, dichter Takt, mehr Tempo &amp;escapedquot;,&amp;escapedquot;headline&amp;escapedquot;:&amp;escapedquot;Bei der Bahn in Berlin \u00e4ndert sich nicht nur der Fahrplan&amp;escapedquot;},&amp;escapedquot;id&amp;escapedquot;:&amp;escapedquot;15006579&amp;escapedquot;,&amp;escapedquot;type&amp;escapedquot;:&amp;escapedquot;story&amp;escapedquot;},&amp;escapedquot;isPartOfList&amp;escapedquot;:true,&amp;escapedquot;topicListType&amp;escapedquot;:&amp;escapedquot;topic-list&amp;escapedquot;},&amp;escapedquot;showArrow&amp;escapedquot;:true}\" data-hydrate-slots=\"{&#039;default&#039;:[]}\" class=\"tspCWpl\" target=\"_blank\" rel=\"noopener\">Neue Strecke, dichter Takt, mehr Tempo  Bei der Bahn in Berlin \u00e4ndert sich nicht nur der Fahrplan <\/a><\/p>\n<p class=\"tspCBne\">Parallel zur Errichtung der neuen Betriebsh\u00f6fe treibt die BVG auch den Ausbau der Ladeinfrastruktur im ganzen Stadtgebiet voran. Dazu geh\u00f6ren beispielsweise Lades\u00e4ulen an 20 Endhaltestellen.&#13;<\/p>\n","protected":false},"excerpt":{"rendered":"Erst kam der Countdown, dann der obligatorische Knopfdruck und pl\u00f6tzlich ging die Lichtorgel los. Der Strom floss durch&hellip;\n","protected":false},"author":2,"featured_media":637822,"comment_status":"","ping_status":"","sticky":false,"template":"","format":"standard","meta":{"footnotes":""},"categories":[1825],"tags":[296,5006,29,30,5917],"class_list":{"0":"post-637821","1":"post","2":"type-post","3":"status-publish","4":"format-standard","5":"has-post-thumbnail","7":"category-berlin","8":"tag-berlin","9":"tag-bezirke","10":"tag-deutschland","11":"tag-germany","12":"tag-treptow-koepenick"},"share_on_mastodon":{"url":"","error":""},"_links":{"self":[{"href":"https:\/\/www.europesays.com\/de\/wp-json\/wp\/v2\/posts\/637821","targetHints":{"allow":["GET"]}}],"collection":[{"href":"https:\/\/www.europesays.com\/de\/wp-json\/wp\/v2\/posts"}],"about":[{"href":"https:\/\/www.europesays.com\/de\/wp-json\/wp\/v2\/types\/post"}],"author":[{"embeddable":true,"href":"https:\/\/www.europesays.com\/de\/wp-json\/wp\/v2\/users\/2"}],"replies":[{"embeddable":true,"href":"https:\/\/www.europesays.com\/de\/wp-json\/wp\/v2\/comments?post=637821"}],"version-history":[{"count":0,"href":"https:\/\/www.europesays.com\/de\/wp-json\/wp\/v2\/posts\/637821\/revisions"}],"wp:featuredmedia":[{"embeddable":true,"href":"https:\/\/www.europesays.com\/de\/wp-json\/wp\/v2\/media\/637822"}],"wp:attachment":[{"href":"https:\/\/www.europesays.com\/de\/wp-json\/wp\/v2\/media?parent=637821"}],"wp:term":[{"taxonomy":"category","embeddable":true,"href":"https:\/\/www.europesays.com\/de\/wp-json\/wp\/v2\/categories?post=637821"},{"taxonomy":"post_tag","embeddable":true,"href":"https:\/\/www.europesays.com\/de\/wp-json\/wp\/v2\/tags?post=637821"}],"curies":[{"name":"wp","href":"https:\/\/api.w.org\/{rel}","templated":true}]}}