{"id":637836,"date":"2025-12-10T23:11:22","date_gmt":"2025-12-10T23:11:22","guid":{"rendered":"https:\/\/www.europesays.com\/de\/637836\/"},"modified":"2025-12-10T23:11:22","modified_gmt":"2025-12-10T23:11:22","slug":"mit-diesem-kleid-kronprinzessin-victoria-von-schweden-bricht-royale-etikette-bei-nobelpreisverleihung","status":"publish","type":"post","link":"https:\/\/www.europesays.com\/de\/637836\/","title":{"rendered":"Mit diesem Kleid! Kronprinzessin Victoria von Schweden bricht royale Etikette bei Nobelpreisverleihung"},"content":{"rendered":"<p>Hingucker bei NobelpreisverleihungMit diesem Kleid! Kronprinzessin Victoria bricht royale Etikette<img alt=\"Modischer Regelbruch mit Herz: Kronprinzessin Victoria \u00fcberraschte bei der Nobelpreisverleihung mit einem Kleid, das eigentlich die strenge royale Etikette bricht.\" fetchpriority=\"high\" width=\"940\" height=\"529\" decoding=\"async\" data-nimg=\"1\" class=\"Image-module-scss-module__ad4lTq__image Picture-module-scss-module__qzG4NW__image\" style=\"color:transparent\"   src=\"https:\/\/www.europesays.com\/de\/wp-content\/uploads\/2025\/12\/epi_1006721631_actionpress-foto-online_action-207921502jpg_die-schwedischen-roy.webp.webp\"\/><\/p>\n<p>Kronprinzessin Victoria tr\u00e4gt das Kleid bei der Nobelpreisverleihung.<\/p>\n<p>action press<\/p>\n<p>10. Dezember 2025 um 20:40 Uhr<\/p>\n<p class=\"AnnotatedMarkup-module-scss-module__KC7sFW__paragraph\"><strong>Alle schauen auf sie!<\/strong><br \/>Kronprinzessin Victoria \u00fcberraschte bei der Nobelpreisverleihung mit einem Kleid, das die eigentlich strenge royale Etikette bricht. Mit ihrem Auftritt verfolgt die 48-J\u00e4hrige jedoch einen klaren Plan.<\/p>\n<p>Kronprinzessin Victoria: eine modische Hommage an ihre Mutter<\/p>\n<p class=\"AnnotatedMarkup-module-scss-module__KC7sFW__paragraph\">Bei der feierlichen Verleihung am Mittwochabend in Stockholm stand neben den Preistr\u00e4gern aus Wissenschaft und Literatur vor allem die schwedische Thronfolgerin im Fokus. Sie nutzte den prestigetr\u00e4chtigen Anlass im Stockholmer Konzerthaus f\u00fcr eine modische Hommage.<\/p>\n<p class=\"AnnotatedMarkup-module-scss-module__KC7sFW__paragraph\"><strong>Lese-Tipp: <\/strong><a href=\"https:\/\/www.rtl.de\/unterhaltung\/stars\/charlenes-und-alberts-zwillinge-gabriella-und-jacques-sind-kaum-wiederzuerkennen-id30126212.html\" target=\"_self\" rel=\"nofollow noopener\">Charl\u00e8nes und Alberts Zwillinge sind kaum wiederzuerkennen<\/a><\/p>\n<p class=\"AnnotatedMarkup-module-scss-module__KC7sFW__paragraph\">W\u00e4hrend die royale Kleiderordnung traditionell dezente Schnitte und bedeckte Schultern vorsieht, erschien die Kronprinzessin in einer auff\u00e4lligen, asymmetrischen Robe, die den Blick auf ihre Schulterpartie freigab. Das Tragen der Sch\u00e4rpe des Seraphinenordens auf der blo\u00dfen Haut galt lange als Versto\u00df gegen das Protokoll, wird jedoch in den europ\u00e4ischen K\u00f6nigsh\u00e4usern zunehmend liberaler gehandhabt.<\/p>\n<p><img alt=\"Die faszinierende Welt der Royals auf RTL+\" fetchpriority=\"auto\" loading=\"lazy\" width=\"615\" height=\"346\" decoding=\"async\" data-nimg=\"1\" class=\"Image-module-scss-module__ad4lTq__image RtlPlusContent-module-scss-module__HqmqMa__image\" style=\"color:transparent\"   src=\"https:\/\/www.europesays.com\/de\/wp-content\/uploads\/2025\/11\/themenwelt-royals-auf-rtlplus.webp.webp\"\/><\/p>\n<p class=\"AnnotatedMarkup-module-scss-module__KC7sFW__paragraph\"><strong>Die Wahl des Kleides war dabei kein Zufall, sondern eine direkte Referenz an ihre Mutter: <\/strong>Die Robe stammt aus dem Bestand von K\u00f6nigin Silvia (81). Laut Vogue Scandinavia trug Silvia das Design des Modesch\u00f6pfers Jacques Zehnder bereits vor 31 Jahren \u2013 beim Nobel-Bankett im Jahr 1994.<\/p>\n<p>Video-Tipp: Prinzessin Kate is back \u2013 und strahlt bei ihrer Weihnachtsfeier<\/p>\n<p>03:34 min<\/p>\n<p>Royale Weihnachten<\/p>\n<p>Prinzessin Kate is back \u2013 und strahlt bei ihrer Weihnachtsfeier<\/p>\n<p>Anzeige:<\/p>\n<p>Empfehlungen unserer Partner<\/p>\n<p>Nobelpreisverleihung ist fester Termin f\u00fcr die Royals<\/p>\n<p class=\"AnnotatedMarkup-module-scss-module__KC7sFW__paragraph\">Die Verleihung fand traditionell am 10. Dezember, dem Todestag des Preisstifters Alfred Nobel, statt. K\u00f6nig Carl XVI. Gustaf (79) \u00fcberreichte die Auszeichnungen in den Kategorien Physik, Chemie, Physiologie und Medizin sowie Literatur. Die gesamte schwedische K\u00f6nigsfamilie wohnte dem Festakt bei, der als einer der wichtigsten Termine im Kalender des Hofes gilt. (nlu\/spoton)<\/p>\n<p class=\"AnnotatedMarkup-module-scss-module__KC7sFW__paragraph\">Verwendete Quellen: Spoton News<\/p>\n","protected":false},"excerpt":{"rendered":"Hingucker bei NobelpreisverleihungMit diesem Kleid! Kronprinzessin Victoria bricht royale Etikette Kronprinzessin Victoria tr\u00e4gt das Kleid bei der Nobelpreisverleihung.&hellip;\n","protected":false},"author":2,"featured_media":637837,"comment_status":"","ping_status":"","sticky":false,"template":"","format":"standard","meta":{"footnotes":"","_share_on_mastodon":"0"},"categories":[155],"tags":[29,34937,214,30,11110,565,150358,57443,150359,150357,5276,34935,34933,34934,34936,8206,1319,4409,215],"class_list":["post-637836","post","type-post","status-publish","format-standard","has-post-thumbnail","category-unterhaltung","tag-deutschland","tag-ems_unterhaltung_royals","tag-entertainment","tag-germany","tag-kleider","tag-koenigshaeuser","tag-kronprinzessin-victoria-von-schweden","tag-nobelpreis","tag-prinzessin-victoria","tag-prinzessin-victoria-von-schweden","tag-promi-news","tag-royal-baby","tag-royal-news","tag-royal-wedding","tag-royale-hochzeit","tag-royals","tag-schweden","tag-stockholm","tag-unterhaltung"],"share_on_mastodon":{"url":"https:\/\/pubeurope.com\/@de\/115697804156283327","error":""},"_links":{"self":[{"href":"https:\/\/www.europesays.com\/de\/wp-json\/wp\/v2\/posts\/637836","targetHints":{"allow":["GET"]}}],"collection":[{"href":"https:\/\/www.europesays.com\/de\/wp-json\/wp\/v2\/posts"}],"about":[{"href":"https:\/\/www.europesays.com\/de\/wp-json\/wp\/v2\/types\/post"}],"author":[{"embeddable":true,"href":"https:\/\/www.europesays.com\/de\/wp-json\/wp\/v2\/users\/2"}],"replies":[{"embeddable":true,"href":"https:\/\/www.europesays.com\/de\/wp-json\/wp\/v2\/comments?post=637836"}],"version-history":[{"count":0,"href":"https:\/\/www.europesays.com\/de\/wp-json\/wp\/v2\/posts\/637836\/revisions"}],"wp:featuredmedia":[{"embeddable":true,"href":"https:\/\/www.europesays.com\/de\/wp-json\/wp\/v2\/media\/637837"}],"wp:attachment":[{"href":"https:\/\/www.europesays.com\/de\/wp-json\/wp\/v2\/media?parent=637836"}],"wp:term":[{"taxonomy":"category","embeddable":true,"href":"https:\/\/www.europesays.com\/de\/wp-json\/wp\/v2\/categories?post=637836"},{"taxonomy":"post_tag","embeddable":true,"href":"https:\/\/www.europesays.com\/de\/wp-json\/wp\/v2\/tags?post=637836"}],"curies":[{"name":"wp","href":"https:\/\/api.w.org\/{rel}","templated":true}]}}