{"id":637903,"date":"2025-12-10T23:53:23","date_gmt":"2025-12-10T23:53:23","guid":{"rendered":"https:\/\/www.europesays.com\/de\/637903\/"},"modified":"2025-12-10T23:53:23","modified_gmt":"2025-12-10T23:53:23","slug":"auerberger-ortsausschuss-fuerchtet-um-quartiersmanagement","status":"publish","type":"post","link":"https:\/\/www.europesays.com\/de\/637903\/","title":{"rendered":"Auerberger Ortsausschuss f\u00fcrchtet um Quartiersmanagement"},"content":{"rendered":"<p class=\"text_ohne_einzug richtext text-em-55 !leading-serif mx-6 desktop:mx-0\"> Der Auerberger Ortsausschuss f\u00fcrchtet um den Fortbestand des \u00f6rtlichen Quartiersmanagements. Anlass ist eine Dringlichkeitsvorlage, die auf der Tagesordnung des Stadtrats am Donnerstag, 11. Dezember, steht. Die Verwaltung schl\u00e4gt zwar vor, den bisherigen Tr\u00e4ger, das B\u00fcro f\u00fcr Architektur und Stadtentwicklung (kurz: Basta), weiterhin mit dem Betrieb zu beauftragen, allerdings nur \u201ef\u00fcr eine \u00dcbergangszeit bis zum 31.03.2026\u201c, wie es in der Drucksache hei\u00dft.<\/p>\n","protected":false},"excerpt":{"rendered":"Der Auerberger Ortsausschuss f\u00fcrchtet um den Fortbestand des \u00f6rtlichen Quartiersmanagements. Anlass ist eine Dringlichkeitsvorlage, die auf der Tagesordnung&hellip;\n","protected":false},"author":2,"featured_media":637904,"comment_status":"","ping_status":"","sticky":false,"template":"","format":"standard","meta":{"footnotes":""},"categories":[1842],"tags":[1741,3364,29,30,1209],"class_list":{"0":"post-637903","1":"post","2":"type-post","3":"status-publish","4":"format-standard","5":"has-post-thumbnail","7":"category-bonn","8":"tag-bonn","9":"tag-de","10":"tag-deutschland","11":"tag-germany","12":"tag-nordrhein-westfalen"},"share_on_mastodon":{"url":"https:\/\/pubeurope.com\/@de\/115697969111328945","error":""},"_links":{"self":[{"href":"https:\/\/www.europesays.com\/de\/wp-json\/wp\/v2\/posts\/637903","targetHints":{"allow":["GET"]}}],"collection":[{"href":"https:\/\/www.europesays.com\/de\/wp-json\/wp\/v2\/posts"}],"about":[{"href":"https:\/\/www.europesays.com\/de\/wp-json\/wp\/v2\/types\/post"}],"author":[{"embeddable":true,"href":"https:\/\/www.europesays.com\/de\/wp-json\/wp\/v2\/users\/2"}],"replies":[{"embeddable":true,"href":"https:\/\/www.europesays.com\/de\/wp-json\/wp\/v2\/comments?post=637903"}],"version-history":[{"count":0,"href":"https:\/\/www.europesays.com\/de\/wp-json\/wp\/v2\/posts\/637903\/revisions"}],"wp:featuredmedia":[{"embeddable":true,"href":"https:\/\/www.europesays.com\/de\/wp-json\/wp\/v2\/media\/637904"}],"wp:attachment":[{"href":"https:\/\/www.europesays.com\/de\/wp-json\/wp\/v2\/media?parent=637903"}],"wp:term":[{"taxonomy":"category","embeddable":true,"href":"https:\/\/www.europesays.com\/de\/wp-json\/wp\/v2\/categories?post=637903"},{"taxonomy":"post_tag","embeddable":true,"href":"https:\/\/www.europesays.com\/de\/wp-json\/wp\/v2\/tags?post=637903"}],"curies":[{"name":"wp","href":"https:\/\/api.w.org\/{rel}","templated":true}]}}