{"id":637937,"date":"2025-12-11T00:14:23","date_gmt":"2025-12-11T00:14:23","guid":{"rendered":"https:\/\/www.europesays.com\/de\/637937\/"},"modified":"2025-12-11T00:14:23","modified_gmt":"2025-12-11T00:14:23","slug":"abb-senf-hat-probleme-in-der-produktion","status":"publish","type":"post","link":"https:\/\/www.europesays.com\/de\/637937\/","title":{"rendered":"ABB-Senf hat Probleme in der Produktion"},"content":{"rendered":"<p class=\"text_ohne_einzug richtext text-em-55 !leading-serif mx-6 desktop:mx-0\"> Ausgerechnet jene Ware, die in den vergangenen 299 Jahren in D\u00fcsseldorf produziert wurde, ist derzeit schwer zu bekommen in der Landeshauptstadt. Schon seit zwei Wochen gibt es im Senfladen an der Berger Stra\u00dfe den Bestseller nicht mehr: ABB-Mostert vom Fass ist aus. An einem Marktstand am Carlsplatz gibt es die Abf\u00fcllung noch, 100 Milliliter f\u00fcr einen Euro, g\u00fcnstiger geht nicht. Aber wegen Schwierigkeiten in der Produktion, so die Verk\u00e4uferin, \u201ekann ich ab morgen f\u00fcr nix garantieren\u201c. Und beim gro\u00dfen D\u00fcsseldorfer Edeka-Supermarkt Paschmann ist die Kultmarke bis auf Weiteres nicht lieferbar.<\/p>\n","protected":false},"excerpt":{"rendered":"Ausgerechnet jene Ware, die in den vergangenen 299 Jahren in D\u00fcsseldorf produziert wurde, ist derzeit schwer zu bekommen&hellip;\n","protected":false},"author":2,"featured_media":637938,"comment_status":"","ping_status":"","sticky":false,"template":"","format":"standard","meta":{"footnotes":""},"categories":[1831],"tags":[3807,42694,3364,29,3405,30,1209,842],"class_list":{"0":"post-637937","1":"post","2":"type-post","3":"status-publish","4":"format-standard","5":"has-post-thumbnail","7":"category-duesseldorf","8":"tag-moers","9":"tag-ausverkauft","10":"tag-de","11":"tag-deutschland","12":"tag-duesseldorf","13":"tag-germany","14":"tag-nordrhein-westfalen","15":"tag-produktion"},"share_on_mastodon":{"url":"https:\/\/pubeurope.com\/@de\/115698051546371808","error":""},"_links":{"self":[{"href":"https:\/\/www.europesays.com\/de\/wp-json\/wp\/v2\/posts\/637937","targetHints":{"allow":["GET"]}}],"collection":[{"href":"https:\/\/www.europesays.com\/de\/wp-json\/wp\/v2\/posts"}],"about":[{"href":"https:\/\/www.europesays.com\/de\/wp-json\/wp\/v2\/types\/post"}],"author":[{"embeddable":true,"href":"https:\/\/www.europesays.com\/de\/wp-json\/wp\/v2\/users\/2"}],"replies":[{"embeddable":true,"href":"https:\/\/www.europesays.com\/de\/wp-json\/wp\/v2\/comments?post=637937"}],"version-history":[{"count":0,"href":"https:\/\/www.europesays.com\/de\/wp-json\/wp\/v2\/posts\/637937\/revisions"}],"wp:featuredmedia":[{"embeddable":true,"href":"https:\/\/www.europesays.com\/de\/wp-json\/wp\/v2\/media\/637938"}],"wp:attachment":[{"href":"https:\/\/www.europesays.com\/de\/wp-json\/wp\/v2\/media?parent=637937"}],"wp:term":[{"taxonomy":"category","embeddable":true,"href":"https:\/\/www.europesays.com\/de\/wp-json\/wp\/v2\/categories?post=637937"},{"taxonomy":"post_tag","embeddable":true,"href":"https:\/\/www.europesays.com\/de\/wp-json\/wp\/v2\/tags?post=637937"}],"curies":[{"name":"wp","href":"https:\/\/api.w.org\/{rel}","templated":true}]}}