{"id":637976,"date":"2025-12-11T00:42:21","date_gmt":"2025-12-11T00:42:21","guid":{"rendered":"https:\/\/www.europesays.com\/de\/637976\/"},"modified":"2025-12-11T00:42:21","modified_gmt":"2025-12-11T00:42:21","slug":"ndr-talk-show-die-gaeste-am-12-dezember","status":"publish","type":"post","link":"https:\/\/www.europesays.com\/de\/637976\/","title":{"rendered":"NDR Talk Show: Die G\u00e4ste am 12. Dezember"},"content":{"rendered":"<p>\n        mit Barbara Sch\u00f6neberger und Hubertus Meyer-Burckhardt\n    <\/p>\n<p itemscope=\"\" itemtype=\"http:\/\/schema.org\/BroadcastEvent\">\n<p>                    Freitag, 12. Dezember 2025, 22:00<br \/>\n                        bis<br \/>\n                    00:05 Uhr<\/p>\n<p>\n                            Samstag, 13. Dezember 2025, 01:20<br \/>\n                            bis<br \/>\n                        03:45 Uhr<br \/>\n                        <br \/>\n                            Montag, 15. Dezember 2025, 02:40<br \/>\n                            bis<br \/>\n                        04:45 Uhr<br \/>\n                        <\/p>\n<p class=\"\">Barbara Sch\u00f6neberger und Hubertus Meyer-Burckhardt begr\u00fc\u00dfen in der NDR Talk Show aus Hamburg folgende G\u00e4ste:<\/p>\n<p>    Claudia Michelsen, Schauspielerin<\/p>\n<p>                    <a href=\"https:\/\/www.europesays.com\/de\/wp-content\/uploads\/2025\/12\/michelsen-100.webp\" class=\"zoomimage\" title=\"Bild vergr\u00f6\u00dfern\"><\/p>\n<p>        <img decoding=\"async\" src=\"https:\/\/www.europesays.com\/de\/wp-content\/uploads\/2025\/12\/michelsen-100.webp\" alt=\"Die Schauspielerin Claudia Michelsen im Portr\u00e4t.\" title=\"Claudia Michelsen ist auch in der vierten Staffel der &quot;Ku'damm&quot;-Reihe zu sehen, die zuerst in den 50er- und 60er-Jahen spielte und nun im Jahr 1977 fortgesetzt wird. | Mathias Bothor\" class=\"responsive\" loading=\"lazy\"\/><\/p>\n<p>                    <\/a><\/p>\n<p>                    Claudia Michelsen ist auch in der vierten Staffel der &#8222;Ku&#8217;damm&#8220;-Reihe zu sehen, die zuerst in den 50er- und 60er-Jahen spielte und nun im Jahr 1977 fortgesetzt wird.<\/p>\n<p class=\"\">Ob Theater, Familiendramen oder Krimi: Claudia Michelsen ist eine der gefragtesten deutschen Schauspielerinnen.\u00a0Als impulsive Kommissarin Doreen Brasch im Magdeburger &#8222;Polizeiruf 110&#8220; stolpert sie genauso beherzt \u00fcber Grenzen wie \u00fcber Paragraphen &#8211; Hauptsache, die Wahrheit kommt ans Licht. Die Karriere der geb\u00fcrtigen Dresdnerin beginnt auf der B\u00fchne der Berliner Volksb\u00fchne, sp\u00e4ter gewinnt sie die Goldene Kamera und den Grimme-Preis f\u00fcr &#8222;Der Turm&#8220; und lebt f\u00fcr mehrere Jahre in den USA. In der &#8222;Ku&#8217;damm&#8220;-Reihe des ZDF verk\u00f6rpert sie Caterina Sch\u00f6llack, eine Tanzschul-Chefin, die mit perfekter Frisur und strenger Miene ganze Generationen von T\u00f6chtern in Form bringen will. \u00dcber ihre eigene Kindheit in der DDR spricht die zweifache Mutter in der NDR Talk Show.<\/p>\n<p>    Isi Gl\u00fcck, Partyschlager-S\u00e4ngerin<\/p>\n<p>        <img decoding=\"async\" src=\"https:\/\/www.europesays.com\/de\/wp-content\/uploads\/2025\/12\/isiglueck-100.webp\" alt=\"Isi Gl\u00fcck bei einem Interview auf Mallorca.\" title=\"Isi Gl\u00fcck bei einem Interview auf Mallorca. | NDR\/Leon Schmidt\" class=\"responsive\" loading=\"lazy\"\/><\/p>\n<p>Dass sie eines Tages erfolgreich sein w\u00fcrde, daran glaubte Isi Gl\u00fcck schon fr\u00fch. Als Kind wollte Isi nur eines werden: &#8222;prominent&#8220;.<\/p>\n<p class=\"\">Mit Partyschlagern reich werden &#8211; davon tr\u00e4umen viele K\u00fcnstlerinnen und K\u00fcnstler. Doch erfolgreich sind damit nur die wenigsten. Isi Gl\u00fcck hat es geschafft &#8211; die 34-j\u00e4hrige geb\u00fcrtige Elmshornerin ist aktuell die K\u00f6nigin vom Ballermann. Dass sie eines Tages erfolgreich sein w\u00fcrde, daran glaubt sie schon fr\u00fch. Als Kind will sie nur eines werden: prominent. Einen konkreten Plan, wie das klappen soll, hat sie nicht. Nach dem Schulabschluss folgt zun\u00e4chst der klassische Weg: Isi macht eine Ausbildung zur Sport- und Fitnesskauffrau, sattelt sp\u00e4ter um zur Versicherungskauffrau und arbeitet zeitweise als Fernsehredakteurin. 2012 wird sie mit 21 Jahren zur &#8222;Miss Germany&#8220; gew\u00e4hlt und erobert sich auf Mallorca die B\u00fchne im &#8222;Megapark&#8220;, dem bekanntesten Club am Ballermann. Der Einstieg in die m\u00e4nnerdominierte Szene ist hart: Nicht jeder freut sich \u00fcber eine neue Frau am Ballermann-Himmel und der Druck, sich zu behaupten, ist enorm. Trotz aller Widerst\u00e4nde bleibt Isi Gl\u00fcck dran und wird belohnt. Ihr musikalischer Durchbruch kommt 2023 mit dem Sommerhit &#8222;Delfin&#8220;. Das Deb\u00fctalbum steigt auf Platz 1 der offiziellen deutschen Albumcharts ein &#8211; als erste Partyschlager-K\u00fcnstlerin \u00fcberhaupt. Wie sich Isi Gl\u00fcck behauptet hat auf ihrem Weg an die Spitze, erz\u00e4hlt sie in der ARD Doku &#8222;Money Maker&#8220; und in der NDR Talk Show.<\/p>\n<p>                    <a href=\"https:\/\/www.europesays.com\/de\/wp-content\/uploads\/2025\/12\/cosar100.webp\" class=\"zoomimage\" title=\"Bild vergr\u00f6\u00dfern\"><\/p>\n<p>        <img decoding=\"async\" src=\"https:\/\/www.europesays.com\/de\/wp-content\/uploads\/2025\/12\/cosar100.webp\" alt=\"Der Comedian \u00d6zcan Cosar ist zu Gast in der NDR Talk Show am 19. Januar 2024.\" title=\"\u00d6zcan Cosar ist mit seiner Comedy-Show &quot;VIP&quot; ab Januar bundesweit auf Tour. | NDR Fernsehen\/ Uwe Ernst, NDR Fernsehen\/ Uwe Ernst\" class=\"responsive\" loading=\"lazy\"\/><\/p>\n<p>                    <\/a><\/p>\n<p>                    \u00d6zcan Cosar ist mit seiner Comedy-Show &#8222;VIP&#8220; ab Januar bundesweit auf Tour.<\/p>\n<p class=\"\">Die Karriere von Comedian \u00d6zcan Cosar verl\u00e4uft alles andere als geradlinig. Urspr\u00fcnglich Zahnarzthelfer macht er danach eine Sportlehrerausbildung, betreibt 17 Jahre lang als Hobby Breakdance und erlangt 2000 als Breakdancer den deutschen Meistertitel. Doch bald merkt er: Er ist berufen f\u00fcrs Entertainment. Was als Stand-up-Auftritt in einer Stuttgarter Szenebar beginnt, nimmt schnell Fahrt auf: Erfolgreiche Soloprogramme und Podcasts erfreuen seine immer gr\u00f6\u00dfer werdende Fangemeinde. Ab Januar ist der 44-J\u00e4hrige mit seinem neuen Soloprogramm &#8222;VIP&#8220; unterwegs. In der NDR Talk Show verr\u00e4t er, was &#8222;VIP&#8220; wirklich bedeutet und wer f\u00fcr ihn die wahren Stars des Alltags sind.<\/p>\n<p>    Prof. Helmut Seitz, Alkoholforscher<\/p>\n<p>                    <a href=\"https:\/\/www.europesays.com\/de\/wp-content\/uploads\/2025\/12\/seitz-138.webp\" class=\"zoomimage\" title=\"Bild vergr\u00f6\u00dfern\"><\/p>\n<p>        <img decoding=\"async\" src=\"https:\/\/www.europesays.com\/de\/wp-content\/uploads\/2025\/12\/seitz-138.webp\" alt=\"Der Facharzt f\u00fcr Innere Medizin und Gastroenterologie Prof. Helmut K. Seitz im Portr\u00e4t.\" title=\"Prof. Helmut Seitz ist Facharzt f\u00fcr Innere Medizin und Gastroenterologie und gilt als einer der renommiertesten Spezialisten auf dem Gebiet der Alkoholforschung. | Ethianum Heidelberg\" class=\"responsive\" loading=\"lazy\"\/><\/p>\n<p>                    <\/a><\/p>\n<p>                    Prof. Helmut Seitz ist Facharzt f\u00fcr Innere Medizin und Gastroenterologie und gilt als einer der renommiertesten Spezialisten auf dem Gebiet der Alkoholforschung.<\/p>\n<p class=\"\">Er gilt als einer der renommiertesten Alkoholforscher und Gastroenterologen der Welt und ist f\u00fcr seine Arbeiten international ausgezeichnet worden: Prof. Dr. med. Helmut Seitz besch\u00e4ftigt sich seit mehr als 50 Jahren mit Alkohol und ist von der Thematik als Chemiker und Mediziner weiterhin fasziniert: &#8222;Es gibt kein Molek\u00fcl, das so viel Schaden anrichtet wie Alkohol&#8220;. Unter anderem hat er in New York und Heidelberg untersucht, welche Krankheiten durch Alkohol verursacht werden und hat als Erster den Zusammenhang von Alkohol und Krebs erforscht. Seit fast 30 Jahren ist er zudem Mitglied des wissenschaftlichen Kuratoriums der Deutschen Hauptstelle f\u00fcr Suchtfragen und kl\u00e4rt auf, was Menschen tun k\u00f6nnen, die alkohols\u00fcchtig sind. In der NDR Talk Show wird Prof. Seitz vom seiner Meinung nach richtigen Umgang mit Alkohol erz\u00e4hlen, erkl\u00e4ren, wie viel ein sogenannter &#8222;Dry January&#8220; wirklich bringt und einordnen, welche Mythen rund um Alkohol schon lange \u00fcberholt sind.<\/p>\n<p>    Sebastian Str\u00f6bel, Schauspieler<\/p>\n<p>                    <a href=\"https:\/\/www.europesays.com\/de\/wp-content\/uploads\/2025\/12\/stroebel114.webp\" class=\"zoomimage\" title=\"Bild vergr\u00f6\u00dfern\"><\/p>\n<p>        <img decoding=\"async\" src=\"https:\/\/www.europesays.com\/de\/wp-content\/uploads\/2025\/12\/stroebel114.webp\" alt=\"Der Schauspieler Sebastian Str\u00f6bel ist zu Gast in der NDR Talk Show am 22. November 2024.\" title=\"Sebastian Str\u00f6bel ist f\u00fcr eine Dokumentation in die Arktis gereist und berichtet \u00fcber die dortigen Lebensbedingungen und die Herausforderungen durch den Klimawandel. | NDR Fernsehen\/Uwe Ernst\" class=\"responsive\" loading=\"lazy\"\/><\/p>\n<p>                    <\/a><\/p>\n<p>                    Sebastian Str\u00f6bel ist f\u00fcr eine Dokumentation in die Arktis gereist und berichtet \u00fcber die dortigen Lebensbedingungen und die Herausforderungen durch den Klimawandel.<\/p>\n<p class=\"\">Seit 2014 rettet er in der Erfolgsserie &#8222;Die Bergretter&#8220; als Markus Kofler Menschenleben in den Alpen und dabei sehen ihm Millionen zu: Sebastian Str\u00f6bel. Sein Handwerk lernt der 48-J\u00e4hrige in Salzburg, sein Fernsehdeb\u00fct gibt er in der Serie &#8222;Kommissar Rex&#8220;. Zwischen 1998 und 2016 spielt der vierfache Familienvater in mehr als 70 Fernsehformaten mit. Jetzt ist er in der Arktis unterwegs in klirrender K\u00e4lte und unendlicher Weite. Seit jeher leben Menschen dort, trotzen den lebensfeindlichen Bedingungen und dunklen Wintern. Wie schaffen sie es, dort zu \u00fcberleben, und vor welchen Herausforderungen stehen sie heute? Mit diesen Fragen besch\u00e4ftigt sich Sebastian Str\u00f6bel in der zweiteiligen Terra-X-Doku &#8222;Meine Arktis&#8220;. Wie drastisch sich der Klimawandel dort zeigt und welche Auswirkungen das auf uns haben k\u00f6nnte, das erz\u00e4hlt er in der NDR Talk Show.<\/p>\n<p>    Jessy Wellmer, Journalistin und Moderatorin<\/p>\n<p>                    <a href=\"https:\/\/www.europesays.com\/de\/wp-content\/uploads\/2025\/12\/wellmer118.webp\" class=\"zoomimage\" title=\"Bild vergr\u00f6\u00dfern\"><\/p>\n<p>        <img decoding=\"async\" src=\"https:\/\/www.europesays.com\/de\/wp-content\/uploads\/2025\/12\/wellmer118.webp\" alt=\"Die Moderatorin und Journalistin Jessy Wellmer ist zu Gast in der NDR Talk Show am 20. Oktober 2023.\" title=\"Die &quot;tagesthemen&quot;-Moderatorin Jessy Wellmer gilt als wichtigste ostdeutsche Stimme in der ARD. | NDR Fernsehen\/Uwe Ernst, Uwe Ernst\" class=\"responsive\" loading=\"lazy\"\/><\/p>\n<p>                    <\/a><\/p>\n<p>                    Die &#8222;tagesthemen&#8220;-Moderatorin Jessy Wellmer gilt als wichtigste ostdeutsche Stimme in der ARD.<\/p>\n<p class=\"\">Seit zwei Jahren pr\u00e4sentiert Jessy Wellmer als Nachfolgerin von Caren Miosga nun schon die &#8222;tagesthemen&#8220; und gilt als wichtigste ostdeutsche Stimme der ARD. Mit ihrer ganz eigenen frischen Art entlockt sie auch hartgesottenen Politprofis in ihren Interviews immer wieder Neues. Und sie redet mit allen &#8211; f\u00fcr besondere Aufmerksamkeit sorgt ihr Interview mit Alice Weidel Anfang des Jahres. &#8222;Zonen-Jessy&#8220; nennt sich die geb\u00fcrtige G\u00fcstrowerin selbstironisch in ihrem Buch \u00fcber die Beziehungen zwischen West- und Ostdeutschen. In ihren klugen und sehr pers\u00f6nlichen Reportagen ersp\u00fcrt sie die Stimmung im Land, deckt immer wieder Trennendes und Verbindendes zwischen Ost und West auf. Ihre Laufbahn beginnt Jessy Wellmer mit einem Studium in Gesellschafts- und Wirtschaftskommunikation, sie lernt ihr journalistisches Handwerk beim rbb, verfeinert es beim ZDF Morgenmagazin und perfektioniert es dann bei der &#8222;Sportschau&#8220;. Die Mutter von zwei Kindern lebt mit ihrer Familie eigentlich in Berlin. Ob sie mittlerweile auch in Hamburg Wurzeln geschlagen hat, was ihr bisher schwierigstes Interview war und wovon ihre neuste Reportage handelt, erz\u00e4hlt Jessy Wellmer in der NDR Talk Show.<\/p>\n<p>    Clara L\u00f6sel, Lyrikerin<\/p>\n<p>                    <a href=\"https:\/\/www.europesays.com\/de\/wp-content\/uploads\/2025\/12\/loesel-100.webp\" class=\"zoomimage\" title=\"Bild vergr\u00f6\u00dfern\"><\/p>\n<p>        <img decoding=\"async\" src=\"https:\/\/www.europesays.com\/de\/wp-content\/uploads\/2025\/12\/loesel-100.webp\" alt=\"Die Lyrikerin Clara L\u00f6sel im Portr\u00e4t.\" title=\"Clara L\u00f6sels &quot;Wehe du gibst auf&quot; ist ein Buch, das das Denken und Leben der Lesenden ver\u00e4ndern m\u00f6chte - und ist ein Bestseller. | Carlo Boehler\" class=\"responsive\" loading=\"lazy\"\/><\/p>\n<p>                    <\/a><\/p>\n<p>                    Clara L\u00f6sels &#8222;Wehe du gibst auf&#8220; ist ein Buch, das das Denken und Leben der Lesenden ver\u00e4ndern m\u00f6chte &#8211; und ist ein Bestseller.<\/p>\n<p class=\"\">Wer glaubt, dass Lyrik ein Nischenthema ist und junge Menschen daran \u00fcberhaupt nicht interessiert sind, dem beweist Clara L\u00f6sel das Gegenteil. Mehr als 359.000 Follower*innen auf Instagram und 150.000 auf TikTok &#8211; damit erreicht sie jeden Monat bis zu 20 Millionen Menschen. Die 26-J\u00e4hrige schreibt, was viele f\u00fchlen &#8211; und trifft damit den Nerv und Pulsschlag unserer Zeit. Sie ber\u00fchrt mit ihren poetischen Texten \u00fcber Selbstzweifel, Hoffnung und das Wachsen an Krisen hunderttausende Menschen. Sie f\u00fcllt damit nicht nur gro\u00dfe Hallen, sondern hat es sich auch zur Aufgabe gemacht, in Schulen Lyrik-Workshops zu geben. Wie die geb\u00fcrtige Gie\u00dfenerin mit dem unerwarteten Erfolg umgeht und welchen Anteil ihr Gro\u00dfvater daran hat, das verr\u00e4t sie in der NDR Talk Show.<\/p>\n<dl>\n<dt>Redaktionsleiter\/in<\/dt>\n<dd>Manuela\u00a0Hlouschek<\/dd>\n<dt>Produktionsleiter\/in<\/dt>\n<dd>Virginia\u00a0Maassen<\/dd>\n<dt>Moderation<\/dt>\n<dd>Hubertus\u00a0Meyer-Burckhardt<\/dd>\n<dd>Barbara\u00a0Sch\u00f6neberger<\/dd>\n<\/dl>\n","protected":false},"excerpt":{"rendered":"mit Barbara Sch\u00f6neberger und Hubertus Meyer-Burckhardt Freitag, 12. Dezember 2025, 22:00 bis 00:05 Uhr Samstag, 13. Dezember 2025,&hellip;\n","protected":false},"author":2,"featured_media":637977,"comment_status":"","ping_status":"","sticky":false,"template":"","format":"standard","meta":{"footnotes":""},"categories":[1773],"tags":[29,214,30,471,1780,215],"class_list":{"0":"post-637976","1":"post","2":"type-post","3":"status-publish","4":"format-standard","5":"has-post-thumbnail","7":"category-serien","8":"tag-deutschland","9":"tag-entertainment","10":"tag-germany","11":"tag-serien","12":"tag-series","13":"tag-unterhaltung"},"share_on_mastodon":{"url":"https:\/\/pubeurope.com\/@de\/115698162894705320","error":""},"_links":{"self":[{"href":"https:\/\/www.europesays.com\/de\/wp-json\/wp\/v2\/posts\/637976","targetHints":{"allow":["GET"]}}],"collection":[{"href":"https:\/\/www.europesays.com\/de\/wp-json\/wp\/v2\/posts"}],"about":[{"href":"https:\/\/www.europesays.com\/de\/wp-json\/wp\/v2\/types\/post"}],"author":[{"embeddable":true,"href":"https:\/\/www.europesays.com\/de\/wp-json\/wp\/v2\/users\/2"}],"replies":[{"embeddable":true,"href":"https:\/\/www.europesays.com\/de\/wp-json\/wp\/v2\/comments?post=637976"}],"version-history":[{"count":0,"href":"https:\/\/www.europesays.com\/de\/wp-json\/wp\/v2\/posts\/637976\/revisions"}],"wp:featuredmedia":[{"embeddable":true,"href":"https:\/\/www.europesays.com\/de\/wp-json\/wp\/v2\/media\/637977"}],"wp:attachment":[{"href":"https:\/\/www.europesays.com\/de\/wp-json\/wp\/v2\/media?parent=637976"}],"wp:term":[{"taxonomy":"category","embeddable":true,"href":"https:\/\/www.europesays.com\/de\/wp-json\/wp\/v2\/categories?post=637976"},{"taxonomy":"post_tag","embeddable":true,"href":"https:\/\/www.europesays.com\/de\/wp-json\/wp\/v2\/tags?post=637976"}],"curies":[{"name":"wp","href":"https:\/\/api.w.org\/{rel}","templated":true}]}}