{"id":637989,"date":"2025-12-11T00:50:18","date_gmt":"2025-12-11T00:50:18","guid":{"rendered":"https:\/\/www.europesays.com\/de\/637989\/"},"modified":"2025-12-11T00:50:18","modified_gmt":"2025-12-11T00:50:18","slug":"david-gegen-goliath-droneshield-kleinanleger-kaufen-hedgefonds-greifen-an-squeeze-gefahr-steigt","status":"publish","type":"post","link":"https:\/\/www.europesays.com\/de\/637989\/","title":{"rendered":"David gegen Goliath: DroneShield: Kleinanleger kaufen \u2013 Hedgefonds greifen an, Squeeze-Gefahr steigt!"},"content":{"rendered":"<p id=\"newsArticleSummary\">\n        W\u00e4hrend Kleinanleger die Aktie zu Tiefstkursen einsammeln, wetten institutionelle Investoren aggressiv auf einen weiteren Absturz. Jetzt entscheidet sich, wer recht beh\u00e4lt.    <\/p>\n<p>\n  Die australische Drohnenabwehrspezialist DroneShield erlebt nach einem dramatischen Absturz von \u00fcber 70 Prozent seit dem Oktoberhoch eine extreme Marktpolarisierung. W\u00e4hrend Kleinanleger massiv<br \/>\n  zugreifen, fahren institutionelle Investoren ihre Wetten gegen die Aktie hoch.\n<\/p>\n<p>\n  In den vergangenen Wochen war die Aktie durch einen toxischen Cocktail aus negativen Faktoren unter Druck geraten. Pl\u00f6tzliche Insiderverk\u00e4ufe, \u00fcberraschende Managementwechsel und deutliche<br \/>\n  Gewinnmitnahmen im gesamten R\u00fcstungssektor l\u00f6sten einen Crash aus. Hinzu kommt eine aggressive Short-Aktivit\u00e4t: Laut ASIC, der\u00a0Finanzaufsichtsbeh\u00f6rde Australiens, stiegen die Leerverk\u00e4ufe in<br \/>\n  den vergangenen zwei Wochen um 62 Prozent. Bei einer Marktkapitalisierung von nur rund 1,7 Milliarden AUD (rund 1,1 Milliarden US-Dollar) erreicht die Shortquote schnell zweistellige Prozentwerte,<br \/>\n  wenn Hedgefonds sich positionieren.\n<\/p>\n<p>                                        <a style=\"text-decoration:none;\" href=\"https:\/\/www.wallstreet-online.de\/nachrichten\/autor\/wallstreet-online-redaktion\" target=\"_blank\" rel=\"noopener\"><br \/>\n                                <img style=\"padding: 0 10px 10px 0;\" class=\"img-fluid d-block loadOnSight\" rel=\"\/\/assets.wallstreet-online.de\/_media\/3278\/nl\/size_59\/bild-2023-07-26-162724843.png\" alt=\"Autor\"\/><\/p>\n<p>                            <\/a><\/p>\n<p>wallstreetONLINE Redaktion<\/p>\n<p>0 Follower                    <\/p>\n<p>                                <img style=\"padding: 0 10px 10px 0;\" class=\"img-fluid d-block loadOnSight\" rel=\"\/\/assets.wallstreet-online.de\/_media\/3278\/nl\/size_59\/bild-2023-07-26-162724843.png\" alt=\"Autor\"\/><\/p>\n<p>\n                            Mehr anzeigen\n                        <\/p>\n<p>Melden Sie sich <a href=\"https:\/\/www.wallstreet-online.de\/newsletter\" target=\"_blank\" rel=\"noopener\">HIER f\u00fcr den Newsletter der wallstreetONLINE Redaktion an<\/a> &#8211; alle Top-Themen der B\u00f6rsenwoche im \u00dcberblick! Verpassen Sie kein wichtiges Anleger-Thema!&#13;\n<\/p>\n<p>&#13;<br \/>\nF\u00fcr Beitr\u00e4ge auf diesem journalistischen Channel ist die Chefredaktion der wallstreetONLINE Redaktion verantwortlich.<\/p>\n<p>Die Fachjournalisten der wallstreetONLINE Redaktion berichten hier mit ihren Kolleginnen und Kollegen aus den Partnerredaktionen exklusiv, fundiert, ausgewogen sowie unabh\u00e4ngig f\u00fcr den Anleger.<\/p>\n<p>Die Zentralredaktion recherchiert intensiv, um Anlegern der Kategorie Selbstentscheider relevante Informationen f\u00fcr ihre Anlageentscheidungen liefern zu k\u00f6nnen.<\/p>\n<p>NEU: Podcast &#8222;B\u00f6rse, Baby!&#8220;<\/p>\n<p>\n                            Mehr anzeigen\n                        <\/p>\n<p>                        <a href=\"https:\/\/www.wallstreet-online.de\/rss\/nachrichten\/wallstreet-online-redaktion\" title=\"RSS-Feed des Autors wallstreetONLINE Redaktion\" target=\"_blank\" rel=\"noopener\"><img decoding=\"async\" src=\"https:\/\/assets.wallstreet-online.de\/frontend\/img\/icons\/icons\/rss.svg\" alt=\"RSS Icon\" class=\"imgSvg me-1\" style=\"width:16px;height:16px\"\/><\/a><a style=\"vertical-align:top;\" href=\"https:\/\/www.wallstreet-online.de\/rss\/nachrichten\/wallstreet-online-redaktion\" title=\"RSS-Feed des Autors wallstreetONLINE Redaktion\" target=\"_blank\" class=\"text-subdued-alpha\" rel=\"noopener\">RSS-Feed abonnieren<\/a><\/p>\n","protected":false},"excerpt":{"rendered":"W\u00e4hrend Kleinanleger die Aktie zu Tiefstkursen einsammeln, wetten institutionelle Investoren aggressiv auf einen weiteren Absturz. Jetzt entscheidet sich,&hellip;\n","protected":false},"author":2,"featured_media":591567,"comment_status":"","ping_status":"","sticky":false,"template":"","format":"standard","meta":{"footnotes":""},"categories":[134],"tags":[175,170,169,29,119590,141567,150388,141570,141572,141569,150387,141568,30,171,174,173,172],"class_list":{"0":"post-637989","1":"post","2":"type-post","3":"status-publish","4":"format-standard","5":"has-post-thumbnail","7":"category-unternehmen-maerkte","8":"tag-business","9":"tag-companies","10":"tag-companies-markets","11":"tag-deutschland","12":"tag-droneshield","13":"tag-droneshield-aktie","14":"tag-droneshield-asic","15":"tag-droneshield-crash","16":"tag-droneshield-insider","17":"tag-droneshield-news","18":"tag-droneshield-shortquote","19":"tag-droneshield-stock","20":"tag-germany","21":"tag-markets","22":"tag-maerkte","23":"tag-unternehmen","24":"tag-unternehmen-maerkte"},"share_on_mastodon":{"url":"https:\/\/pubeurope.com\/@de\/115698194342790784","error":""},"_links":{"self":[{"href":"https:\/\/www.europesays.com\/de\/wp-json\/wp\/v2\/posts\/637989","targetHints":{"allow":["GET"]}}],"collection":[{"href":"https:\/\/www.europesays.com\/de\/wp-json\/wp\/v2\/posts"}],"about":[{"href":"https:\/\/www.europesays.com\/de\/wp-json\/wp\/v2\/types\/post"}],"author":[{"embeddable":true,"href":"https:\/\/www.europesays.com\/de\/wp-json\/wp\/v2\/users\/2"}],"replies":[{"embeddable":true,"href":"https:\/\/www.europesays.com\/de\/wp-json\/wp\/v2\/comments?post=637989"}],"version-history":[{"count":0,"href":"https:\/\/www.europesays.com\/de\/wp-json\/wp\/v2\/posts\/637989\/revisions"}],"wp:featuredmedia":[{"embeddable":true,"href":"https:\/\/www.europesays.com\/de\/wp-json\/wp\/v2\/media\/591567"}],"wp:attachment":[{"href":"https:\/\/www.europesays.com\/de\/wp-json\/wp\/v2\/media?parent=637989"}],"wp:term":[{"taxonomy":"category","embeddable":true,"href":"https:\/\/www.europesays.com\/de\/wp-json\/wp\/v2\/categories?post=637989"},{"taxonomy":"post_tag","embeddable":true,"href":"https:\/\/www.europesays.com\/de\/wp-json\/wp\/v2\/tags?post=637989"}],"curies":[{"name":"wp","href":"https:\/\/api.w.org\/{rel}","templated":true}]}}