{"id":638000,"date":"2025-12-11T00:59:12","date_gmt":"2025-12-11T00:59:12","guid":{"rendered":"https:\/\/www.europesays.com\/de\/638000\/"},"modified":"2025-12-11T00:59:12","modified_gmt":"2025-12-11T00:59:12","slug":"gornau-zieht-gegen-chemnitz-vor-gericht","status":"publish","type":"post","link":"https:\/\/www.europesays.com\/de\/638000\/","title":{"rendered":"Gornau zieht gegen Chemnitz vor Gericht"},"content":{"rendered":"<p class=\"bold\">\n\t\t\t\t\t\t\t\t\t\tDie geplanten Windr\u00e4der am Spitzberg sorgen weiter f\u00fcr Streit. Gornau will den Chemnitzer Vorbescheid nicht akzeptieren und k\u00fcndigt eine Klage an. Gemeinde und B\u00fcrgerinitiative verweisen auf ein OVG-Urteil, das Planungsentw\u00fcrfen bereits Gewicht einr\u00e4umt.\t\t\t\t<\/p>\n<p>\t\t\t\t Wenn Frank Pudwell aus dem Fenster seines Hauses im Gornauer Ortsteil Dittmannsdorf schaut, liegt der geplante Standort einer der drei Windkraftanlagen gut einen Kilometer entfernt. Der nur 1020 Meter gro\u00dfe Abstand macht ihm Sorgen. Er f\u00fcrchtet L\u00e4rm und eine dauerhafte Ver\u00e4nderung der Landschaft. Beispiele aus anderen Orten, in denen \u00e4hnlich&#8230;<\/p>\n<p>\t\t<img decoding=\"async\" class=\"fp-plus-logo\" src=\"https:\/\/www.freiepresse.de\/img\/fpplus.svg\" alt=\"Freie Presse plus Logo\"\/><\/p>\n<p>Registrieren und testen.<\/p>\n<p>Jetzt mit Ihrer Registrierung 1 Monat gratis testen und alle Beitr\u00e4ge lesen.<\/p>\n<p>Schon Abonnent? Melden Sie sich mit ihren Zugangsdaten an.<\/p>\n","protected":false},"excerpt":{"rendered":"Die geplanten Windr\u00e4der am Spitzberg sorgen weiter f\u00fcr Streit. Gornau will den Chemnitzer Vorbescheid nicht akzeptieren und k\u00fcndigt&hellip;\n","protected":false},"author":2,"featured_media":638001,"comment_status":"","ping_status":"","sticky":false,"template":"","format":"standard","meta":{"footnotes":""},"categories":[1851],"tags":[2770,3364,29,548,663,3934,30,13,2839,14,15,859,12],"class_list":{"0":"post-638000","1":"post","2":"type-post","3":"status-publish","4":"format-standard","5":"has-post-thumbnail","7":"category-chemnitz","8":"tag-chemnitz","9":"tag-de","10":"tag-deutschland","11":"tag-eu","12":"tag-europa","13":"tag-europe","14":"tag-germany","15":"tag-headlines","16":"tag-kommunalpolitik","17":"tag-nachrichten","18":"tag-news","19":"tag-sachsen","20":"tag-schlagzeilen"},"share_on_mastodon":{"url":"","error":""},"_links":{"self":[{"href":"https:\/\/www.europesays.com\/de\/wp-json\/wp\/v2\/posts\/638000","targetHints":{"allow":["GET"]}}],"collection":[{"href":"https:\/\/www.europesays.com\/de\/wp-json\/wp\/v2\/posts"}],"about":[{"href":"https:\/\/www.europesays.com\/de\/wp-json\/wp\/v2\/types\/post"}],"author":[{"embeddable":true,"href":"https:\/\/www.europesays.com\/de\/wp-json\/wp\/v2\/users\/2"}],"replies":[{"embeddable":true,"href":"https:\/\/www.europesays.com\/de\/wp-json\/wp\/v2\/comments?post=638000"}],"version-history":[{"count":0,"href":"https:\/\/www.europesays.com\/de\/wp-json\/wp\/v2\/posts\/638000\/revisions"}],"wp:featuredmedia":[{"embeddable":true,"href":"https:\/\/www.europesays.com\/de\/wp-json\/wp\/v2\/media\/638001"}],"wp:attachment":[{"href":"https:\/\/www.europesays.com\/de\/wp-json\/wp\/v2\/media?parent=638000"}],"wp:term":[{"taxonomy":"category","embeddable":true,"href":"https:\/\/www.europesays.com\/de\/wp-json\/wp\/v2\/categories?post=638000"},{"taxonomy":"post_tag","embeddable":true,"href":"https:\/\/www.europesays.com\/de\/wp-json\/wp\/v2\/tags?post=638000"}],"curies":[{"name":"wp","href":"https:\/\/api.w.org\/{rel}","templated":true}]}}