{"id":638126,"date":"2025-12-11T02:17:27","date_gmt":"2025-12-11T02:17:27","guid":{"rendered":"https:\/\/www.europesays.com\/de\/638126\/"},"modified":"2025-12-11T02:17:27","modified_gmt":"2025-12-11T02:17:27","slug":"champions-league-reus-und-grosskreutz-sehen-sorgen-auftritt-des-bvb-sport","status":"publish","type":"post","link":"https:\/\/www.europesays.com\/de\/638126\/","title":{"rendered":"Champions League: Reus und Gro\u00dfkreutz sehen Sorgen-Auftritt des BVB | Sport"},"content":{"rendered":"<p><b>Zwei Legenden bringen dem BVB kein Gl\u00fcck.<\/b><\/p>\n<p>Borussia Dortmund blamiert sich in der Champions League gegen den norwegischen Au\u00dfenseiter Bod\u00f8\/Glimt, spielt nach zweimaliger F\u00fchrung nur 2:2. Nach Abpfiff hallt ein Pfeifkonzert durch den Signal Iduna Park.<\/p>\n<p><b>Mehr Sorgen gibt\u2019s, weil gleich zwei Abwehrspieler verletzt ausgewechselt werden m\u00fcssen. All das vor den Augen von Marco Reus (36) und Kevin Gro\u00dfkreutz (37) mitten in der Kurve.<\/b><\/p>\n<p>BVB-Legende Reus (429 Spiele) ist prim\u00e4r als DAZN-Experte im Einsatz. Sagt vor dem Spiel \u00fcber seinen <a href=\"https:\/\/www.bild.de\/sport\/fussball\/borussia-dortmund\/startseite-bvb-31074434.bild.html\" class=\"text-link\" rel=\"nofollow noopener\" target=\"_blank\">BVB<\/a>: \u201eEs war und ist immer noch mein Leben. Ich habe dem Verein versucht, alles zu geben \u2013\u00a0und umgekehrt. So etwas vergisst du nicht.\u201c Reus spielte zw\u00f6lf Jahre in Dortmund, gewann zwei Mal den DFB-Pokal.<\/p>\n<p><b>Das Spiel verfolgt Reus mit schwarz-gelbem Schal und schwarzem Kapuzenpulli im Fanblock. Neben ihm fiebert auch Kevin Gro\u00dfkreutz (37\/zwei Meisterschaften mit Dortmund) mit.<\/b><\/p>\n<p><img decoding=\"async\" width=\"992\" height=\"558\" alt=\"Marco Reus (36) inmitten der BVB-Fans\" src=\"https:\/\/www.europesays.com\/de\/wp-content\/uploads\/2025\/12\/5ac6b6a79a8d0d0658348dd7bb99c9dd,149b7622\"   class=\"landscape\" loading=\"lazy\"\/><\/p>\n<p class=\"fig__caption__text\">Kevin Gro\u00dfkreutz (r.\/37) und Marco Reus (M.\/36) inmitten der BVB-Fans<\/p>\n<p>Foto: DAZN<\/p>\n<p><b>Gegen Polarkreis-Klub Bod\u00f8 gibt Dortmund zwei F\u00fchrungen aus der Hand!<\/b><\/p>\n<p>Julian Brandt (29), zuletzt noch Kritiker des Dortmunder Spielstils, erzielt einen Doppelpack (18.\/51.). Drei Tage nach seiner Kritik an Trainer Niko Kovac (54) und dem Dortmunder Sicherheitsfu\u00dfball gegen Hoffenheim (\u201eNicht meine Art und Weise, Fu\u00dfball zu spielen\u201c) reicht das aber nicht.<\/p>\n<p>Kovac verwirrt: Dolmetscher-Chaos bei BVB-PK<a class=\"anchor video-teaser__anchor\" href=\"https:\/\/www.bild.de\/sport\/fussball\/kovac-verwirrt-dolmetscher-chaos-bei-bvb-pk-69385e1411f914c89b8582d4\" rel=\"nofollow noopener\" target=\"_blank\"><img decoding=\"async\" width=\"992\" height=\"558\" alt=\"\" src=\"https:\/\/www.europesays.com\/de\/wp-content\/uploads\/2025\/12\/6488110d0b406e23388c5537e86f9ddb,9f259fc5\"   class=\"landscape teaser__image\" loading=\"lazy\"\/><\/a><\/p>\n<p>Quelle: BVB09.12.2025<\/p>\n<p>Aber Bod\u00f8 schl\u00e4gt zur\u00fcck. Innenverteidiger Aleesami trifft nach Ecke (42.), weil er Schlotterbeck und Nmecha bei einer Ecke entwischte. Sp\u00e4ter stellt der Ex-Frankfurter Hauge den erneuten Ausgleich her (75.).<\/p>\n<p><b>Nico Schlotterbeck ist nach dem Spiel richtig sauer, sagt bei DAZN: <\/b>\u201eWir fangen an, fahrig zu spielen. Die Spieler, die reinkommen, verlieren jeden Ball. Manchen war nicht bewusst, wie wichtig dieses Spiel ist. Diese Niederlage ist nicht bitter, das ist schlecht.\u201c<\/p>\n<p><b>Schon in der ersten Halbzeit muss Anton verletzt raus, h\u00e4lt sich den rechten Oberschenkel. Der Abwehrmann droht l\u00e4nger auszufallen. In der Schlussphase wird auch Innenverteidiger Anselmino angeschlagen ausgewechselt.<\/b><\/p>\n<p><img decoding=\"async\" width=\"992\" height=\"558\" alt=\"Waldemar Anton (29) h\u00e4lt sich auf dem Rasen die Hand vors Gesicht\" src=\"https:\/\/www.europesays.com\/de\/wp-content\/uploads\/2025\/12\/1a37c64155417ff654df682fbbab29c9,a465ff92\"   class=\"landscape\" loading=\"lazy\"\/><\/p>\n<p class=\"fig__caption__text\">Waldemar Anton (29) h\u00e4lt sich auf dem Rasen die Hand vors Gesicht<\/p>\n<p>Foto: Dennis Ewert\/RHR-FOTO<\/p>\n<p>Jetzt wackelt sogar die Qualifikation f\u00fcr die <a href=\"https:\/\/www.bild.de\/sport\/fussball\/champions-league\/home-15770784.bild.html\" class=\"text-link\" rel=\"nofollow noopener\" target=\"_blank\">K.o.-Phase<\/a>. Im neuen Jahr trifft Dortmund (Tabellenplatz 10) noch auf Tottenham (20.01.) und Inter (28.01.).<\/p>\n<p><b>Zwei verlorene Punkte und zwei Verletzungen, die den BVB noch besch\u00e4ftigen k\u00f6nnten &#8230;<\/b><\/p>\n","protected":false},"excerpt":{"rendered":"Zwei Legenden bringen dem BVB kein Gl\u00fcck. Borussia Dortmund blamiert sich in der Champions League gegen den norwegischen&hellip;\n","protected":false},"author":2,"featured_media":638127,"comment_status":"","ping_status":"","sticky":false,"template":"","format":"standard","meta":{"footnotes":""},"categories":[136],"tags":[888,468,29,347,30,5131,301,265,45],"class_list":{"0":"post-638126","1":"post","2":"type-post","3":"status-publish","4":"format-standard","5":"has-post-thumbnail","7":"category-sport","8":"tag-borussia-dortmund","9":"tag-champions-league","10":"tag-deutschland","11":"tag-fussball","12":"tag-germany","13":"tag-kovac-niko","14":"tag-spielbericht","15":"tag-sport","16":"tag-texttospeech"},"share_on_mastodon":{"url":"https:\/\/pubeurope.com\/@de\/115698535368904883","error":""},"_links":{"self":[{"href":"https:\/\/www.europesays.com\/de\/wp-json\/wp\/v2\/posts\/638126","targetHints":{"allow":["GET"]}}],"collection":[{"href":"https:\/\/www.europesays.com\/de\/wp-json\/wp\/v2\/posts"}],"about":[{"href":"https:\/\/www.europesays.com\/de\/wp-json\/wp\/v2\/types\/post"}],"author":[{"embeddable":true,"href":"https:\/\/www.europesays.com\/de\/wp-json\/wp\/v2\/users\/2"}],"replies":[{"embeddable":true,"href":"https:\/\/www.europesays.com\/de\/wp-json\/wp\/v2\/comments?post=638126"}],"version-history":[{"count":0,"href":"https:\/\/www.europesays.com\/de\/wp-json\/wp\/v2\/posts\/638126\/revisions"}],"wp:featuredmedia":[{"embeddable":true,"href":"https:\/\/www.europesays.com\/de\/wp-json\/wp\/v2\/media\/638127"}],"wp:attachment":[{"href":"https:\/\/www.europesays.com\/de\/wp-json\/wp\/v2\/media?parent=638126"}],"wp:term":[{"taxonomy":"category","embeddable":true,"href":"https:\/\/www.europesays.com\/de\/wp-json\/wp\/v2\/categories?post=638126"},{"taxonomy":"post_tag","embeddable":true,"href":"https:\/\/www.europesays.com\/de\/wp-json\/wp\/v2\/tags?post=638126"}],"curies":[{"name":"wp","href":"https:\/\/api.w.org\/{rel}","templated":true}]}}