{"id":638184,"date":"2025-12-11T02:57:16","date_gmt":"2025-12-11T02:57:16","guid":{"rendered":"https:\/\/www.europesays.com\/de\/638184\/"},"modified":"2025-12-11T02:57:16","modified_gmt":"2025-12-11T02:57:16","slug":"hammer-aufgabe-im-wm-halbfinale-so-schwer-wirds-fuer-die-dhb-frauen-gegen-frankreich","status":"publish","type":"post","link":"https:\/\/www.europesays.com\/de\/638184\/","title":{"rendered":"Hammer-Aufgabe im WM-Halbfinale: So schwer wird&#8217;s f\u00fcr die DHB-Frauen gegen Frankreich"},"content":{"rendered":"<p>            <img loading=\"lazy\" decoding=\"async\" class=\"ts-image\" src=\"https:\/\/www.europesays.com\/de\/wp-content\/uploads\/2025\/12\/frankreich-horacek-100.jpg\" alt=\"Frankreichs Kapit\u00e4nin Tamara Horacek\" title=\"Frankreichs Kapit\u00e4nin Tamara Horacek | IMAGO\/Goal Sports Images\"\/><\/p>\n<p class=\"metatextline\">Stand: 11.12.2025 00:32 Uhr<\/p>\n<p class=\"article-head__shorttext\">\n        <strong>Die deutschen Handballerinnen treffen im WM-Halbfinale auf die Titelverteidigerinnen aus Frankreich. Erstmals ist Deutschland Underdog.<\/strong>\n    <\/p>\n<p class=\"textabsatz m-ten m-offset-one l-eight l-offset-two columns twelve\">W\u00e4hrend die deutschen Nationalspielerinnen auf den Aufzug warteten, schlappten die Franz\u00f6sinnen in Badelatschen durch die Lobby des gemeinsamen Team-Hotels. Die meisten deutschen Spielerinnen \u00fcberragen die Franz\u00f6sinnen um locker f\u00fcnf bis zehn Zentimeter. Manche sogar mehr.<\/p>\n<p class=\"textabsatz m-ten m-offset-one l-eight l-offset-two columns twelve\">Klein ist die Handball-Nation Frankreich aber bei weitem nicht. Als Titelverteidigerinnen z\u00e4hlen die Franz\u00f6sinnen naturgem\u00e4\u00df zu den Favoritinnen in diesem Turnier. Drei Mal in den vergangenen vier Jahren erreichte Frankreich das Finale.<\/p>\n<p>    Viele Ausf\u00e4lle bei &#8222;Les Bleus&#8220;<\/p>\n<p class=\"textabsatz m-ten m-offset-one l-eight l-offset-two columns twelve\">&#8222;Frankreich ist eine Mannschaft, die \u00fcber sehr viel Erfahrung verf\u00fcgt. Alle Spielerinnen, sowohl im Nationaltrikot als auch in ihren jeweiligen Klubs, sind schon hoch dekoriert&#8220;, fasste Bundestrainer Markus Gaugisch die Qualit\u00e4t des franz\u00f6sischen Kaders zusammen. Und das, obwohl viele Leistungstr\u00e4gerinnen die Weltmeisterschaft verpassen.<\/p>\n<p class=\"textabsatz m-ten m-offset-one l-eight l-offset-two columns twelve\">Kapit\u00e4nin Estelle Nze Minko, R\u00fcckraumspielerin Laura Flippes und Linksau\u00dfen Chloe Valentini fallen aufgrund von Schwangerschaft und Babypause aus. Spielmacherin Grace Zaadi und Torh\u00fcterin Laura Glauser fehlen verletzt. Ein immenser Aderlass f\u00fcr Trainer Sebastian Gardillou, der das Traineramt vor knapp eineinhalb Jahren von Erfolgstrainer Olivier Krumbholz \u00fcbernahm. Zudem scheint R\u00fcckraumsch\u00fctzin Orlane Kanor in einem Formtief zu stecken.<\/p>\n<p>    Abwehr-Bollwerk und Weltklasse-Keeperin<\/p>\n<p class=\"textabsatz m-ten m-offset-one l-eight l-offset-two columns twelve\">Dass trotzdem mit &#8222;Les Bleus&#8220; zu rechnen ist, zeigten sie sp\u00e4testens im Viertelfinale gegen das Top-Team aus D\u00e4nemark. Die Skandinavierinnen konnten in den ersten 15 Minuten gerade einmal zwei Tore aus dem Feld erzielen (f\u00fcnf weitere kamen durch Siebenmeter zustande). Die Abwehr steht wie ein Bollwerk und wird den deutschen Angriff vor eine gro\u00dfe Herausforderung stellen. Mit Torh\u00fcterin Hatadou Sako haben die Franz\u00f6sinnen zudem eine der besten Torh\u00fcterinnen der Welt zwischen den Pfosten. &#8222;Sie haben unterschiedliche M\u00f6glichkeiten. Spielerinnen, die sehr schnell sind im Durchbruch, aber auch Sprungewaltige im R\u00fcckraum und nat\u00fcrlich mit Sako eine Torh\u00fcterin, die allererste Sahne ist&#8220;, so Gaugisch.<\/p>\n<p class=\"textabsatz m-ten m-offset-one l-eight l-offset-two columns twelve\">Die Ausf\u00e4lle im R\u00fcckraum kompensiert Frankreich zum einen mit Spielmacherin Tamara Horacek und einer dynamischen und wurfgewaltigen Clarisse Mairot. Die Kreisl\u00e4uferinnen Onacia Ondono, Sarah Bouktit und Pauletta Foppa machen ein starkes Turnier, wobei letztere immer wieder im rechten R\u00fcckraum zu sehen war &#8211; und auch dort \u00fcberzeugte. Erfolgreichste Werferin der &#8222;Equipe Tricolor&#8220; ist bisher Linksau\u00dfen Suzanne Wajoka.<\/p>\n<p>    Frankreich Favorit<\/p>\n<p class=\"textabsatz m-ten m-offset-one l-eight l-offset-two columns twelve\">&#8222;Wir sind nicht in der Favoritenrolle. Sau viele, sehr gute Spielerinnen. Dementsprechend gucken wir mal, was wir abrei\u00dfen k\u00f6nnen, um sie zu \u00e4rgern&#8220;, sagte Emily Vogel. W\u00e4hrend das deutsche Team mit einer wei\u00dfen Weste ins Halbfinale einzieht, mussten sich &#8222;Les Bleus&#8220; im letzten Hauptrundenspiel gegen Gastgeber Niederlande bereits einmal geschlagen geben.<\/p>\n<p class=\"textabsatz m-ten m-offset-one l-eight l-offset-two columns twelve\">An der Rollenverteilung \u00e4ndert das nichts: Frankreich ist Favorit. Abschrecken tut das das deutsche Team nicht: &#8222;Wir werden da alles reinfetzen, um weiterzukommen&#8220;, sagte Leuchter, &#8222;wir haben nichts zu verlieren, wir k\u00f6nnen nur gewinnen&#8220;, so Viola Leuchter.<\/p>\n","protected":false},"excerpt":{"rendered":"Stand: 11.12.2025 00:32 Uhr Die deutschen Handballerinnen treffen im WM-Halbfinale auf die Titelverteidigerinnen aus Frankreich. Erstmals ist Deutschland&hellip;\n","protected":false},"author":2,"featured_media":638185,"comment_status":"","ping_status":"","sticky":false,"template":"","format":"standard","meta":{"footnotes":""},"categories":[3974],"tags":[331,332,92512,548,663,3934,3980,156,1391,13,14,15,12],"class_list":{"0":"post-638184","1":"post","2":"type-post","3":"status-publish","4":"format-standard","5":"has-post-thumbnail","7":"category-frankreich","8":"tag-aktuelle-nachrichten","9":"tag-aktuelle-news","10":"tag-dhb-frauen","11":"tag-eu","12":"tag-europa","13":"tag-europe","14":"tag-france","15":"tag-frankreich","16":"tag-handball","17":"tag-headlines","18":"tag-nachrichten","19":"tag-news","20":"tag-schlagzeilen"},"share_on_mastodon":{"url":"https:\/\/pubeurope.com\/@de\/115698693292501517","error":""},"_links":{"self":[{"href":"https:\/\/www.europesays.com\/de\/wp-json\/wp\/v2\/posts\/638184","targetHints":{"allow":["GET"]}}],"collection":[{"href":"https:\/\/www.europesays.com\/de\/wp-json\/wp\/v2\/posts"}],"about":[{"href":"https:\/\/www.europesays.com\/de\/wp-json\/wp\/v2\/types\/post"}],"author":[{"embeddable":true,"href":"https:\/\/www.europesays.com\/de\/wp-json\/wp\/v2\/users\/2"}],"replies":[{"embeddable":true,"href":"https:\/\/www.europesays.com\/de\/wp-json\/wp\/v2\/comments?post=638184"}],"version-history":[{"count":0,"href":"https:\/\/www.europesays.com\/de\/wp-json\/wp\/v2\/posts\/638184\/revisions"}],"wp:featuredmedia":[{"embeddable":true,"href":"https:\/\/www.europesays.com\/de\/wp-json\/wp\/v2\/media\/638185"}],"wp:attachment":[{"href":"https:\/\/www.europesays.com\/de\/wp-json\/wp\/v2\/media?parent=638184"}],"wp:term":[{"taxonomy":"category","embeddable":true,"href":"https:\/\/www.europesays.com\/de\/wp-json\/wp\/v2\/categories?post=638184"},{"taxonomy":"post_tag","embeddable":true,"href":"https:\/\/www.europesays.com\/de\/wp-json\/wp\/v2\/tags?post=638184"}],"curies":[{"name":"wp","href":"https:\/\/api.w.org\/{rel}","templated":true}]}}