{"id":638192,"date":"2025-12-11T03:02:41","date_gmt":"2025-12-11T03:02:41","guid":{"rendered":"https:\/\/www.europesays.com\/de\/638192\/"},"modified":"2025-12-11T03:02:41","modified_gmt":"2025-12-11T03:02:41","slug":"umfrage-brandenburger-mit-spd-bsw-regierung-unzufrieden-afd-erreicht-neuen-rekordwert","status":"publish","type":"post","link":"https:\/\/www.europesays.com\/de\/638192\/","title":{"rendered":"Umfrage: Brandenburger mit SPD-BSW-Regierung unzufrieden \u2013 AfD erreicht neuen Rekordwert"},"content":{"rendered":"<p>Seit einem Jahr regieren SPD und BSW in Brandenburg. Bei den B\u00fcrgern schneidet das B\u00fcndnis schlecht ab \u2013 vor allem die Partei von Sahra Wagenknecht. W\u00e4re am Sonntag Wahl, w\u00fcrden sich so viele Brandenburger wie noch nie f\u00fcr die AfD entscheiden.<\/p>\n<p class=\"is-first-paragraph\" data-external=\"Article.FirstParagraph\">Die Brandenburger Landesregierung aus SPD und BSW verliert ein Jahr nach ihrem Start an R\u00fcckhalt \u2013 w\u00e4hrend die AfD noch zulegt. Laut einer neuen Umfrage zeigen sich 37 Prozent der B\u00fcrger mit der Arbeit der Koalition zufrieden, 57 Prozent \u00e4u\u00dfern hingegen Unzufriedenheit. Bei der Befragung im Juni lag die Zustimmung f\u00fcr die Regierung noch bei 40 Prozent.<\/p>\n<p>Mit der Arbeit der SPD in der Landesregierung sind 33 Prozent zufrieden, mit der des BSW (B\u00fcndnis Sahra Wagenknecht) nur 18 Prozent. F\u00fcr den neuen Brandenburg-Trend im Auftrag von RBB24 Brandenburg aktuell und Antenne Brandenburg befragte das Institut Infratest dimap vom 3. bis 8. Dezember 1184 Wahlberechtigte.<\/p>\n<p>In der Sonntagsfrage baut die AfD ihre Spitzenposition aus. Sie k\u00e4me demnach auf 35 Prozent der Stimmen \u2013 der h\u00f6chste Wert, der je im Brandenburg-Trend gemessen wurde und drei Punkte mehr als bei der Befragung im Juni. Der Verfassungsschutz Brandenburg stuft die Landes-AfD als gesichert rechtsextremistisch ein.<\/p>\n<p>Die SPD folgt bei der Sonntagsfrage mit 22 Prozent (-1). Das BSW liegt bei 7 Prozent (-2). Die Werte von CDU (14 Prozent), Linken (9 Prozent) und Gr\u00fcnen (5 Prozent) verharren auf den bisherigen Werten. Linke und Gr\u00fcne sind seit der Landtagswahl 2024 nicht mehr im Parlament in Potsdam vertreten.<\/p>\n<p>Die Ergebnisse des Brandenburg-Trends im \u00dcberblick<\/p>\n<p>AfD: 35 Prozent (+3)<\/p>\n<p>SPD: 22 Prozent (-1)<\/p>\n<p>CDU: 14 Prozent (\u00b10)<\/p>\n<p>Linke: 9 Prozent (\u00b10)<\/p>\n<p>BSW: 7 Prozent (-2)<\/p>\n<p>Gr\u00fcne: 5 Prozent (\u00b10)<\/p>\n<p>Weder f\u00fcr eine Zweier- oder Dreierkonstellation \u2013 ohne AfD \u2013 gibt es nach diesen Ergebnissen eine parlamentarische Mehrheit. Rechnerisch h\u00e4tte ohne AfD und Linkspartei, mit denen die CDU Koalitionen ausgeschlossen hat, nur ein Viererb\u00fcndnis aus SPD, CDU, BSW und Gr\u00fcnen eine Mehrheit.<\/p>\n<p>SPD-W\u00e4hler wollen Wechsel vom BSW zur CDU<\/p>\n<p>Nach den <a class=\"is-link c-block-items__link c-link--rich-text-renderer\" href=\"https:\/\/www.welt.de\/politik\/deutschland\/article6939101011f914c89b85891c\/brandenburg-zwei-abgeordnete-kehren-zum-bsw-zurueck-afd-will-woidke-zur-vertrauensfrage-bewegen.html\" data-internal-tracking-enabled=\"true\" data-internal-tracking=\"{&quot;action&quot;:&quot;click&quot;,&quot;label&quot;:&quot;link&quot;,&quot;name&quot;:&quot;Inline Element&quot;,&quot;data&quot;:{&quot;source&quot;:&quot;&quot;,&quot;target&quot;:&quot;https:\/\/www.welt.de\/politik\/deutschland\/article6939101011f914c89b85891c\/brandenburg-zwei-abgeordnete-kehren-zum-bsw-zurueck-afd-will-woidke-zur-vertrauensfrage-bewegen.html&quot;,&quot;trackingName&quot;:&quot;&quot;,&quot;trackingLabel&quot;:&quot;&quot;}}\" rel=\"nofollow noopener\" target=\"_blank\">j\u00fcngsten Konflikten innerhalb der Koalition<\/a> spricht sich knapp die H\u00e4lfte der Befragten (47 Prozent) f\u00fcr eine Neuwahl aus. Jedoch ist der Wunsch nach einer vorgezogenen Abstimmung unterschiedlich verteilt: Unter AfD-Anh\u00e4ngern sprechen sich 88 Prozent f\u00fcr eine Neuwahl des Landtags aus. In allen anderen politischen Lagern findet sich nur geringe Unterst\u00fctzung \u2013 am wenigsten bei SPD-Anh\u00e4ngern (15 Prozent).<\/p>\n<p>Infratest dimap wollte auch wissen, ob SPD und BSW weiter regieren sollen. 23 Prozent der Befragten k\u00f6nnen sich demnach einen Fortbestand der SPD\/BSW-Regierung vorstellen, 20 Prozent pl\u00e4dieren f\u00fcr ein B\u00fcndnis aus SPD und CDU. Unter den SPD-Anh\u00e4ngern erh\u00e4lt ein m\u00f6glicher Partnerwechsel zur CDU (40 Prozent) sogar mehr Zustimmung als ein Weiterregieren mit dem BSW (37 Prozent).<\/p>\n<p>Mit der Arbeit von Ministerpr\u00e4sident Dietmar Woidke (SPD) sind der Umfrage zufolge 48 Prozent zufrieden. Beim Start der Regierung vor einem Jahr zeigten sich noch 55 Prozent zufrieden, vor der Landtagswahl 2024 kam Woidke auf 61 Prozent. Vize-Regierungschef und Finanzminister Robert Crumbach (BSW) erreicht in der aktuellen Befragung 14 Prozent Zufriedenheit.<\/p>\n<p>Nur vier von zehn Brandenburger kennen den m\u00f6glichen Woidke-Nachfolger<\/p>\n<p>Gefragt wurde auch nach Innenminister Ren\u00e9 Wilke (SPD) und Wirtschaftsminister Daniel Keller (SPD), die als Woidkes m\u00f6gliche Nachfolger gelten. Vier von zehn Befragten (39 Prozent) kennen Wilke, 20 Prozent sind mit seiner politischen Arbeit zufrieden. Keller ist 27 Prozent bekannt, neun Prozent \u00e4u\u00dferten sich zufrieden \u00fcber ihn.<\/p>\n<p>Wilke trat als parteiloser Ex-Oberb\u00fcrgermeister von Frankfurt (Oder) im Mai die Nachfolge von <a class=\"is-link c-block-items__link c-link--rich-text-renderer\" href=\"https:\/\/www.welt.de\/politik\/deutschland\/article256128216\/Umgang-mit-der-AfD-Geheimniskraemerei-moechte-ich-nicht-verantworten-Brandenburgs-Innenministerin-Lange-tritt-zurueck.html\" data-internal-tracking-enabled=\"true\" data-internal-tracking=\"{&quot;action&quot;:&quot;click&quot;,&quot;label&quot;:&quot;link&quot;,&quot;name&quot;:&quot;Inline Element&quot;,&quot;data&quot;:{&quot;source&quot;:&quot;&quot;,&quot;target&quot;:&quot;https:\/\/www.welt.de\/politik\/deutschland\/article256128216\/Umgang-mit-der-AfD-Geheimniskraemerei-moechte-ich-nicht-verantworten-Brandenburgs-Innenministerin-Lange-tritt-zurueck.html&quot;,&quot;trackingName&quot;:&quot;&quot;,&quot;trackingLabel&quot;:&quot;&quot;}}\" rel=\"nofollow noopener\" target=\"_blank\">Innenministerin Katrin Lange an, die im Streit um die Einstufung der AfD durch den Verfassungsschutz zur\u00fccktrat<\/a>. Vor kurzem trat Wilke in die SPD ein. Keller ist seit einem Jahr Wirtschaftsminister.<\/p>\n<p>Generell sind Wahlumfragen immer mit Unsicherheiten behaftet. Unter anderem erschweren nachlassende Parteibindungen und immer kurzfristigere Wahlentscheidungen den Meinungsforschungsinstituten die Gewichtung der erhobenen Daten. Grunds\u00e4tzlich spiegeln Umfragen nur das Meinungsbild zum Zeitpunkt der Befragung wider und sind keine Prognosen auf den Wahlausgang.<\/p>\n<p>dpa\/sebe<\/p>\n","protected":false},"excerpt":{"rendered":"Seit einem Jahr regieren SPD und BSW in Brandenburg. Bei den B\u00fcrgern schneidet das B\u00fcndnis schlecht ab \u2013&hellip;\n","protected":false},"author":2,"featured_media":638193,"comment_status":"","ping_status":"","sticky":false,"template":"","format":"standard","meta":{"footnotes":""},"categories":[5],"tags":[186,331,332,1890,40308,3364,29,44854,30,13,70546,14,15,110,12,12244],"class_list":{"0":"post-638192","1":"post","2":"type-post","3":"status-publish","4":"format-standard","5":"has-post-thumbnail","7":"category-nachrichten","8":"tag-afd","9":"tag-aktuelle-nachrichten","10":"tag-aktuelle-news","11":"tag-brandenburg","12":"tag-buendnis-sahra-wagenknecht-bsw","13":"tag-de","14":"tag-deutschland","15":"tag-dietmar","16":"tag-germany","17":"tag-headlines","18":"tag-landtagswahl-brandenburg","19":"tag-nachrichten","20":"tag-news","21":"tag-newsteam","22":"tag-schlagzeilen","23":"tag-woidke"},"share_on_mastodon":{"url":"https:\/\/pubeurope.com\/@de\/115698712110286776","error":""},"_links":{"self":[{"href":"https:\/\/www.europesays.com\/de\/wp-json\/wp\/v2\/posts\/638192","targetHints":{"allow":["GET"]}}],"collection":[{"href":"https:\/\/www.europesays.com\/de\/wp-json\/wp\/v2\/posts"}],"about":[{"href":"https:\/\/www.europesays.com\/de\/wp-json\/wp\/v2\/types\/post"}],"author":[{"embeddable":true,"href":"https:\/\/www.europesays.com\/de\/wp-json\/wp\/v2\/users\/2"}],"replies":[{"embeddable":true,"href":"https:\/\/www.europesays.com\/de\/wp-json\/wp\/v2\/comments?post=638192"}],"version-history":[{"count":0,"href":"https:\/\/www.europesays.com\/de\/wp-json\/wp\/v2\/posts\/638192\/revisions"}],"wp:featuredmedia":[{"embeddable":true,"href":"https:\/\/www.europesays.com\/de\/wp-json\/wp\/v2\/media\/638193"}],"wp:attachment":[{"href":"https:\/\/www.europesays.com\/de\/wp-json\/wp\/v2\/media?parent=638192"}],"wp:term":[{"taxonomy":"category","embeddable":true,"href":"https:\/\/www.europesays.com\/de\/wp-json\/wp\/v2\/categories?post=638192"},{"taxonomy":"post_tag","embeddable":true,"href":"https:\/\/www.europesays.com\/de\/wp-json\/wp\/v2\/tags?post=638192"}],"curies":[{"name":"wp","href":"https:\/\/api.w.org\/{rel}","templated":true}]}}